{"id":57587,"date":"2016-11-29T10:15:33","date_gmt":"2016-11-29T13:15:33","guid":{"rendered":"http:\/\/www.hoymercedes.com.ar\/principal\/?p=57587"},"modified":"2016-11-29T09:44:22","modified_gmt":"2016-11-29T12:44:22","slug":"en-fatal-accidente-muere-motociclista","status":"publish","type":"post","link":"https:\/\/www.hoymercedes.com.ar\/principal\/2016\/11\/29\/en-fatal-accidente-muere-motociclista\/","title":{"rendered":"En fatal accidente muere motociclista"},"content":{"rendered":"<p>En la medianoche del viernes se produjo un tr\u00e1gico accidente en calle 50 entre 29 y Rep\u00fablica de Chile. Un vecino de la ciudad iba a bordo de su motocicleta cuando \u2013 por causas que son materia de investigaci\u00f3n \u2013 colision\u00f3 con la parte trasera de una camioneta Peugeot 504 blanca que se encontrar\u00eda estacionada. Se trataba de Daniel Mart\u00ednez, un empleado municipal de 38 a\u00f1os.<\/p>\n<p>Seg\u00fan pudo conocerse, Mart\u00ednez iba camino a trabajar como sereno en el parque municipal Independencia, cuando ocurri\u00f3 la tragedia.<\/p>\n<p>Algunas versiones dan cuenta de que por alg\u00fan motivo perdi\u00f3 el control de la moto, de cilindrada 110 y golpe\u00f3 con la parte trasera del veh\u00edculo que se encontraba estacionado del lado derecho, en cercan\u00edas de una cancha de paddle. Y en la ca\u00edda se habr\u00eda golpeado la cabeza, ya que no llevaba casco colocado.<\/p>\n<p>La ambulancia arrib\u00f3 a los pocos minutos, siendo auxiliados por vecinos del lugar. Habr\u00eda estado consciente pero al poco tiempo de ingresar al hospital Blas L. Dubarry se descompens\u00f3 y falleci\u00f3 producto de un paro card\u00edaco.<\/p>\n<p>Cuando la polic\u00eda arrib\u00f3 al lugar encontr\u00f3 la moto arrojada en el suelo con rotura en una \u00f3ptica y un espejo retrovisor. Se realizaron algunas pericias y ambos veh\u00edculos quedaron incautados en el marco de la investigaci\u00f3n.<\/p>\n<p>Al cierre de esta edici\u00f3n se esperaba la autopsia al vecino para poder establecer las causales de muerte y una serie de pericias accidentol\u00f3gicas para determinar la mec\u00e1nica del accidente que le cost\u00f3 la vida al joven trabajador.<\/p>\n","protected":false},"excerpt":{"rendered":"<p>En la medianoche del viernes se produjo un tr\u00e1gico accidente en calle 50 entre 29 y Rep\u00fablica de Chile. Un &#8230; <a title=\"En fatal accidente muere motociclista\" class=\"read-more\" href=\"https:\/\/www.hoymercedes.com.ar\/principal\/2016\/11\/29\/en-fatal-accidente-muere-motociclista\/\" aria-label=\"Leer m\u00e1s sobre En fatal accidente muere motociclista\">Leer m\u00e1s<\/a><\/p>\n","protected":false},"author":1,"featured_media":41413,"comment_status":"closed","ping_status":"open","sticky":false,"template":"","format":"standard","meta":{"_monsterinsights_skip_tracking":false,"_monsterinsights_sitenote_active":false,"_monsterinsights_sitenote_note":"","_monsterinsights_sitenote_category":0,"jetpack_post_was_ever_published":false,"_jetpack_newsletter_access":"","_jetpack_dont_email_post_to_subs":false,"_jetpack_newsletter_tier_id":0,"_jetpack_memberships_contains_paywalled_content":false,"_jetpack_memberships_contains_paid_content":false,"footnotes":"","jetpack_publicize_message":"","jetpack_publicize_feature_enabled":true,"jetpack_social_post_already_shared":true,"jetpack_social_options":{"image_generator_settings":{"template":"highway","default_image_id":0,"font":"","enabled":false},"version":2},"_wpas_customize_per_network":false},"categories":[85],"tags":[],"class_list":["post-57587","post","type-post","status-publish","format-standard","has-post-thumbnail","hentry","category-policial","generate-columns","tablet-grid-50","mobile-grid-100","grid-parent","grid-50"],"jetpack_publicize_connections":[],"jetpack_featured_media_url":"https:\/\/www.hoymercedes.com.ar\/principal\/wp-content\/uploads\/2015\/05\/bonaerense-policia.jpg","wps_subtitle":"El viernes a la medianoche","jetpack_sharing_enabled":true,"_links":{"self":[{"href":"https:\/\/www.hoymercedes.com.ar\/principal\/wp-json\/wp\/v2\/posts\/57587","targetHints":{"allow":["GET"]}}],"collection":[{"href":"https:\/\/www.hoymercedes.com.ar\/principal\/wp-json\/wp\/v2\/posts"}],"about":[{"href":"https:\/\/www.hoymercedes.com.ar\/principal\/wp-json\/wp\/v2\/types\/post"}],"author":[{"embeddable":true,"href":"https:\/\/www.hoymercedes.com.ar\/principal\/wp-json\/wp\/v2\/users\/1"}],"replies":[{"embeddable":true,"href":"https:\/\/www.hoymercedes.com.ar\/principal\/wp-json\/wp\/v2\/comments?post=57587"}],"version-history":[{"count":0,"href":"https:\/\/www.hoymercedes.com.ar\/principal\/wp-json\/wp\/v2\/posts\/57587\/revisions"}],"wp:featuredmedia":[{"embeddable":true,"href":"https:\/\/www.hoymercedes.com.ar\/principal\/wp-json\/wp\/v2\/media\/41413"}],"wp:attachment":[{"href":"https:\/\/www.hoymercedes.com.ar\/principal\/wp-json\/wp\/v2\/media?parent=57587"}],"wp:term":[{"taxonomy":"category","embeddable":true,"href":"https:\/\/www.hoymercedes.com.ar\/principal\/wp-json\/wp\/v2\/categories?post=57587"},{"taxonomy":"post_tag","embeddable":true,"href":"https:\/\/www.hoymercedes.com.ar\/principal\/wp-json\/wp\/v2\/tags?post=57587"}],"curies":[{"name":"wp","href":"https:\/\/api.w.org\/{rel}","templated":true}]}}