{"id":5759,"date":"2011-07-23T23:42:42","date_gmt":"2011-07-23T23:42:42","guid":{"rendered":"http:\/\/www.hoymercedes.com.ar\/principal\/?p=5759"},"modified":"2011-07-23T23:42:42","modified_gmt":"2011-07-23T23:42:42","slug":"exitoso-viaje-de-alumnos-primarios-a-cordoba","status":"publish","type":"post","link":"https:\/\/www.hoymercedes.com.ar\/principal\/2011\/07\/23\/exitoso-viaje-de-alumnos-primarios-a-cordoba\/","title":{"rendered":"Exitoso viaje de alumnos primarios a C\u00f3rdoba"},"content":{"rendered":"<figure id=\"attachment_5761\" aria-describedby=\"caption-attachment-5761\" style=\"width: 290px\" class=\"wp-caption alignleft\"><a href=\"https:\/\/www.hoymercedes.com.ar\/principal\/wp-content\/uploads\/2011\/07\/cordoba-mercedinos.jpg\"><img loading=\"lazy\" decoding=\"async\" data-attachment-id=\"5761\" data-permalink=\"https:\/\/www.hoymercedes.com.ar\/principal\/2011\/07\/23\/exitoso-viaje-de-alumnos-primarios-a-cordoba\/cordoba-mercedinos\/#main\" data-orig-file=\"https:\/\/www.hoymercedes.com.ar\/principal\/wp-content\/uploads\/2011\/07\/cordoba-mercedinos.jpg\" data-orig-size=\"720,479\" data-comments-opened=\"1\" data-image-meta=\"{&quot;aperture&quot;:&quot;0&quot;,&quot;credit&quot;:&quot;&quot;,&quot;camera&quot;:&quot;&quot;,&quot;caption&quot;:&quot;&quot;,&quot;created_timestamp&quot;:&quot;0&quot;,&quot;copyright&quot;:&quot;&quot;,&quot;focal_length&quot;:&quot;0&quot;,&quot;iso&quot;:&quot;0&quot;,&quot;shutter_speed&quot;:&quot;0&quot;,&quot;title&quot;:&quot;&quot;}\" data-image-title=\"cordoba -mercedinos\" data-image-description=\"\" data-image-caption=\"&lt;p&gt;Mercedinos en C\u00f3rdoba&lt;\/p&gt;\n\" data-large-file=\"https:\/\/www.hoymercedes.com.ar\/principal\/wp-content\/uploads\/2011\/07\/cordoba-mercedinos.jpg\" class=\"size-medium wp-image-5761\" title=\"cordoba -mercedinos\" src=\"https:\/\/www.hoymercedes.com.ar\/principal\/wp-content\/uploads\/2011\/07\/cordoba-mercedinos-300x199.jpg\" alt=\"\" width=\"300\" height=\"199\" srcset=\"https:\/\/www.hoymercedes.com.ar\/principal\/wp-content\/uploads\/2011\/07\/cordoba-mercedinos-300x199.jpg 300w, https:\/\/www.hoymercedes.com.ar\/principal\/wp-content\/uploads\/2011\/07\/cordoba-mercedinos.jpg 720w\" sizes=\"auto, (max-width: 300px) 100vw, 300px\" \/><\/a><figcaption id=\"caption-attachment-5761\" class=\"wp-caption-text\">Mercedinos en C\u00f3rdoba<\/figcaption><\/figure>\n<p>Cerca de 100 estudiantes de las Escuelas Primaria N\u00b0 20 de Gowland y N\u00b0 30 partieron en micro hacia el complejo tur\u00edstico de Embalse R\u00edo Tercero en la provincia de C\u00f3rdoba, gracias a las gestiones realizadas por el Frente Mercedino.<\/p>\n<p>Gracias al trabajo realizado por la Comisi\u00f3n de Educaci\u00f3n del Frente Mercedino Para la Victoria, que lleva como candidato a intendente a Juan Ignacio Ustarroz, cerca de un centenar de alumnos de las Escuelas Primera N\u00ba20 de Gowlad y N\u00ba30 pasaron una semana de vacaciones en el complejo tur\u00edstico de Embalse R\u00edo Tercero, en C\u00f3rdoba.<\/p>\n<p>Los chicos pudieron gozar de unas merecidas vacaciones en las Sierras cordobesas durante 5 d\u00edas. All\u00ed pudieron disfrutar, junto a escuelas de Mendoza, San Juan, Jujuy, Entre R\u00edos y otras provincias de espect\u00e1culos de murga y circo. Cabe destacar que cada delegaci\u00f3n fue recibida por una pareja pedag\u00f3gica que estuvo a cargo del grupo y de algunas actividades.<\/p>\n<p>Por las noches hab\u00eda otro grupo de docentes llamados \u201cLos Nocheros\u201d que se encargaban de cualquier situaci\u00f3n que surgiera con los alumnos. Se hicieron variadas actividades como por ejemplo talleres de teatro, percusi\u00f3n, danza, biblioteca y pl\u00e1stica a cargo de talleristas especializados. Tambi\u00e9n hubo excursiones al Cerro Pestarini, al Mirador de Embalse y a la Usina Jorge Cassafouts. Por las ma\u00f1anas despu\u00e9s del desayuno y en las noches despu\u00e9s de la cena se les daba el \u201cBuen d\u00eda\u201d y el \u201cBuenas Noches\u201d a todos los chicos con variadas actividades, entre ellas bailes, representaciones, obras de teatros, recitales de rock, espect\u00e1culos circenses. Adem\u00e1s, participaron de una muestra cultural regional, donde cada delegaci\u00f3n expuso un stand con sus costumbres.<\/p>\n<p>P ara muchos fue la primera vez que salieron de la ciudad teniendo la posibilidad de conocer otras geograf\u00edas de nuestro hermoso pa\u00eds y la oportunidad de compartir con pares de otras regiones y culturas momentos de intercambio totalmente enriquecedor.<\/p>\n<p>Las escuelas volvieron el mi\u00e9rcoles 20 y se vivieron escenas de mucha emoci\u00f3n al reencontrarse los alumnos con sus familias. Todos llegaron muy contentos y agradecidos por haberles brindado la oportunidad de poder realizar este viaje que perdurar\u00e1 en el recuerdo.<\/p>\n<p>El jueves 14 de julio, alumnos y docentes de la escuela secundaria N\u00b0 7 y de la Escuela Secundaria B\u00e1sica N\u00b0 4 recorrieron durante todo el d\u00eda el circuito hist\u00f3rico de la ciudad de Buenos Aires.<\/p>\n<p>Con la coordinaci\u00f3n de gu\u00edas especialmente capacitados para la actividad, los chicos conocieron Casa de Gobierno, Plaza de Mayo, Puerto Madero, La Boca, entre otros lugares de la capital de nuestro pa\u00eds.<\/p>\n<p>Esta es otra de las tantas acciones realizadas por la Comisi\u00f3n de Educaci\u00f3n que acompa\u00f1a a Juan Ustarroz, integrado por profesionales del \u00e1rea como profesores, maestros, soci\u00f3logos y polit\u00f3logos que, desde su creaci\u00f3n, viene desarrollando una serie de actividades que tienen como meta principal garantizar una educaci\u00f3n inclusiva y de calidad, en consonancia con el objetivo del gobierno nacional.<\/p>\n<p>Desde el Frente se ha logrado articular con el Ministerio de Educaci\u00f3n de la Naci\u00f3n una serie de subsidios y entrega de materiales did\u00e1cticos a diferentes escuelas de la ciudad. El CEF N\u00b0 40 (polideportivo) recibi\u00f3 un subsidio por un monto de $ 10.000 para apalear algunos de los problemas edilicios que padece. Asimismo, se est\u00e1n gestionando y a la brevedad se informar\u00e1 sobre diez subsidios destinados a escuelas primarias, secundarias y nivel inicial, que oscilan entre los $ 5.000 y $ 10.000 cada uno.<\/p>\n<p>Por otra parte, a principios del mes de Junio se llevaron a cabo las Jornadas Educativas propiciadas por el Ministerio de Educaci\u00f3n de la Naci\u00f3n. Varias fueron las escuelas que concurrieron y cientos de alumnos y docentes de la ciudad de todos los niveles educativos tuvieron acceso a los talleres \u201dConectar Igualdad\u201d, obras de teatro, proyecci\u00f3n de la pel\u00edcula Belgrano y videos educativos del los canales Encuentro y Paka Paka. Todo ello bajo la coordinaci\u00f3n de un equipo de profesionales enviados por el Ministerio.<\/p>\n","protected":false},"excerpt":{"rendered":"<p>Cerca de 100 estudiantes de las Escuelas Primaria N\u00b0 20 de Gowland y N\u00b0 30 partieron en micro hacia el &#8230; <a title=\"Exitoso viaje de alumnos primarios a C\u00f3rdoba\" class=\"read-more\" href=\"https:\/\/www.hoymercedes.com.ar\/principal\/2011\/07\/23\/exitoso-viaje-de-alumnos-primarios-a-cordoba\/\" aria-label=\"Leer m\u00e1s sobre Exitoso viaje de alumnos primarios a C\u00f3rdoba\">Leer m\u00e1s<\/a><\/p>\n","protected":false},"author":1,"featured_media":0,"comment_status":"open","ping_status":"open","sticky":false,"template":"","format":"standard","meta":{"_monsterinsights_skip_tracking":false,"_monsterinsights_sitenote_active":false,"_monsterinsights_sitenote_note":"","_monsterinsights_sitenote_category":0,"jetpack_post_was_ever_published":false,"_jetpack_newsletter_access":"","_jetpack_dont_email_post_to_subs":false,"_jetpack_newsletter_tier_id":0,"_jetpack_memberships_contains_paywalled_content":false,"_jetpack_memberships_contains_paid_content":false,"footnotes":"","jetpack_publicize_message":"","jetpack_publicize_feature_enabled":true,"jetpack_social_post_already_shared":false,"jetpack_social_options":{"image_generator_settings":{"template":"highway","default_image_id":0,"font":"","enabled":false},"version":2},"_wpas_customize_per_network":false},"categories":[5],"tags":[1062,424],"class_list":["post-5759","post","type-post","status-publish","format-standard","hentry","category-politica","tag-mercedinos-en-cordoba","tag-ustarroz","generate-columns","tablet-grid-50","mobile-grid-100","grid-parent","grid-50"],"jetpack_publicize_connections":[],"jetpack_featured_media_url":"","wps_subtitle":"","jetpack_sharing_enabled":true,"_links":{"self":[{"href":"https:\/\/www.hoymercedes.com.ar\/principal\/wp-json\/wp\/v2\/posts\/5759","targetHints":{"allow":["GET"]}}],"collection":[{"href":"https:\/\/www.hoymercedes.com.ar\/principal\/wp-json\/wp\/v2\/posts"}],"about":[{"href":"https:\/\/www.hoymercedes.com.ar\/principal\/wp-json\/wp\/v2\/types\/post"}],"author":[{"embeddable":true,"href":"https:\/\/www.hoymercedes.com.ar\/principal\/wp-json\/wp\/v2\/users\/1"}],"replies":[{"embeddable":true,"href":"https:\/\/www.hoymercedes.com.ar\/principal\/wp-json\/wp\/v2\/comments?post=5759"}],"version-history":[{"count":0,"href":"https:\/\/www.hoymercedes.com.ar\/principal\/wp-json\/wp\/v2\/posts\/5759\/revisions"}],"wp:attachment":[{"href":"https:\/\/www.hoymercedes.com.ar\/principal\/wp-json\/wp\/v2\/media?parent=5759"}],"wp:term":[{"taxonomy":"category","embeddable":true,"href":"https:\/\/www.hoymercedes.com.ar\/principal\/wp-json\/wp\/v2\/categories?post=5759"},{"taxonomy":"post_tag","embeddable":true,"href":"https:\/\/www.hoymercedes.com.ar\/principal\/wp-json\/wp\/v2\/tags?post=5759"}],"curies":[{"name":"wp","href":"https:\/\/api.w.org\/{rel}","templated":true}]}}