{"id":57600,"date":"2016-12-01T19:46:07","date_gmt":"2016-12-01T22:46:07","guid":{"rendered":"http:\/\/www.hoymercedes.com.ar\/principal\/?p=57600"},"modified":"2016-11-29T20:44:00","modified_gmt":"2016-11-29T23:44:00","slug":"la-actualidad-de-los-mercedinos-de-la-legion","status":"publish","type":"post","link":"https:\/\/www.hoymercedes.com.ar\/principal\/2016\/12\/01\/la-actualidad-de-los-mercedinos-de-la-legion\/","title":{"rendered":"La actualidad de los mercedinos de La Legi\u00f3n"},"content":{"rendered":"<p><em><strong>El torneo de la B Nacional es el que m\u00e1s mercedinos tiene en la actualidad y la actualidad en sus clubes es dispar. Gonzalo P\u00e9rez qued\u00f3 fuera del banco de suplentes en el partido en el que Flandria perdi\u00f3 como local por 3 a 1 ante Instituto de C\u00f3rdoba, luego de haber tenido un buen pasar cuando jug\u00f3 parte del segundo tiempo en la derrota ante Argentinos Juniors en la fecha anterior.<\/strong><\/em><\/p>\n<p><img loading=\"lazy\" decoding=\"async\" data-attachment-id=\"57607\" data-permalink=\"https:\/\/www.hoymercedes.com.ar\/principal\/2016\/12\/01\/la-actualidad-de-los-mercedinos-de-la-legion\/nicolas-dematei-guillermo-brown-2-2\/#main\" data-orig-file=\"https:\/\/www.hoymercedes.com.ar\/principal\/wp-content\/uploads\/2016\/11\/nicolas-dematei-guillermo-brown-2.jpg\" data-orig-size=\"1400,1400\" data-comments-opened=\"0\" data-image-meta=\"{&quot;aperture&quot;:&quot;0&quot;,&quot;credit&quot;:&quot;&quot;,&quot;camera&quot;:&quot;&quot;,&quot;caption&quot;:&quot;&quot;,&quot;created_timestamp&quot;:&quot;0&quot;,&quot;copyright&quot;:&quot;&quot;,&quot;focal_length&quot;:&quot;0&quot;,&quot;iso&quot;:&quot;0&quot;,&quot;shutter_speed&quot;:&quot;0&quot;,&quot;title&quot;:&quot;&quot;,&quot;orientation&quot;:&quot;0&quot;}\" data-image-title=\"nicolas-dematei-guillermo-brown-2\" data-image-description=\"\" data-image-caption=\"\" data-large-file=\"https:\/\/www.hoymercedes.com.ar\/principal\/wp-content\/uploads\/2016\/11\/nicolas-dematei-guillermo-brown-2-1024x1024.jpg\" class=\"aligncenter size-medium wp-image-57607\" src=\"https:\/\/www.hoymercedes.com.ar\/principal\/wp-content\/uploads\/2016\/11\/nicolas-dematei-guillermo-brown-2-620x620.jpg\" alt=\"nicolas-dematei-guillermo-brown-2\" width=\"620\" height=\"620\" srcset=\"https:\/\/www.hoymercedes.com.ar\/principal\/wp-content\/uploads\/2016\/11\/nicolas-dematei-guillermo-brown-2-620x620.jpg 620w, https:\/\/www.hoymercedes.com.ar\/principal\/wp-content\/uploads\/2016\/11\/nicolas-dematei-guillermo-brown-2-150x150.jpg 150w, https:\/\/www.hoymercedes.com.ar\/principal\/wp-content\/uploads\/2016\/11\/nicolas-dematei-guillermo-brown-2-1024x1024.jpg 1024w, https:\/\/www.hoymercedes.com.ar\/principal\/wp-content\/uploads\/2016\/11\/nicolas-dematei-guillermo-brown-2.jpg 1400w\" sizes=\"auto, (max-width: 620px) 100vw, 620px\" \/><\/p>\n<p>Guillermo Brown de Puerto Madryn sigue siendo el l\u00edder de la segunda categor\u00eda del f\u00fatbol dom\u00e9stico y Nicol\u00e1s Dematei sigue como titular en el lateral izquierdo de la defensa del conjunto patag\u00f3nico tras la victoria por 3 a 1 ante Brown de Adrogu\u00e9 en condici\u00f3n de local.<\/p>\n<p>No se lleg\u00f3 a dar el duelo de mercedinos dentro de la cancha en el partido de Central C\u00f3rdoba de Santiago del Estero ante Estudiantes de San Luis. La victoria del puntano por 1 a 0 dej\u00f3 al conjunto santiague\u00f1o complicado en la zona baja de los promedios. Mart\u00edn Minadevino fue reemplazado a los 15 minutos del segundo tiempo en el conjunto del norte, mientras que Ignacio J\u00e1uregui entr\u00f3 a los 27 del complemento. Junto a Flandria, Central C\u00f3rdoba esta en la zona roja, mientras que Estudiantes toma aire.<\/p>\n<p>Leandro Filippini fue parte de la victoria de su equipo, Deportivo Madryn, pro 3 a 2 ante Villa Mitre, en un partido clave por la clasificaci\u00f3n. Con este triunfo, el cuadro chubutense est\u00e1 en puestos de clasificaci\u00f3n a la siguiente instancia, con 22 puntos, a uno de Cipolletti, mientras que los bahienses quedaron terceros con 21.<\/p>\n<p>En el partido de ida por una de las semifinales del Ascenso 2 del Torneo Federal \u00abB\u201d, el domingo por la tarde en el estadio \u00abRa\u00fal Orlando Lungarzo\u201d del Club Atl\u00e9tico Independiente, el local y Atl\u00e9tico Camioneros empataron uno a uno. La apertura del marcador se registr\u00f3 a los 30 minutos del primer tiempo por intermedio de Jonathan Pacheco, mientras que el empate lo consigui\u00f3 Camioneros a los 26 minutos del segundo, a trav\u00e9s de un tiro libre ejecutado por Alexis Cabrera. Thom\u00e1s Schenone fue titular en la defensa chivilcoyana, mientras que Dar\u00edo Gianaschi permaneci\u00f3 en el banco.<\/p>\n<p>Por el torneo de Chivilcoy, los dos goles de Diego Ludue\u00f1a no le alcanzaron a Deportivo Pellegrini para avanzar ya que perdi\u00f3 5 a 2 ante Social Moquehu\u00e1. Mientras que el Hurac\u00e1n de los mercedinos Miguel Maldonado, Ra\u00fal Quintana y Daniel Ort\u00edz, derrot\u00f3 2 a 1 a Gimnasia y Esgrima, \u00faltimo campe\u00f3n del torneo de Primera de esa localidad. Ahora se medir\u00e1 ante C\u00f3l\u00f3n, que elimin\u00f3 a Cer\u00e1mica Argentina por 1 a 0 y \u00e9ste tendr\u00e1 ventaja deportiva por la semifinal del torneo. Diego Ludue\u00f1a, con 12 gritos, qued\u00f3 como el segundo goleador del torneo, detr\u00e1s de Cristopher Torres, de Col\u00f3n, que lleva 17.<\/p>\n<p>En Italia, Sampdoria, con Mat\u00edas Silvestre entre los titulares, empat\u00f3 1 a 1 con el humilde Crotone, uno de los candidatos a descender y qued\u00f3 en el puesto 11 con 19 puntos. Lazio, por su parte, con Lucas Biglia como capit\u00e1n, derrot\u00f3 1 a 0 al colista Palermo y est\u00e1 cuarto, con 28, a cinco del l\u00edder Juventus.<\/p>\n<p>En Espa\u00f1a, Mallorca perdi\u00f3 1 a 0 como visitante del Elche y no pudo seguir cerca de los puestos de ascenso. Juan Culio fue titular y jug\u00f3 los 90 minutos. Tras la derrota, su equipo qued\u00f3 13\u00b0 con 19 unidades, a 4 del Oviedo, el \u00faltimo de los que est\u00e1 en puestos de clasificaci\u00f3n.<\/p>\n<p>Por \u00faltimo, en Malta, Santiago Malano empat\u00f3 en cero con su equipo, el Valletta FC ante Mosta y sigue tercero en el torneo de su pa\u00eds, a cinco del l\u00edder Balzan, que tiene 30.<\/p>\n","protected":false},"excerpt":{"rendered":"<p>El torneo de la B Nacional es el que m\u00e1s mercedinos tiene en la actualidad y la actualidad en sus &#8230; <a title=\"La actualidad de los mercedinos de La Legi\u00f3n\" class=\"read-more\" href=\"https:\/\/www.hoymercedes.com.ar\/principal\/2016\/12\/01\/la-actualidad-de-los-mercedinos-de-la-legion\/\" aria-label=\"Leer m\u00e1s sobre La actualidad de los mercedinos de La Legi\u00f3n\">Leer m\u00e1s<\/a><\/p>\n","protected":false},"author":1,"featured_media":0,"comment_status":"closed","ping_status":"open","sticky":false,"template":"","format":"standard","meta":{"_monsterinsights_skip_tracking":false,"_monsterinsights_sitenote_active":false,"_monsterinsights_sitenote_note":"","_monsterinsights_sitenote_category":0,"jetpack_post_was_ever_published":false,"_jetpack_newsletter_access":"","_jetpack_dont_email_post_to_subs":false,"_jetpack_newsletter_tier_id":0,"_jetpack_memberships_contains_paywalled_content":false,"_jetpack_memberships_contains_paid_content":false,"footnotes":"","jetpack_publicize_message":"","jetpack_publicize_feature_enabled":true,"jetpack_social_post_already_shared":true,"jetpack_social_options":{"image_generator_settings":{"template":"highway","default_image_id":0,"font":"","enabled":false},"version":2},"_wpas_customize_per_network":false},"categories":[21],"tags":[],"class_list":["post-57600","post","type-post","status-publish","format-standard","hentry","category-deportes","generate-columns","tablet-grid-50","mobile-grid-100","grid-parent","grid-50"],"jetpack_publicize_connections":[],"jetpack_featured_media_url":"","wps_subtitle":"Ascenso y Exterior","jetpack_sharing_enabled":true,"_links":{"self":[{"href":"https:\/\/www.hoymercedes.com.ar\/principal\/wp-json\/wp\/v2\/posts\/57600","targetHints":{"allow":["GET"]}}],"collection":[{"href":"https:\/\/www.hoymercedes.com.ar\/principal\/wp-json\/wp\/v2\/posts"}],"about":[{"href":"https:\/\/www.hoymercedes.com.ar\/principal\/wp-json\/wp\/v2\/types\/post"}],"author":[{"embeddable":true,"href":"https:\/\/www.hoymercedes.com.ar\/principal\/wp-json\/wp\/v2\/users\/1"}],"replies":[{"embeddable":true,"href":"https:\/\/www.hoymercedes.com.ar\/principal\/wp-json\/wp\/v2\/comments?post=57600"}],"version-history":[{"count":0,"href":"https:\/\/www.hoymercedes.com.ar\/principal\/wp-json\/wp\/v2\/posts\/57600\/revisions"}],"wp:attachment":[{"href":"https:\/\/www.hoymercedes.com.ar\/principal\/wp-json\/wp\/v2\/media?parent=57600"}],"wp:term":[{"taxonomy":"category","embeddable":true,"href":"https:\/\/www.hoymercedes.com.ar\/principal\/wp-json\/wp\/v2\/categories?post=57600"},{"taxonomy":"post_tag","embeddable":true,"href":"https:\/\/www.hoymercedes.com.ar\/principal\/wp-json\/wp\/v2\/tags?post=57600"}],"curies":[{"name":"wp","href":"https:\/\/api.w.org\/{rel}","templated":true}]}}