{"id":57609,"date":"2016-11-30T08:59:14","date_gmt":"2016-11-30T11:59:14","guid":{"rendered":"http:\/\/www.hoymercedes.com.ar\/principal\/?p=57609"},"modified":"2016-11-30T08:59:14","modified_gmt":"2016-11-30T11:59:14","slug":"firmaron-convenio-en-beneficio-y-defensa-de-los-consumidores","status":"publish","type":"post","link":"https:\/\/www.hoymercedes.com.ar\/principal\/2016\/11\/30\/firmaron-convenio-en-beneficio-y-defensa-de-los-consumidores\/","title":{"rendered":"Firmaron convenio en beneficio y defensa de los consumidores"},"content":{"rendered":"<p>&nbsp;<\/p>\n<p>Durante la ma\u00f1ana de este martes el intendente Juan Ustarroz firm\u00f3 un convenio con la Direcci\u00f3n Nacional de Defensa del Consumidor representada por su m\u00e1ximo responsable, Fernando Blanco Mui\u00f1o. La r\u00fabrica se llev\u00f3 a cabo en el recinto del Concejo Deliberante.<\/p>\n<p>Se trata de un convenio de vinculaci\u00f3n profesional y t\u00e9cnica que permitir\u00e1 actuar en diversos planos, desde asesoramiento a charlas o defensas en conjunto. Luego de un mes de intensas tratativas por parte de nuestra Oficina de Defensa del Consumidor de Mercedes y conjuntamente con el Colegio de Abogados del Departamento Judicial Mercedes se arrib\u00f3 al acuerdo que ahora se enmarca en la institucionalidad plena.<\/p>\n<p><img loading=\"lazy\" decoding=\"async\" data-attachment-id=\"57610\" data-permalink=\"https:\/\/www.hoymercedes.com.ar\/principal\/2016\/11\/30\/firmaron-convenio-en-beneficio-y-defensa-de-los-consumidores\/30-firma-consumidores\/#main\" data-orig-file=\"https:\/\/www.hoymercedes.com.ar\/principal\/wp-content\/uploads\/2016\/11\/30-firma-consumidores.jpg\" data-orig-size=\"630,420\" data-comments-opened=\"0\" data-image-meta=\"{&quot;aperture&quot;:&quot;5.3&quot;,&quot;credit&quot;:&quot;&quot;,&quot;camera&quot;:&quot;NIKON D3100&quot;,&quot;caption&quot;:&quot;&quot;,&quot;created_timestamp&quot;:&quot;1480421995&quot;,&quot;copyright&quot;:&quot;&quot;,&quot;focal_length&quot;:&quot;42&quot;,&quot;iso&quot;:&quot;3200&quot;,&quot;shutter_speed&quot;:&quot;0.016666666666667&quot;,&quot;title&quot;:&quot;&quot;,&quot;orientation&quot;:&quot;1&quot;}\" data-image-title=\"30-firma-consumidores\" data-image-description=\"\" data-image-caption=\"\" data-large-file=\"https:\/\/www.hoymercedes.com.ar\/principal\/wp-content\/uploads\/2016\/11\/30-firma-consumidores.jpg\" class=\"aligncenter size-medium wp-image-57610\" src=\"https:\/\/www.hoymercedes.com.ar\/principal\/wp-content\/uploads\/2016\/11\/30-firma-consumidores-630x420.jpg\" alt=\"30-firma-consumidores\" width=\"630\" height=\"420\" srcset=\"https:\/\/www.hoymercedes.com.ar\/principal\/wp-content\/uploads\/2016\/11\/30-firma-consumidores.jpg 630w, https:\/\/www.hoymercedes.com.ar\/principal\/wp-content\/uploads\/2016\/11\/30-firma-consumidores-150x100.jpg 150w, https:\/\/www.hoymercedes.com.ar\/principal\/wp-content\/uploads\/2016\/11\/30-firma-consumidores-300x200.jpg 300w\" sizes=\"auto, (max-width: 630px) 100vw, 630px\" \/><\/p>\n<p>Juan Ignacio Ustarroz remarc\u00f3 la importancia de \u201ceste tipo de acuerdos que genera m\u00e1s y mejor trabajo en pos de defender los derechos de nuestros vecinos, tal como lo venimos haciendo y lo seguiremos y como ha quedado claro. Ahora damos un paso m\u00e1s generando este importante v\u00ednculo institucional con la Direcci\u00f3n de Defensa del Consumidor de la Naci\u00f3n que depende de la Secretar\u00eda de Comercio\u201d, coment\u00f3 el intendente quien tambi\u00e9n agradeci\u00f3 \u201cla presencia de Fernando Blanco Mui\u00f1o quien se acerc\u00f3 a nuestra ciudad para que hoy podamos decir subimos un escal\u00f3n m\u00e1s en la defensa de los consumidores\u201d.<\/p>\n<p>Por su parte el Director Nacional destac\u00f3 la tarea realizada en nuestra ciudad y la val\u00eda que tiene este tipo de convenios que no son meras formalidades sino que dan herramientas para actuar en el terreno concreto de la defensa de los derechos. \u201cConsumidores somos todos\u201d comentaba el funcionario nacional a la hora de expresar lo global del tema.<\/p>\n<p>Para Mart\u00edn Boragno, responsable de la oficina local rescat\u00f3 que \u201ces un cierre del a\u00f1o excelente, de mucho trabajo, para seguir defendiendo a todos los mercedinos\u201d.<\/p>\n<p>La actividad permiti\u00f3 la firma del convenio entre el Municipio y la Direcci\u00f3n Nacional y luego entre \u00e9sta y el Colegio de Abogados.<\/p>\n<p>Hubo presencia de ediles, de Fernando Florella por parte de la Defensor\u00eda del Pueblo a nivel local, Mat\u00edas Maresca, Juez de Faltas, el\u00a0Dr. Mateo Laborde, Presiente del Colegio de Abogados\u00a0y de los referentes del OMIC y la participaci\u00f3n de los referentes nacionales.<\/p>\n<p>&nbsp;<\/p>\n<p>Fuente: Prensa Municipal<\/p>\n","protected":false},"excerpt":{"rendered":"<p>&nbsp; Durante la ma\u00f1ana de este martes el intendente Juan Ustarroz firm\u00f3 un convenio con la Direcci\u00f3n Nacional de Defensa &#8230; <a title=\"Firmaron convenio en beneficio y defensa de los consumidores\" class=\"read-more\" href=\"https:\/\/www.hoymercedes.com.ar\/principal\/2016\/11\/30\/firmaron-convenio-en-beneficio-y-defensa-de-los-consumidores\/\" aria-label=\"Leer m\u00e1s sobre Firmaron convenio en beneficio y defensa de los consumidores\">Leer m\u00e1s<\/a><\/p>\n","protected":false},"author":1,"featured_media":57610,"comment_status":"closed","ping_status":"open","sticky":false,"template":"","format":"standard","meta":{"_monsterinsights_skip_tracking":false,"_monsterinsights_sitenote_active":false,"_monsterinsights_sitenote_note":"","_monsterinsights_sitenote_category":0,"jetpack_post_was_ever_published":false,"_jetpack_newsletter_access":"","_jetpack_dont_email_post_to_subs":false,"_jetpack_newsletter_tier_id":0,"_jetpack_memberships_contains_paywalled_content":false,"_jetpack_memberships_contains_paid_content":false,"footnotes":"","jetpack_publicize_message":"","jetpack_publicize_feature_enabled":true,"jetpack_social_post_already_shared":true,"jetpack_social_options":{"image_generator_settings":{"template":"highway","default_image_id":0,"font":"","enabled":false},"version":2},"_wpas_customize_per_network":false},"categories":[30],"tags":[9685,9504,244],"class_list":["post-57609","post","type-post","status-publish","format-standard","has-post-thumbnail","hentry","category-municipio","tag-consumidores","tag-convenio","tag-municipio-2","generate-columns","tablet-grid-50","mobile-grid-100","grid-parent","grid-50"],"jetpack_publicize_connections":[],"jetpack_featured_media_url":"https:\/\/www.hoymercedes.com.ar\/principal\/wp-content\/uploads\/2016\/11\/30-firma-consumidores.jpg","wps_subtitle":"La Direcci\u00f3n Nacional y el Municipio","jetpack_sharing_enabled":true,"_links":{"self":[{"href":"https:\/\/www.hoymercedes.com.ar\/principal\/wp-json\/wp\/v2\/posts\/57609","targetHints":{"allow":["GET"]}}],"collection":[{"href":"https:\/\/www.hoymercedes.com.ar\/principal\/wp-json\/wp\/v2\/posts"}],"about":[{"href":"https:\/\/www.hoymercedes.com.ar\/principal\/wp-json\/wp\/v2\/types\/post"}],"author":[{"embeddable":true,"href":"https:\/\/www.hoymercedes.com.ar\/principal\/wp-json\/wp\/v2\/users\/1"}],"replies":[{"embeddable":true,"href":"https:\/\/www.hoymercedes.com.ar\/principal\/wp-json\/wp\/v2\/comments?post=57609"}],"version-history":[{"count":0,"href":"https:\/\/www.hoymercedes.com.ar\/principal\/wp-json\/wp\/v2\/posts\/57609\/revisions"}],"wp:featuredmedia":[{"embeddable":true,"href":"https:\/\/www.hoymercedes.com.ar\/principal\/wp-json\/wp\/v2\/media\/57610"}],"wp:attachment":[{"href":"https:\/\/www.hoymercedes.com.ar\/principal\/wp-json\/wp\/v2\/media?parent=57609"}],"wp:term":[{"taxonomy":"category","embeddable":true,"href":"https:\/\/www.hoymercedes.com.ar\/principal\/wp-json\/wp\/v2\/categories?post=57609"},{"taxonomy":"post_tag","embeddable":true,"href":"https:\/\/www.hoymercedes.com.ar\/principal\/wp-json\/wp\/v2\/tags?post=57609"}],"curies":[{"name":"wp","href":"https:\/\/api.w.org\/{rel}","templated":true}]}}