{"id":57612,"date":"2016-11-30T14:01:19","date_gmt":"2016-11-30T17:01:19","guid":{"rendered":"http:\/\/www.hoymercedes.com.ar\/principal\/?p=57612"},"modified":"2016-11-30T13:29:28","modified_gmt":"2016-11-30T16:29:28","slug":"iniciaron-plan-integral-de-bacheo","status":"publish","type":"post","link":"https:\/\/www.hoymercedes.com.ar\/principal\/2016\/11\/30\/iniciaron-plan-integral-de-bacheo\/","title":{"rendered":"Iniciaron plan integral de bacheo"},"content":{"rendered":"<p>Durante las \u00faltimas jornadas, una m\u00e1quina de \u00faltima tecnolog\u00eda empez\u00f3 el plan integral de bacheo que la gesti\u00f3n municipal acaba de lanzar. En los d\u00edas que lleva trabajando ya bache\u00f3 cerca de 400 metros cuadrados.<\/p>\n<p>Se inici\u00f3 el plan de bacheo de zonas que estaban ya estudiadas y detectadas, sin con ello desconocer que hay otros lugares que requieren atenci\u00f3n y se les ir\u00e1 dando progresivamente la respectiva respuesta. La idea es cubrir todo el espacio de la ciudad con un plan integral que va en etapas y que incluye la disponibilidad de la bacheadora especialmente alquilada.<\/p>\n<p>Se trata del equipo m\u00e1s innovador y eficiente del mercado en lo que respecta a las metodolog\u00edas de bacheo existentes en todo el mundo. Es una m\u00e1quina de origen canadiense. Este equipo repara una dimensi\u00f3n de 1 metro cuadrado en s\u00f3lo cuesti\u00f3n de minutos, mientras que la reparaci\u00f3n tradicional puede tardar un d\u00eda entero y la reparaci\u00f3n con este equipo tiene una durabilidad promedio de 3 veces mayor que la reparaci\u00f3n con los m\u00e9todos convencionales ya que cuenta con una presi\u00f3n de compactaci\u00f3n de 10 toneladas.<\/p>\n<p>Con este equipo no es necesario contar con una cuadrilla de 6 a 8 operarios y pr\u00e1cticamente no es necesario bajar en ning\u00fan momento del veh\u00edculo resguardando la seguridad de los operarios y de los peatones. Toda la operaci\u00f3n es controlada desde un joystick desde una confortable cabina computarizada.<\/p>\n<p>Dada la tecnolog\u00eda que utiliza, que como pudieron ver los vecinos, pr\u00e1cticamente corta el tr\u00e1nsito por s\u00f3lo unos minutos. En su proceso limpia el bache con un chorro de aire comprimido, aplica el adherente, coloca el asfalto caliente o frio, descarga la cantidad exacta de asfalto requerido, compacta la mezcla obteniendo una reparaci\u00f3n sumamente eficiente y duradera y de esa forma el transito puede circular inmediatamente despu\u00e9s de la reparaci\u00f3n.<\/p>\n<p>&nbsp;<\/p>\n<p>Fuente: Prensa Municipal<\/p>\n<p>&nbsp;<\/p>\n","protected":false},"excerpt":{"rendered":"<p>Durante las \u00faltimas jornadas, una m\u00e1quina de \u00faltima tecnolog\u00eda empez\u00f3 el plan integral de bacheo que la gesti\u00f3n municipal acaba &#8230; <a title=\"Iniciaron plan integral de bacheo\" class=\"read-more\" href=\"https:\/\/www.hoymercedes.com.ar\/principal\/2016\/11\/30\/iniciaron-plan-integral-de-bacheo\/\" aria-label=\"Leer m\u00e1s sobre Iniciaron plan integral de bacheo\">Leer m\u00e1s<\/a><\/p>\n","protected":false},"author":1,"featured_media":57613,"comment_status":"closed","ping_status":"open","sticky":false,"template":"","format":"standard","meta":{"_monsterinsights_skip_tracking":false,"_monsterinsights_sitenote_active":false,"_monsterinsights_sitenote_note":"","_monsterinsights_sitenote_category":0,"jetpack_post_was_ever_published":false,"_jetpack_newsletter_access":"","_jetpack_dont_email_post_to_subs":false,"_jetpack_newsletter_tier_id":0,"_jetpack_memberships_contains_paywalled_content":false,"_jetpack_memberships_contains_paid_content":false,"footnotes":"","jetpack_publicize_message":"","jetpack_publicize_feature_enabled":true,"jetpack_social_post_already_shared":true,"jetpack_social_options":{"image_generator_settings":{"template":"highway","default_image_id":0,"font":"","enabled":false},"version":2},"_wpas_customize_per_network":false},"categories":[30],"tags":[10279,244],"class_list":["post-57612","post","type-post","status-publish","format-standard","has-post-thumbnail","hentry","category-municipio","tag-bacheo","tag-municipio-2","generate-columns","tablet-grid-50","mobile-grid-100","grid-parent","grid-50"],"jetpack_publicize_connections":[],"jetpack_featured_media_url":"https:\/\/www.hoymercedes.com.ar\/principal\/wp-content\/uploads\/2016\/11\/30-bacheo.jpg","wps_subtitle":"En distintos puntos de la ciudad","jetpack_sharing_enabled":true,"_links":{"self":[{"href":"https:\/\/www.hoymercedes.com.ar\/principal\/wp-json\/wp\/v2\/posts\/57612","targetHints":{"allow":["GET"]}}],"collection":[{"href":"https:\/\/www.hoymercedes.com.ar\/principal\/wp-json\/wp\/v2\/posts"}],"about":[{"href":"https:\/\/www.hoymercedes.com.ar\/principal\/wp-json\/wp\/v2\/types\/post"}],"author":[{"embeddable":true,"href":"https:\/\/www.hoymercedes.com.ar\/principal\/wp-json\/wp\/v2\/users\/1"}],"replies":[{"embeddable":true,"href":"https:\/\/www.hoymercedes.com.ar\/principal\/wp-json\/wp\/v2\/comments?post=57612"}],"version-history":[{"count":0,"href":"https:\/\/www.hoymercedes.com.ar\/principal\/wp-json\/wp\/v2\/posts\/57612\/revisions"}],"wp:featuredmedia":[{"embeddable":true,"href":"https:\/\/www.hoymercedes.com.ar\/principal\/wp-json\/wp\/v2\/media\/57613"}],"wp:attachment":[{"href":"https:\/\/www.hoymercedes.com.ar\/principal\/wp-json\/wp\/v2\/media?parent=57612"}],"wp:term":[{"taxonomy":"category","embeddable":true,"href":"https:\/\/www.hoymercedes.com.ar\/principal\/wp-json\/wp\/v2\/categories?post=57612"},{"taxonomy":"post_tag","embeddable":true,"href":"https:\/\/www.hoymercedes.com.ar\/principal\/wp-json\/wp\/v2\/tags?post=57612"}],"curies":[{"name":"wp","href":"https:\/\/api.w.org\/{rel}","templated":true}]}}