{"id":577,"date":"2010-11-23T20:56:10","date_gmt":"2010-11-23T20:56:10","guid":{"rendered":"http:\/\/www.hoymercedes.com.ar\/principal\/?p=577"},"modified":"2010-11-23T20:56:10","modified_gmt":"2010-11-23T20:56:10","slug":"detienen-a-mercedinos-con-elementos-robados","status":"publish","type":"post","link":"https:\/\/www.hoymercedes.com.ar\/principal\/2010\/11\/23\/detienen-a-mercedinos-con-elementos-robados\/","title":{"rendered":"Detienen a mercedinos con elementos robados"},"content":{"rendered":"<p style=\"text-align: justify;\">A ra\u00edz de un hecho delictivo ocurrido por Hurto el pasado 18 del cte, los efectivos policiales pertenecientes al Servicio Externo de la Estaci\u00f3n Comunal Mercedes en la jornada de este Lunes alrededor del mediod\u00eda y abocados a tareas de investigaci\u00f3n y de algunos testimonios recabados establecen que el autor no seria ajeno un sujeto de 21 a\u00f1os de edad oriundo y domiciliado en esta Ciudad.<\/p>\n<p style=\"text-align: justify;\">Es axial que en un galp\u00f3n propiedad del sujeto investigado hallan\u00a0 algunos de los elementos sustra\u00eddos, incaut\u00e1ndose dos televisores los que posteriormente son exhibidos al denunciante y que\u00a0 reconoce como de su propiedad y la acredita mediante documentaci\u00f3n, por lo que se procedi\u00f3 en el lugar a la aprehensi\u00f3n de este individuo.<\/p>\n<p style=\"text-align: justify;\">Por estas horas la investigaci\u00f3n prosigue ya que se intentar\u00eda dar con otra persona que habr\u00eda actuado con este delincuente.<\/p>\n<p style=\"text-align: justify;\">Interviene\u00a0 la U.F.I. n\u00ba 6, del Dpto Judicial Mercedes en causa: \u201cEsclarecimiento por Hurto y Aprehensi\u00f3n\u201d.<\/p>\n","protected":false},"excerpt":{"rendered":"<p>A ra\u00edz de un hecho delictivo ocurrido por Hurto el pasado 18 del cte, los efectivos policiales pertenecientes al Servicio &#8230; <a title=\"Detienen a mercedinos con elementos robados\" class=\"read-more\" href=\"https:\/\/www.hoymercedes.com.ar\/principal\/2010\/11\/23\/detienen-a-mercedinos-con-elementos-robados\/\" aria-label=\"Leer m\u00e1s sobre Detienen a mercedinos con elementos robados\">Leer m\u00e1s<\/a><\/p>\n","protected":false},"author":1,"featured_media":0,"comment_status":"open","ping_status":"open","sticky":false,"template":"","format":"standard","meta":{"_monsterinsights_skip_tracking":false,"_monsterinsights_sitenote_active":false,"_monsterinsights_sitenote_note":"","_monsterinsights_sitenote_category":0,"jetpack_post_was_ever_published":false,"_jetpack_newsletter_access":"","_jetpack_dont_email_post_to_subs":false,"_jetpack_newsletter_tier_id":0,"_jetpack_memberships_contains_paywalled_content":false,"_jetpack_memberships_contains_paid_content":false,"footnotes":"","jetpack_publicize_message":"","jetpack_publicize_feature_enabled":true,"jetpack_social_post_already_shared":false,"jetpack_social_options":{"image_generator_settings":{"template":"highway","default_image_id":0,"font":"","enabled":false},"version":2},"_wpas_customize_per_network":false},"categories":[85],"tags":[],"class_list":["post-577","post","type-post","status-publish","format-standard","hentry","category-policial","generate-columns","tablet-grid-50","mobile-grid-100","grid-parent","grid-50"],"jetpack_publicize_connections":[],"jetpack_featured_media_url":"","wps_subtitle":"","jetpack_sharing_enabled":true,"_links":{"self":[{"href":"https:\/\/www.hoymercedes.com.ar\/principal\/wp-json\/wp\/v2\/posts\/577","targetHints":{"allow":["GET"]}}],"collection":[{"href":"https:\/\/www.hoymercedes.com.ar\/principal\/wp-json\/wp\/v2\/posts"}],"about":[{"href":"https:\/\/www.hoymercedes.com.ar\/principal\/wp-json\/wp\/v2\/types\/post"}],"author":[{"embeddable":true,"href":"https:\/\/www.hoymercedes.com.ar\/principal\/wp-json\/wp\/v2\/users\/1"}],"replies":[{"embeddable":true,"href":"https:\/\/www.hoymercedes.com.ar\/principal\/wp-json\/wp\/v2\/comments?post=577"}],"version-history":[{"count":0,"href":"https:\/\/www.hoymercedes.com.ar\/principal\/wp-json\/wp\/v2\/posts\/577\/revisions"}],"wp:attachment":[{"href":"https:\/\/www.hoymercedes.com.ar\/principal\/wp-json\/wp\/v2\/media?parent=577"}],"wp:term":[{"taxonomy":"category","embeddable":true,"href":"https:\/\/www.hoymercedes.com.ar\/principal\/wp-json\/wp\/v2\/categories?post=577"},{"taxonomy":"post_tag","embeddable":true,"href":"https:\/\/www.hoymercedes.com.ar\/principal\/wp-json\/wp\/v2\/tags?post=577"}],"curies":[{"name":"wp","href":"https:\/\/api.w.org\/{rel}","templated":true}]}}