{"id":57704,"date":"2016-12-02T19:58:47","date_gmt":"2016-12-02T22:58:47","guid":{"rendered":"http:\/\/www.hoymercedes.com.ar\/principal\/?p=57704"},"modified":"2016-12-02T20:10:18","modified_gmt":"2016-12-02T23:10:18","slug":"ferrari-encabezo-el-egreso-de-200-internosestudiantes-de-la-unidad-5","status":"publish","type":"post","link":"https:\/\/www.hoymercedes.com.ar\/principal\/2016\/12\/02\/ferrari-encabezo-el-egreso-de-200-internosestudiantes-de-la-unidad-5\/","title":{"rendered":"Ferrari encabez\u00f3 el egreso de 200 internos\/estudiantes de la Unidad 5"},"content":{"rendered":"<p>El ministro de Justicia, Gustavo Ferrari, encabez\u00f3 hoy la entrega de certificaciones a 200 internos que egresaron de distintos Cursos de Formaci\u00f3n Profesional, que se dictan en la Unidad Penal 5 de la localidad de Mercedes, y dej\u00f3 inauguradas nuevas aulas de estudio en esa unidad penitenciaria en las que se brindan clases de formaci\u00f3n Profesional e informal. <a href=\"https:\/\/www.facebook.com\/Hoy-Mercedes-339192141322\/photos\/?tab=album&amp;album_id=10154791218356323\" target=\"_blank\" rel=\"noopener\">VER M\u00c1S FOTOS<\/a><\/p>\n<p><img loading=\"lazy\" decoding=\"async\" data-attachment-id=\"57712\" data-permalink=\"https:\/\/www.hoymercedes.com.ar\/principal\/2016\/12\/02\/provincia-y-municipio-crean-centro-de-asistencia-a-victimas-y-acceso-a-justicia\/02-ferrari-15-copia\/#main\" data-orig-file=\"https:\/\/www.hoymercedes.com.ar\/principal\/wp-content\/uploads\/2016\/12\/02-ferrari-15-copia.jpg\" data-orig-size=\"630,420\" data-comments-opened=\"0\" data-image-meta=\"{&quot;aperture&quot;:&quot;4&quot;,&quot;credit&quot;:&quot;&quot;,&quot;camera&quot;:&quot;NIKON D3100&quot;,&quot;caption&quot;:&quot;????????????????????????????????????&quot;,&quot;created_timestamp&quot;:&quot;1480683762&quot;,&quot;copyright&quot;:&quot;&quot;,&quot;focal_length&quot;:&quot;22&quot;,&quot;iso&quot;:&quot;280&quot;,&quot;shutter_speed&quot;:&quot;0.008&quot;,&quot;title&quot;:&quot;&quot;,&quot;orientation&quot;:&quot;1&quot;}\" data-image-title=\"02-ferrari-15-copia\" data-image-description=\"\" data-image-caption=\"\" data-large-file=\"https:\/\/www.hoymercedes.com.ar\/principal\/wp-content\/uploads\/2016\/12\/02-ferrari-15-copia.jpg\" class=\"aligncenter size-medium wp-image-57712\" src=\"https:\/\/www.hoymercedes.com.ar\/principal\/wp-content\/uploads\/2016\/12\/02-ferrari-15-copia-630x420.jpg\" alt=\"02-ferrari-15-copia\" width=\"630\" height=\"420\" srcset=\"https:\/\/www.hoymercedes.com.ar\/principal\/wp-content\/uploads\/2016\/12\/02-ferrari-15-copia.jpg 630w, https:\/\/www.hoymercedes.com.ar\/principal\/wp-content\/uploads\/2016\/12\/02-ferrari-15-copia-150x100.jpg 150w, https:\/\/www.hoymercedes.com.ar\/principal\/wp-content\/uploads\/2016\/12\/02-ferrari-15-copia-300x200.jpg 300w\" sizes=\"auto, (max-width: 630px) 100vw, 630px\" \/><\/p>\n<p>Ferrari destac\u00f3 los diferentes cursos que se implementan que permiten a los internos \u201cincorporar m\u00e1s herramientas para poder elegir y sobre todo para poder ser elegidos y elegidas. Eso me parece central, fundamental en el desarrollo de la vida\u201d.<\/p>\n<p>Un total de 21 internos del curso de Panader\u00eda recibi\u00f3 su certificado, en tanto que 16 lo hicieron por el curso de Remodelador de muebles, 16 internas egresadas en Reposter\u00eda, 11 en Inform\u00e1tica, 19 en Herrer\u00eda, y 19 del curso de Confiter\u00eda, con lo cual sumaron 102 egresados de la formaci\u00f3n Profesional.<\/p>\n<p>Tambi\u00e9n obtuvieron sus certificados los internos que recibieron una capacitaci\u00f3n no formal, en cursos de Peluquer\u00eda (21), Construcci\u00f3n de Durlock (25), Electricidad (29), y Lectura y escritura en Braille (23). De este modo, egres\u00f3 un total de 98 internos en este tipo de formaci\u00f3n.<\/p>\n<p><img loading=\"lazy\" decoding=\"async\" data-attachment-id=\"57713\" data-permalink=\"https:\/\/www.hoymercedes.com.ar\/principal\/2016\/12\/02\/provincia-y-municipio-crean-centro-de-asistencia-a-victimas-y-acceso-a-justicia\/02-ferrari-16-copia\/#main\" data-orig-file=\"https:\/\/www.hoymercedes.com.ar\/principal\/wp-content\/uploads\/2016\/12\/02-ferrari-16-copia.jpg\" data-orig-size=\"630,420\" data-comments-opened=\"0\" data-image-meta=\"{&quot;aperture&quot;:&quot;3.5&quot;,&quot;credit&quot;:&quot;&quot;,&quot;camera&quot;:&quot;NIKON D3100&quot;,&quot;caption&quot;:&quot;????????????????????????????????????&quot;,&quot;created_timestamp&quot;:&quot;1480684247&quot;,&quot;copyright&quot;:&quot;&quot;,&quot;focal_length&quot;:&quot;18&quot;,&quot;iso&quot;:&quot;1250&quot;,&quot;shutter_speed&quot;:&quot;0.016666666666667&quot;,&quot;title&quot;:&quot;&quot;,&quot;orientation&quot;:&quot;1&quot;}\" data-image-title=\"02-ferrari-16-copia\" data-image-description=\"\" data-image-caption=\"\" data-large-file=\"https:\/\/www.hoymercedes.com.ar\/principal\/wp-content\/uploads\/2016\/12\/02-ferrari-16-copia.jpg\" class=\"aligncenter size-medium wp-image-57713\" src=\"https:\/\/www.hoymercedes.com.ar\/principal\/wp-content\/uploads\/2016\/12\/02-ferrari-16-copia-630x420.jpg\" alt=\"02-ferrari-16-copia\" width=\"630\" height=\"420\" srcset=\"https:\/\/www.hoymercedes.com.ar\/principal\/wp-content\/uploads\/2016\/12\/02-ferrari-16-copia.jpg 630w, https:\/\/www.hoymercedes.com.ar\/principal\/wp-content\/uploads\/2016\/12\/02-ferrari-16-copia-150x100.jpg 150w, https:\/\/www.hoymercedes.com.ar\/principal\/wp-content\/uploads\/2016\/12\/02-ferrari-16-copia-300x200.jpg 300w\" sizes=\"auto, (max-width: 630px) 100vw, 630px\" \/><\/p>\n<p>Cabe destacar que los cursos de Construcci\u00f3n de Durlock y de Lectura y escritura en Braille fueron dictados por internos de la propia unidad, Mauricio Salas y Dar\u00edo Nu\u00f1ez, respectivamente.<\/p>\n<p>&nbsp;<\/p>\n<p>Fuente: Prensa Justicia<\/p>\n<p>Fotos: Hoy Mercedes<\/p>\n","protected":false},"excerpt":{"rendered":"<p>El ministro de Justicia, Gustavo Ferrari, encabez\u00f3 hoy la entrega de certificaciones a 200 internos que egresaron de distintos Cursos &#8230; <a title=\"Ferrari encabez\u00f3 el egreso de 200 internos\/estudiantes de la Unidad 5\" class=\"read-more\" href=\"https:\/\/www.hoymercedes.com.ar\/principal\/2016\/12\/02\/ferrari-encabezo-el-egreso-de-200-internosestudiantes-de-la-unidad-5\/\" aria-label=\"Leer m\u00e1s sobre Ferrari encabez\u00f3 el egreso de 200 internos\/estudiantes de la Unidad 5\">Leer m\u00e1s<\/a><\/p>\n","protected":false},"author":1,"featured_media":57712,"comment_status":"closed","ping_status":"open","sticky":false,"template":"","format":"standard","meta":{"_monsterinsights_skip_tracking":false,"_monsterinsights_sitenote_active":false,"_monsterinsights_sitenote_note":"","_monsterinsights_sitenote_category":0,"jetpack_post_was_ever_published":false,"_jetpack_newsletter_access":"","_jetpack_dont_email_post_to_subs":false,"_jetpack_newsletter_tier_id":0,"_jetpack_memberships_contains_paywalled_content":false,"_jetpack_memberships_contains_paid_content":false,"footnotes":"","jetpack_publicize_message":"","jetpack_publicize_feature_enabled":true,"jetpack_social_post_already_shared":true,"jetpack_social_options":{"image_generator_settings":{"template":"highway","default_image_id":0,"font":"","enabled":false},"version":2},"_wpas_customize_per_network":false},"categories":[8881],"tags":[10289,113],"class_list":["post-57704","post","type-post","status-publish","format-standard","has-post-thumbnail","hentry","category-provincia","tag-ministro-de-justicia","tag-unidad-5","generate-columns","tablet-grid-50","mobile-grid-100","grid-parent","grid-50"],"jetpack_publicize_connections":[],"jetpack_featured_media_url":"https:\/\/www.hoymercedes.com.ar\/principal\/wp-content\/uploads\/2016\/12\/02-ferrari-15-copia.jpg","wps_subtitle":"Formaci\u00f3n laboral en la c\u00e1rcel","jetpack_sharing_enabled":true,"_links":{"self":[{"href":"https:\/\/www.hoymercedes.com.ar\/principal\/wp-json\/wp\/v2\/posts\/57704","targetHints":{"allow":["GET"]}}],"collection":[{"href":"https:\/\/www.hoymercedes.com.ar\/principal\/wp-json\/wp\/v2\/posts"}],"about":[{"href":"https:\/\/www.hoymercedes.com.ar\/principal\/wp-json\/wp\/v2\/types\/post"}],"author":[{"embeddable":true,"href":"https:\/\/www.hoymercedes.com.ar\/principal\/wp-json\/wp\/v2\/users\/1"}],"replies":[{"embeddable":true,"href":"https:\/\/www.hoymercedes.com.ar\/principal\/wp-json\/wp\/v2\/comments?post=57704"}],"version-history":[{"count":0,"href":"https:\/\/www.hoymercedes.com.ar\/principal\/wp-json\/wp\/v2\/posts\/57704\/revisions"}],"wp:featuredmedia":[{"embeddable":true,"href":"https:\/\/www.hoymercedes.com.ar\/principal\/wp-json\/wp\/v2\/media\/57712"}],"wp:attachment":[{"href":"https:\/\/www.hoymercedes.com.ar\/principal\/wp-json\/wp\/v2\/media?parent=57704"}],"wp:term":[{"taxonomy":"category","embeddable":true,"href":"https:\/\/www.hoymercedes.com.ar\/principal\/wp-json\/wp\/v2\/categories?post=57704"},{"taxonomy":"post_tag","embeddable":true,"href":"https:\/\/www.hoymercedes.com.ar\/principal\/wp-json\/wp\/v2\/tags?post=57704"}],"curies":[{"name":"wp","href":"https:\/\/api.w.org\/{rel}","templated":true}]}}