{"id":57734,"date":"2016-12-04T08:56:56","date_gmt":"2016-12-04T11:56:56","guid":{"rendered":"http:\/\/www.hoymercedes.com.ar\/principal\/?p=57734"},"modified":"2016-12-04T10:03:51","modified_gmt":"2016-12-04T13:03:51","slug":"tatiana-lopez-la-discapacidad-es-la-capacidad-de-ser-extraordinariamente-capaz","status":"publish","type":"post","link":"https:\/\/www.hoymercedes.com.ar\/principal\/2016\/12\/04\/tatiana-lopez-la-discapacidad-es-la-capacidad-de-ser-extraordinariamente-capaz\/","title":{"rendered":"Tatiana L\u00f3pez \u201cLa discapacidad es la capacidad de ser extraordinariamente capaz\u201d"},"content":{"rendered":"<p>La Direcci\u00f3n de Discapacidad llev\u00f3 adelante un gran cantidad de actividades en las \u00faltimas jornadas, que incluyeron la inauguraci\u00f3n de la primera plaza integradora de la ciudad. \u201cHoy se conmemora el \u201cD\u00eda Internacional de las Personas con Discapacidad\u201d, es una ocasi\u00f3n que invita a la reflexi\u00f3n y toma de conciencia sobre las oportunidades de inclusi\u00f3n, de promoci\u00f3n de la accesibilidad y la eliminaci\u00f3n de todo tipo de barreras y prejuicios.\u201d Sostuvo la funcionara el pasado s\u00e1bado.<\/p>\n<p><img loading=\"lazy\" decoding=\"async\" data-attachment-id=\"57735\" data-permalink=\"https:\/\/www.hoymercedes.com.ar\/principal\/2016\/12\/04\/tatiana-lopez-la-discapacidad-es-la-capacidad-de-ser-extraordinariamente-capaz\/04-discapacidad\/#main\" data-orig-file=\"https:\/\/www.hoymercedes.com.ar\/principal\/wp-content\/uploads\/2016\/12\/04-discapacidad.jpg\" data-orig-size=\"630,373\" data-comments-opened=\"0\" data-image-meta=\"{&quot;aperture&quot;:&quot;0&quot;,&quot;credit&quot;:&quot;&quot;,&quot;camera&quot;:&quot;&quot;,&quot;caption&quot;:&quot;&quot;,&quot;created_timestamp&quot;:&quot;0&quot;,&quot;copyright&quot;:&quot;&quot;,&quot;focal_length&quot;:&quot;0&quot;,&quot;iso&quot;:&quot;0&quot;,&quot;shutter_speed&quot;:&quot;0&quot;,&quot;title&quot;:&quot;&quot;,&quot;orientation&quot;:&quot;0&quot;}\" data-image-title=\"04-discapacidad\" data-image-description=\"\" data-image-caption=\"\" data-large-file=\"https:\/\/www.hoymercedes.com.ar\/principal\/wp-content\/uploads\/2016\/12\/04-discapacidad.jpg\" class=\"aligncenter size-medium wp-image-57735\" src=\"https:\/\/www.hoymercedes.com.ar\/principal\/wp-content\/uploads\/2016\/12\/04-discapacidad-630x373.jpg\" alt=\"04-discapacidad\" width=\"630\" height=\"373\" srcset=\"https:\/\/www.hoymercedes.com.ar\/principal\/wp-content\/uploads\/2016\/12\/04-discapacidad.jpg 630w, https:\/\/www.hoymercedes.com.ar\/principal\/wp-content\/uploads\/2016\/12\/04-discapacidad-150x89.jpg 150w\" sizes=\"auto, (max-width: 630px) 100vw, 630px\" \/><\/p>\n<p>Las personas con discapacidad se enfrentan a barreras que limitan su participaci\u00f3n en la sociedad, atraviesan situaciones de desigualdad en el acceso a la educaci\u00f3n, el empleo, y la salud, entre otros derechos, remarc\u00f3\u00a0 recordando la necesidad de actuar como sociedad y hacer una vida en igualdad de condiciones, siempre apostando a la inclusi\u00f3n, a las mayor\u00edas y a estar presente institucionalmente.<\/p>\n<p>\u201cEn este sentido, nuestro pa\u00eds adopt\u00f3 en 2008 la Convenci\u00f3n sobre los Derechos de las Personas con Discapacidad donde se busca transversalizar la perspectiva de la discapacidad en todos los \u00e1mbitos y jurisdicciones, por medio de una pol\u00edtica de inclusi\u00f3n social, de promoci\u00f3n y ampliaci\u00f3n de derechos y fortaleciendo la igualdad de oportunidades\u201d record\u00f3.<\/p>\n<p>En dicho marco, este s\u00e1bado se cerr\u00f3 una importante cantidad de actividades desde una mirada cr\u00edtica e integradora y se hizo con actividades deportivas.<\/p>\n<p>&nbsp;<\/p>\n<p>Fuente: Prensa Municipal<\/p>\n","protected":false},"excerpt":{"rendered":"<p>La Direcci\u00f3n de Discapacidad llev\u00f3 adelante un gran cantidad de actividades en las \u00faltimas jornadas, que incluyeron la inauguraci\u00f3n de &#8230; <a title=\"Tatiana L\u00f3pez \u201cLa discapacidad es la capacidad de ser extraordinariamente capaz\u201d\" class=\"read-more\" href=\"https:\/\/www.hoymercedes.com.ar\/principal\/2016\/12\/04\/tatiana-lopez-la-discapacidad-es-la-capacidad-de-ser-extraordinariamente-capaz\/\" aria-label=\"Leer m\u00e1s sobre Tatiana L\u00f3pez \u201cLa discapacidad es la capacidad de ser extraordinariamente capaz\u201d\">Leer m\u00e1s<\/a><\/p>\n","protected":false},"author":1,"featured_media":57735,"comment_status":"closed","ping_status":"open","sticky":false,"template":"","format":"standard","meta":{"_monsterinsights_skip_tracking":false,"_monsterinsights_sitenote_active":false,"_monsterinsights_sitenote_note":"","_monsterinsights_sitenote_category":0,"jetpack_post_was_ever_published":false,"_jetpack_newsletter_access":"","_jetpack_dont_email_post_to_subs":false,"_jetpack_newsletter_tier_id":0,"_jetpack_memberships_contains_paywalled_content":false,"_jetpack_memberships_contains_paid_content":false,"footnotes":"","jetpack_publicize_message":"","jetpack_publicize_feature_enabled":true,"jetpack_social_post_already_shared":true,"jetpack_social_options":{"image_generator_settings":{"template":"highway","default_image_id":0,"font":"","enabled":false},"version":2},"_wpas_customize_per_network":false},"categories":[30],"tags":[1422,244,8742],"class_list":["post-57734","post","type-post","status-publish","format-standard","has-post-thumbnail","hentry","category-municipio","tag-discapacidad","tag-municipio-2","tag-tatiana-lopez","generate-columns","tablet-grid-50","mobile-grid-100","grid-parent","grid-50"],"jetpack_publicize_connections":[],"jetpack_featured_media_url":"https:\/\/www.hoymercedes.com.ar\/principal\/wp-content\/uploads\/2016\/12\/04-discapacidad.jpg","wps_subtitle":"En el d\u00eda de las personas con discapacidad","jetpack_sharing_enabled":true,"_links":{"self":[{"href":"https:\/\/www.hoymercedes.com.ar\/principal\/wp-json\/wp\/v2\/posts\/57734","targetHints":{"allow":["GET"]}}],"collection":[{"href":"https:\/\/www.hoymercedes.com.ar\/principal\/wp-json\/wp\/v2\/posts"}],"about":[{"href":"https:\/\/www.hoymercedes.com.ar\/principal\/wp-json\/wp\/v2\/types\/post"}],"author":[{"embeddable":true,"href":"https:\/\/www.hoymercedes.com.ar\/principal\/wp-json\/wp\/v2\/users\/1"}],"replies":[{"embeddable":true,"href":"https:\/\/www.hoymercedes.com.ar\/principal\/wp-json\/wp\/v2\/comments?post=57734"}],"version-history":[{"count":0,"href":"https:\/\/www.hoymercedes.com.ar\/principal\/wp-json\/wp\/v2\/posts\/57734\/revisions"}],"wp:featuredmedia":[{"embeddable":true,"href":"https:\/\/www.hoymercedes.com.ar\/principal\/wp-json\/wp\/v2\/media\/57735"}],"wp:attachment":[{"href":"https:\/\/www.hoymercedes.com.ar\/principal\/wp-json\/wp\/v2\/media?parent=57734"}],"wp:term":[{"taxonomy":"category","embeddable":true,"href":"https:\/\/www.hoymercedes.com.ar\/principal\/wp-json\/wp\/v2\/categories?post=57734"},{"taxonomy":"post_tag","embeddable":true,"href":"https:\/\/www.hoymercedes.com.ar\/principal\/wp-json\/wp\/v2\/tags?post=57734"}],"curies":[{"name":"wp","href":"https:\/\/api.w.org\/{rel}","templated":true}]}}