{"id":57809,"date":"2016-12-05T19:57:29","date_gmt":"2016-12-05T22:57:29","guid":{"rendered":"http:\/\/www.hoymercedes.com.ar\/principal\/?p=57809"},"modified":"2016-12-05T20:01:40","modified_gmt":"2016-12-05T23:01:40","slug":"el-reba-clausuro-bares-en-mercedes","status":"publish","type":"post","link":"https:\/\/www.hoymercedes.com.ar\/principal\/2016\/12\/05\/el-reba-clausuro-bares-en-mercedes\/","title":{"rendered":"EL ReBA clausur\u00f3 bares en Mercedes"},"content":{"rendered":"<p>El Registro de Comercializaci\u00f3n de Bebidas Alcoh\u00f3licas (REBA) perteneciente al Ministerio de Seguridad de la provincia de Buenos Aires, a cargo de Mart\u00edn Diago, realiz\u00f3 una serie de operativos control el fin de semana en la ciudades de La Plata, Mercedes, Suipacha y Chivilcoy.<\/p>\n<p><img loading=\"lazy\" decoding=\"async\" data-attachment-id=\"57812\" data-permalink=\"https:\/\/www.hoymercedes.com.ar\/principal\/2016\/12\/05\/el-reba-clausuro-bares-en-mercedes\/05-reba-3-7-1\/#main\" data-orig-file=\"https:\/\/www.hoymercedes.com.ar\/principal\/wp-content\/uploads\/2016\/12\/05-REBA-3-7-1.jpg\" data-orig-size=\"630,420\" data-comments-opened=\"0\" data-image-meta=\"{&quot;aperture&quot;:&quot;0&quot;,&quot;credit&quot;:&quot;&quot;,&quot;camera&quot;:&quot;&quot;,&quot;caption&quot;:&quot;&quot;,&quot;created_timestamp&quot;:&quot;0&quot;,&quot;copyright&quot;:&quot;&quot;,&quot;focal_length&quot;:&quot;0&quot;,&quot;iso&quot;:&quot;0&quot;,&quot;shutter_speed&quot;:&quot;0&quot;,&quot;title&quot;:&quot;&quot;,&quot;orientation&quot;:&quot;0&quot;}\" data-image-title=\"05-reba-3-7-1\" data-image-description=\"\" data-image-caption=\"\" data-large-file=\"https:\/\/www.hoymercedes.com.ar\/principal\/wp-content\/uploads\/2016\/12\/05-REBA-3-7-1.jpg\" class=\"aligncenter size-medium wp-image-57812\" src=\"https:\/\/www.hoymercedes.com.ar\/principal\/wp-content\/uploads\/2016\/12\/05-REBA-3-7-1-630x420.jpg\" alt=\"05-reba-3-7-1\" width=\"630\" height=\"420\" srcset=\"https:\/\/www.hoymercedes.com.ar\/principal\/wp-content\/uploads\/2016\/12\/05-REBA-3-7-1.jpg 630w, https:\/\/www.hoymercedes.com.ar\/principal\/wp-content\/uploads\/2016\/12\/05-REBA-3-7-1-150x100.jpg 150w, https:\/\/www.hoymercedes.com.ar\/principal\/wp-content\/uploads\/2016\/12\/05-REBA-3-7-1-300x200.jpg 300w\" sizes=\"auto, (max-width: 630px) 100vw, 630px\" \/><\/p>\n<p>En nuestra ciudad, el operativo realizado por REBA dio como resultado la clausura de los bares\u00a0 \u201cLaurino\u201d por vender alcohol fuera de horario; \u201cHomero\u201d por la venta de la famosa \u201cJarra Loca\u201d y menores consumiendo, y el bar \u201cLa Clementina\u201d por la presencia de menores consumiendo alcohol.<\/p>\n<p><img loading=\"lazy\" decoding=\"async\" data-attachment-id=\"57810\" data-permalink=\"https:\/\/www.hoymercedes.com.ar\/principal\/2016\/12\/05\/el-reba-clausuro-bares-en-mercedes\/05-reba-9\/#main\" data-orig-file=\"https:\/\/www.hoymercedes.com.ar\/principal\/wp-content\/uploads\/2016\/12\/05-REBA-9.jpg\" data-orig-size=\"630,421\" data-comments-opened=\"0\" data-image-meta=\"{&quot;aperture&quot;:&quot;0&quot;,&quot;credit&quot;:&quot;&quot;,&quot;camera&quot;:&quot;&quot;,&quot;caption&quot;:&quot;&quot;,&quot;created_timestamp&quot;:&quot;0&quot;,&quot;copyright&quot;:&quot;&quot;,&quot;focal_length&quot;:&quot;0&quot;,&quot;iso&quot;:&quot;0&quot;,&quot;shutter_speed&quot;:&quot;0&quot;,&quot;title&quot;:&quot;&quot;,&quot;orientation&quot;:&quot;1&quot;}\" data-image-title=\"05-reba-9\" data-image-description=\"\" data-image-caption=\"\" data-large-file=\"https:\/\/www.hoymercedes.com.ar\/principal\/wp-content\/uploads\/2016\/12\/05-REBA-9.jpg\" class=\"aligncenter size-medium wp-image-57810\" src=\"https:\/\/www.hoymercedes.com.ar\/principal\/wp-content\/uploads\/2016\/12\/05-REBA-9-630x421.jpg\" alt=\"05-reba-9\" width=\"630\" height=\"421\" srcset=\"https:\/\/www.hoymercedes.com.ar\/principal\/wp-content\/uploads\/2016\/12\/05-REBA-9.jpg 630w, https:\/\/www.hoymercedes.com.ar\/principal\/wp-content\/uploads\/2016\/12\/05-REBA-9-150x100.jpg 150w, https:\/\/www.hoymercedes.com.ar\/principal\/wp-content\/uploads\/2016\/12\/05-REBA-9-300x200.jpg 300w\" sizes=\"auto, (max-width: 630px) 100vw, 630px\" \/><\/p>\n<p>En tanto, en\u00a0La Plata se clausur\u00f3 una Fiesta de Egresados en el Centro Vasco por no contar con la licencia de REBA y la comercializaci\u00f3n de bebidas alcoh\u00f3licas. Adem\u00e1s, hab\u00eda presencia simult\u00e1nea de menores y mayores de edad. Prohibido por la Ley 14050.<\/p>\n<p>Mientras que en Suipacha se clausur\u00f3 el boliche bailable \u201cZona\u201d por ingreso fuera de horario. En Chivilcoy \u201cOzono Disco\u201d por gran concurrencia de menores tomando alcohol.<\/p>\n<p>Por su parte, REBA destaca que todos los negocios que venden, exhiben o distribuyen bebidas alcoh\u00f3licas tienen la obligaci\u00f3n de estar inscriptos en el REBA.<\/p>\n<p>El Registro de Comercializaci\u00f3n de Bebidas Alcoh\u00f3licas contin\u00faa realizando los operativos de control e inspecci\u00f3n en toda la provincia de Buenos Aires, a fin de garantizar el desarrollo de cada comercio en el marco de la Ley 14.050 de expendo de bebidas alcoh\u00f3licas y nocturnidad.<\/p>\n<p>&nbsp;<\/p>\n<p>Fuente: REBA<\/p>\n","protected":false},"excerpt":{"rendered":"<p>El Registro de Comercializaci\u00f3n de Bebidas Alcoh\u00f3licas (REBA) perteneciente al Ministerio de Seguridad de la provincia de Buenos Aires, a &#8230; <a title=\"EL ReBA clausur\u00f3 bares en Mercedes\" class=\"read-more\" href=\"https:\/\/www.hoymercedes.com.ar\/principal\/2016\/12\/05\/el-reba-clausuro-bares-en-mercedes\/\" aria-label=\"Leer m\u00e1s sobre EL ReBA clausur\u00f3 bares en Mercedes\">Leer m\u00e1s<\/a><\/p>\n","protected":false},"author":1,"featured_media":57812,"comment_status":"closed","ping_status":"open","sticky":false,"template":"","format":"standard","meta":{"_monsterinsights_skip_tracking":false,"_monsterinsights_sitenote_active":false,"_monsterinsights_sitenote_note":"","_monsterinsights_sitenote_category":0,"jetpack_post_was_ever_published":false,"_jetpack_newsletter_access":"","_jetpack_dont_email_post_to_subs":false,"_jetpack_newsletter_tier_id":0,"_jetpack_memberships_contains_paywalled_content":false,"_jetpack_memberships_contains_paid_content":false,"footnotes":"","jetpack_publicize_message":"","jetpack_publicize_feature_enabled":true,"jetpack_social_post_already_shared":true,"jetpack_social_options":{"image_generator_settings":{"template":"highway","default_image_id":0,"font":"","enabled":false},"version":2},"_wpas_customize_per_network":false},"categories":[85],"tags":[10301,10300,10299],"class_list":["post-57809","post","type-post","status-publish","format-standard","has-post-thumbnail","hentry","category-policial","tag-bebidas-alcoholicas","tag-clausuras","tag-reba","generate-columns","tablet-grid-50","mobile-grid-100","grid-parent","grid-50"],"jetpack_publicize_connections":[],"jetpack_featured_media_url":"https:\/\/www.hoymercedes.com.ar\/principal\/wp-content\/uploads\/2016\/12\/05-REBA-3-7-1.jpg","wps_subtitle":"Intensos Operativos Control","jetpack_sharing_enabled":true,"_links":{"self":[{"href":"https:\/\/www.hoymercedes.com.ar\/principal\/wp-json\/wp\/v2\/posts\/57809","targetHints":{"allow":["GET"]}}],"collection":[{"href":"https:\/\/www.hoymercedes.com.ar\/principal\/wp-json\/wp\/v2\/posts"}],"about":[{"href":"https:\/\/www.hoymercedes.com.ar\/principal\/wp-json\/wp\/v2\/types\/post"}],"author":[{"embeddable":true,"href":"https:\/\/www.hoymercedes.com.ar\/principal\/wp-json\/wp\/v2\/users\/1"}],"replies":[{"embeddable":true,"href":"https:\/\/www.hoymercedes.com.ar\/principal\/wp-json\/wp\/v2\/comments?post=57809"}],"version-history":[{"count":0,"href":"https:\/\/www.hoymercedes.com.ar\/principal\/wp-json\/wp\/v2\/posts\/57809\/revisions"}],"wp:featuredmedia":[{"embeddable":true,"href":"https:\/\/www.hoymercedes.com.ar\/principal\/wp-json\/wp\/v2\/media\/57812"}],"wp:attachment":[{"href":"https:\/\/www.hoymercedes.com.ar\/principal\/wp-json\/wp\/v2\/media?parent=57809"}],"wp:term":[{"taxonomy":"category","embeddable":true,"href":"https:\/\/www.hoymercedes.com.ar\/principal\/wp-json\/wp\/v2\/categories?post=57809"},{"taxonomy":"post_tag","embeddable":true,"href":"https:\/\/www.hoymercedes.com.ar\/principal\/wp-json\/wp\/v2\/tags?post=57809"}],"curies":[{"name":"wp","href":"https:\/\/api.w.org\/{rel}","templated":true}]}}