{"id":57847,"date":"2016-12-06T16:09:01","date_gmt":"2016-12-06T19:09:01","guid":{"rendered":"http:\/\/www.hoymercedes.com.ar\/principal\/?p=57847"},"modified":"2016-12-06T16:09:01","modified_gmt":"2016-12-06T19:09:01","slug":"mateada-con-plantacion-de-un-ceibo","status":"publish","type":"post","link":"https:\/\/www.hoymercedes.com.ar\/principal\/2016\/12\/06\/mateada-con-plantacion-de-un-ceibo\/","title":{"rendered":"Mateada con plantaci\u00f3n de un ceibo"},"content":{"rendered":"<p>Para darle un cierre a este a\u00f1o lleno de actividades,\u00a0la asociaci\u00f3n civil S. O. S. H\u00e1bitat llev\u00f3 adelante una propuesta para que los asociados y los vecinos puedan participar.<\/p>\n<p>En bicicletas fueron desde La Trocha hasta \u00abEl Rinc\u00f3n de las Nativas\u00bb en el sector nuevo del Parque Municipal con el objetivo de conmemorar el d\u00eda de la Flor Nacional plantando un ceibo en el espacio designado.<\/p>\n<p>Adem\u00e1s de la plantaci\u00f3n que estuvo a cargo de los presentes, y de los mates compartidos, la presidente de la asociaci\u00f3n, Natalia Solari, narr\u00f3 la leyenda del ceibo para conocer m\u00e1s acerca de nuestra tradici\u00f3n nacional.<\/p>\n<p>&nbsp;<\/p>\n","protected":false},"excerpt":{"rendered":"<p>Para darle un cierre a este a\u00f1o lleno de actividades,\u00a0la asociaci\u00f3n civil S. O. S. H\u00e1bitat llev\u00f3 adelante una propuesta &#8230; <a title=\"Mateada con plantaci\u00f3n de un ceibo\" class=\"read-more\" href=\"https:\/\/www.hoymercedes.com.ar\/principal\/2016\/12\/06\/mateada-con-plantacion-de-un-ceibo\/\" aria-label=\"Leer m\u00e1s sobre Mateada con plantaci\u00f3n de un ceibo\">Leer m\u00e1s<\/a><\/p>\n","protected":false},"author":1,"featured_media":57842,"comment_status":"closed","ping_status":"open","sticky":false,"template":"","format":"standard","meta":{"_monsterinsights_skip_tracking":false,"_monsterinsights_sitenote_active":false,"_monsterinsights_sitenote_note":"","_monsterinsights_sitenote_category":0,"jetpack_post_was_ever_published":false,"_jetpack_newsletter_access":"","_jetpack_dont_email_post_to_subs":false,"_jetpack_newsletter_tier_id":0,"_jetpack_memberships_contains_paywalled_content":false,"_jetpack_memberships_contains_paid_content":false,"footnotes":"","jetpack_publicize_message":"","jetpack_publicize_feature_enabled":true,"jetpack_social_post_already_shared":true,"jetpack_social_options":{"image_generator_settings":{"template":"highway","default_image_id":0,"font":"","enabled":false},"version":2},"_wpas_customize_per_network":false},"categories":[5485],"tags":[10305,887],"class_list":["post-57847","post","type-post","status-publish","format-standard","has-post-thumbnail","hentry","category-comunidad","tag-dia-del-ceibo","tag-sos-habitat","generate-columns","tablet-grid-50","mobile-grid-100","grid-parent","grid-50"],"jetpack_publicize_connections":[],"jetpack_featured_media_url":"https:\/\/www.hoymercedes.com.ar\/principal\/wp-content\/uploads\/2016\/12\/06-ceibo-SOS-habitat.jpg","wps_subtitle":"S.O.S. H\u00e1bitat","jetpack_sharing_enabled":true,"_links":{"self":[{"href":"https:\/\/www.hoymercedes.com.ar\/principal\/wp-json\/wp\/v2\/posts\/57847","targetHints":{"allow":["GET"]}}],"collection":[{"href":"https:\/\/www.hoymercedes.com.ar\/principal\/wp-json\/wp\/v2\/posts"}],"about":[{"href":"https:\/\/www.hoymercedes.com.ar\/principal\/wp-json\/wp\/v2\/types\/post"}],"author":[{"embeddable":true,"href":"https:\/\/www.hoymercedes.com.ar\/principal\/wp-json\/wp\/v2\/users\/1"}],"replies":[{"embeddable":true,"href":"https:\/\/www.hoymercedes.com.ar\/principal\/wp-json\/wp\/v2\/comments?post=57847"}],"version-history":[{"count":0,"href":"https:\/\/www.hoymercedes.com.ar\/principal\/wp-json\/wp\/v2\/posts\/57847\/revisions"}],"wp:featuredmedia":[{"embeddable":true,"href":"https:\/\/www.hoymercedes.com.ar\/principal\/wp-json\/wp\/v2\/media\/57842"}],"wp:attachment":[{"href":"https:\/\/www.hoymercedes.com.ar\/principal\/wp-json\/wp\/v2\/media?parent=57847"}],"wp:term":[{"taxonomy":"category","embeddable":true,"href":"https:\/\/www.hoymercedes.com.ar\/principal\/wp-json\/wp\/v2\/categories?post=57847"},{"taxonomy":"post_tag","embeddable":true,"href":"https:\/\/www.hoymercedes.com.ar\/principal\/wp-json\/wp\/v2\/tags?post=57847"}],"curies":[{"name":"wp","href":"https:\/\/api.w.org\/{rel}","templated":true}]}}