{"id":57926,"date":"2016-12-09T13:58:16","date_gmt":"2016-12-09T16:58:16","guid":{"rendered":"http:\/\/www.hoymercedes.com.ar\/principal\/?p=57926"},"modified":"2016-12-09T13:59:01","modified_gmt":"2016-12-09T16:59:01","slug":"vecinos-denuncias-lagartijas-en-terrenos-baldios","status":"publish","type":"post","link":"https:\/\/www.hoymercedes.com.ar\/principal\/2016\/12\/09\/vecinos-denuncias-lagartijas-en-terrenos-baldios\/","title":{"rendered":"Vecinos denuncian presencia de lagartijas en terrenos bald\u00edos"},"content":{"rendered":"<p>A nuestra redacci\u00f3n lleg\u00f3 la denuncia de una vecina ante un terreno bald\u00edo en la calle 28, entre 39 y 41. Un terreno que su due\u00f1o descuida y que el Municipio no habr\u00eda intimado a\u00fan para su urgente limpieza.<\/p>\n<p>\u00abHay <a href=\"https:\/\/www.google.com.ar\/search?q=gecos&amp;biw=1024&amp;bih=677&amp;tbm=isch&amp;tbo=u&amp;source=univ&amp;sa=X&amp;ved=0ahUKEwig_ab3x-fQAhVJTZAKHcPMD9kQsAQILQ\" target=\"_blank\" rel=\"noopener\">gecos <\/a>en el barrio, en 28 entre 39 y 41, en terreno abandonado. Estoy encerrada, sin poder ventilar. La Municipalidad no me da soluci\u00f3n\u00bb, escribi\u00f3 a trav\u00e9s de un mensaje en la red social.<\/p>\n<p><img loading=\"lazy\" decoding=\"async\" data-attachment-id=\"57927\" data-permalink=\"https:\/\/www.hoymercedes.com.ar\/principal\/2016\/12\/09\/vecinos-denuncias-lagartijas-en-terrenos-baldios\/09-tereno-baldio-denuncia\/#main\" data-orig-file=\"https:\/\/www.hoymercedes.com.ar\/principal\/wp-content\/uploads\/2016\/12\/09-tereno-bald\u00edo-denuncia.jpg\" data-orig-size=\"630,420\" data-comments-opened=\"0\" data-image-meta=\"{&quot;aperture&quot;:&quot;5.6&quot;,&quot;credit&quot;:&quot;&quot;,&quot;camera&quot;:&quot;NIKON D3100&quot;,&quot;caption&quot;:&quot;&quot;,&quot;created_timestamp&quot;:&quot;1481276359&quot;,&quot;copyright&quot;:&quot;&quot;,&quot;focal_length&quot;:&quot;18&quot;,&quot;iso&quot;:&quot;100&quot;,&quot;shutter_speed&quot;:&quot;0.005&quot;,&quot;title&quot;:&quot;&quot;,&quot;orientation&quot;:&quot;1&quot;}\" data-image-title=\"09 tereno bald\u00edo denuncia\" data-image-description=\"\" data-image-caption=\"\" data-large-file=\"https:\/\/www.hoymercedes.com.ar\/principal\/wp-content\/uploads\/2016\/12\/09-tereno-bald\u00edo-denuncia.jpg\" class=\"aligncenter size-medium wp-image-57927\" src=\"https:\/\/www.hoymercedes.com.ar\/principal\/wp-content\/uploads\/2016\/12\/09-tereno-bald\u00edo-denuncia-630x420.jpg\" alt=\"\" width=\"630\" height=\"420\" srcset=\"https:\/\/www.hoymercedes.com.ar\/principal\/wp-content\/uploads\/2016\/12\/09-tereno-bald\u00edo-denuncia.jpg 630w, https:\/\/www.hoymercedes.com.ar\/principal\/wp-content\/uploads\/2016\/12\/09-tereno-bald\u00edo-denuncia-150x100.jpg 150w, https:\/\/www.hoymercedes.com.ar\/principal\/wp-content\/uploads\/2016\/12\/09-tereno-bald\u00edo-denuncia-300x200.jpg 300w\" sizes=\"auto, (max-width: 630px) 100vw, 630px\" \/><\/p>\n<p>La vecina asegura que en dicho terreno hay cr\u00eda de lagartijas, que hace diez a\u00f1os que no limpia, que se comunic\u00f3 al n\u00famero telef\u00f3nico escrito en la pared, y que reclam\u00f3 al 147 de la Municipalidad de Mercedes, donde el tomaron el reclamo d\u00e1ndole el n\u00famero 314486, pero que no hubo una soluci\u00f3n.<\/p>\n<p>\u00abMe comuniqu\u00e9 a trav\u00e9s del n\u00famero telef\u00f3nico 147&#8230;y una empleada municipal me atendi\u00f3, me inform\u00f3 que el caso no pertenece a Bromatolog\u00eda,\u00a0ped\u00ed la presencia de un inspector\u00bb, cont\u00f3 a HOY MERCEDES la vecina y asegur\u00f3 que el pr\u00f3ximo lunes har\u00e1 la denuncia en el Juzgado de Faltas.<\/p>\n","protected":false},"excerpt":{"rendered":"<p>A nuestra redacci\u00f3n lleg\u00f3 la denuncia de una vecina ante un terreno bald\u00edo en la calle 28, entre 39 y &#8230; <a title=\"Vecinos denuncian presencia de lagartijas en terrenos bald\u00edos\" class=\"read-more\" href=\"https:\/\/www.hoymercedes.com.ar\/principal\/2016\/12\/09\/vecinos-denuncias-lagartijas-en-terrenos-baldios\/\" aria-label=\"Leer m\u00e1s sobre Vecinos denuncian presencia de lagartijas en terrenos bald\u00edos\">Leer m\u00e1s<\/a><\/p>\n","protected":false},"author":1,"featured_media":57927,"comment_status":"closed","ping_status":"open","sticky":false,"template":"","format":"standard","meta":{"_monsterinsights_skip_tracking":false,"_monsterinsights_sitenote_active":false,"_monsterinsights_sitenote_note":"","_monsterinsights_sitenote_category":0,"jetpack_post_was_ever_published":false,"_jetpack_newsletter_access":"","_jetpack_dont_email_post_to_subs":false,"_jetpack_newsletter_tier_id":0,"_jetpack_memberships_contains_paywalled_content":false,"_jetpack_memberships_contains_paid_content":false,"footnotes":"","jetpack_publicize_message":"","jetpack_publicize_feature_enabled":true,"jetpack_social_post_already_shared":true,"jetpack_social_options":{"image_generator_settings":{"template":"highway","default_image_id":0,"font":"","enabled":false},"version":2},"_wpas_customize_per_network":false},"categories":[8],"tags":[1734,7033,10316],"class_list":["post-57926","post","type-post","status-publish","format-standard","has-post-thumbnail","hentry","category-sociedad","tag-ciudad-2","tag-denuncia","tag-terrenos-baldios","generate-columns","tablet-grid-50","mobile-grid-100","grid-parent","grid-50"],"jetpack_publicize_connections":[],"jetpack_featured_media_url":"https:\/\/www.hoymercedes.com.ar\/principal\/wp-content\/uploads\/2016\/12\/09-tereno-bald\u00edo-denuncia.jpg","wps_subtitle":"Piden intervenci\u00f3n de la Comuna","jetpack_sharing_enabled":true,"_links":{"self":[{"href":"https:\/\/www.hoymercedes.com.ar\/principal\/wp-json\/wp\/v2\/posts\/57926","targetHints":{"allow":["GET"]}}],"collection":[{"href":"https:\/\/www.hoymercedes.com.ar\/principal\/wp-json\/wp\/v2\/posts"}],"about":[{"href":"https:\/\/www.hoymercedes.com.ar\/principal\/wp-json\/wp\/v2\/types\/post"}],"author":[{"embeddable":true,"href":"https:\/\/www.hoymercedes.com.ar\/principal\/wp-json\/wp\/v2\/users\/1"}],"replies":[{"embeddable":true,"href":"https:\/\/www.hoymercedes.com.ar\/principal\/wp-json\/wp\/v2\/comments?post=57926"}],"version-history":[{"count":0,"href":"https:\/\/www.hoymercedes.com.ar\/principal\/wp-json\/wp\/v2\/posts\/57926\/revisions"}],"wp:featuredmedia":[{"embeddable":true,"href":"https:\/\/www.hoymercedes.com.ar\/principal\/wp-json\/wp\/v2\/media\/57927"}],"wp:attachment":[{"href":"https:\/\/www.hoymercedes.com.ar\/principal\/wp-json\/wp\/v2\/media?parent=57926"}],"wp:term":[{"taxonomy":"category","embeddable":true,"href":"https:\/\/www.hoymercedes.com.ar\/principal\/wp-json\/wp\/v2\/categories?post=57926"},{"taxonomy":"post_tag","embeddable":true,"href":"https:\/\/www.hoymercedes.com.ar\/principal\/wp-json\/wp\/v2\/tags?post=57926"}],"curies":[{"name":"wp","href":"https:\/\/api.w.org\/{rel}","templated":true}]}}