{"id":57934,"date":"2016-12-10T09:55:53","date_gmt":"2016-12-10T12:55:53","guid":{"rendered":"http:\/\/www.hoymercedes.com.ar\/principal\/?p=57934"},"modified":"2016-12-10T09:55:53","modified_gmt":"2016-12-10T12:55:53","slug":"se-realiza-el-primer-juicio-por-jurado-en-mercedes","status":"publish","type":"post","link":"https:\/\/www.hoymercedes.com.ar\/principal\/2016\/12\/10\/se-realiza-el-primer-juicio-por-jurado-en-mercedes\/","title":{"rendered":"Se realiza el primer juicio por jurado en Mercedes"},"content":{"rendered":"<p>Este lunes 12 de diciembre se llevar\u00e1 a cabo en nuestra ciudad el primer juicio por jurado en el Departamento Judicial Mercedes. Se trata de un hecho de homicidio ocurrido en 2014 en el partido de Moreno, previo a la separaci\u00f3n de esta ciudad del Departamento Judicial.<\/p>\n<p>El imputado ser\u00e1 juzgado en el Tribunal Oral en lo Criminal N\u00b0 4, mediante el novedoso sistema y con la intervenci\u00f3n de la Fiscal\u00eda de Juicio a cargo de la doctora Marcela Falabella en conjunto con el fiscal Juan Ignacio Bidone y la fiscal de instrucci\u00f3n Gabriela Urutia.<\/p>\n<p>El juicio se desarrollar\u00e1 en la sede judicial de calle 20 y 21 (donde otrora funcionara la CEM), donde hoy funcionan los Juzgados de Ejecuci\u00f3n pero en el cual existe un espacio amplio para poder desarrollar este tipo de debate.<\/p>\n<p>El hecho que llegar\u00e1 a debate, ocurrido el 31 de enero de 2014, es el homicidio de una sargento de la Polic\u00eda Bonaerense, identificada como B\u00e1rbara Prieto (28) asesinada de varias cuchilladas en el pecho y luego degollada mientras iba a bordo de un colectivo de retorno a su hogar. Por el hecho est\u00e1 imputado un alba\u00f1il de nacionalidad paraguaya llamado Aquino Olivera, quien estar\u00e1 representado por el doctor Agust\u00edn Muga.<\/p>\n<p>Si bien se trata de un caso que tiene diversos elementos interesantes de desarrollar, por el momento se omitir\u00e1n los detalles del caso \u2013m\u00e1s all\u00e1 de la trascendencia que tuvo el hecho en su momento \u2013 por la particularidad que tendr\u00e1 el juzgamiento. Y es que los juicios por jurados convocan a personas (civiles) y se pretende que lleguen al juicio de manera objetiva.<\/p>\n<p>&nbsp;<\/p>\n<p>\u00bfC\u00f3mo es un juicio por jurado?<\/p>\n<p>Desde que se instaur\u00f3 el sistema es la primera vez que se llega a esta instancia en nuestro Departamento Judicial. Otros dos casos que se preve\u00edan por diversos motivos fueron desistidos.<\/p>\n<p>El Tribunal de Jurados est\u00e1 conformado por un juez y doce ciudadanos designados jurados.<\/p>\n<p>El juez es responsable de decidir qu\u00e9 leyes se aplican al caso y deber\u00e1 explicarles dichas leyes a los miembros del jurado. El juez entonces debe dirigir el proceso. En este caso ello recaer\u00e1 sobre la jueza Miriam Rodr\u00edguez del TOC N\u00ba 4.<\/p>\n<p>La primera particularidad que tiene es que es opcional: la elecci\u00f3n de ser juzgado por este sistema corre por cuenta del acusado y su defensa. Se puede optar por este sistema en todos los delitos que puedan ser penados con m\u00e1s de 15 a\u00f1os de prisi\u00f3n (con escasas excepciones). Para este caso, el pedido de pena de parte de la Fiscal\u00eda es de prisi\u00f3n perpetua ya que la imputaci\u00f3n es \u201cHomicidio calificado por ser cometido contra autoridad policial, cr\u00edminis causa\u201d y se pidi\u00f3 la pena m\u00e1xima.<\/p>\n<p>Ello lleva a otra situaci\u00f3n compleja: al pedirse la pena de prisi\u00f3n perpetua el fallo del jurado deber\u00e1 darse por unanimidad. Si los jurados no llegan a un acuerdo, se debatir\u00e1 y se volver\u00e1 a votar hasta tres veces. Si la situaci\u00f3n no cambia, el veredicto ser\u00e1 de no culpabilidad, salvo que se hubieran obtenido m\u00e1s de ocho votos afirmativos, en cuyo caso el jurado se declarar\u00e1 \u201cestancado\u201d.\u00a0 Si eso sucede, el juez le preguntar\u00e1 al fiscal si quiere continuar con el ejercicio de la acusaci\u00f3n. En caso negativo, el juez absolver\u00e1 al acusado, salvo que el particular damnificado sostenga la acusaci\u00f3n.<\/p>\n<p>En caso afirmativo, el jurado volver\u00e1 a deliberar y votar las cuestiones. Si el jurado continuase estancado, se proceder\u00e1 a su disoluci\u00f3n, y se dispondr\u00e1 la realizaci\u00f3n del juicio con otro jurado, seg\u00fan determina la normativa. Si el nuevo jurado tambi\u00e9n se declarase estancado, el veredicto ser\u00e1 de no culpabilidad.<\/p>\n<p>&nbsp;<\/p>\n<p>El jurado<\/p>\n<p>El jurado es un ciudadano que ha sido seleccionado para formar parte de un Tribunal de<\/p>\n<p>Jurados en un juicio criminal. Es una carga p\u00fablica para el ciudadano cumplir con la tarea para la que fue seleccionado y s\u00f3lo podr\u00e1 excusarse por las causales enumeradas por la ley, pudiendo ser obligado a concurrir con el uso de la fuerza p\u00fablica como as\u00ed tambi\u00e9n sancionado por su incumplimiento.<\/p>\n<p>Los jurados deber\u00e1n presenciar absolutamente todas las jornadas del debate y la prueba que se produzca durante el mismo. Deber\u00e1n decidir el efecto y valor de dicha prueba para luego aplicar la ley a los hechos que consideren probados.<\/p>\n<p>Es su responsabilidad determinar si la fiscal\u00eda ha probado o no la culpabilidad del acusado por cada uno de los delitos que es acusado, contribuyendo de esa forma a la administraci\u00f3n de justicia con el pronunciamiento del veredicto de culpabilidad o no culpabilidad. Lo que sucede con posterioridad es de exclusiva responsabilidad del juez.<\/p>\n<p>Antes del juicio en s\u00ed mismo, hay un proceso de selecci\u00f3n de los ciudadanos que ejercer\u00e1n el rol de jurados. En la provincia de Buenos Aires, se elabora un peque\u00f1o padr\u00f3n en base a un sorteo. Para el d\u00eda del juicio son citados 48 ciudadanos (24 mujeres y 24 hombres) de entre 21 y 75 a\u00f1os.<\/p>\n<p>En esa primera audiencia, se filtra a las personas que tengan impedimentos para ejercer de jurados. Entre otras cosas, no pueden tener v\u00ednculos con la v\u00edctima, con el imputado ni con el fiscal. No pueden ser abogados ni ejercer cargos p\u00fablicos por elecci\u00f3n popular. Tampoco pueden estar en servicio activo o retirado de las fuerzas de seguridad.<\/p>\n<p>A trav\u00e9s de preguntas que se les van realizando se va conformando la selecci\u00f3n de 18 personas. En dicha audiencia se verificar\u00e1 que ninguno de los citados se encuentre alcanzado por alguna circunstancia que, seg\u00fan el C\u00f3digo Procesal Penal, le impida desempe\u00f1arse como jurado y si alguno de los ciudadanos tiene motivos para excusarse.<\/p>\n<p>El Juez va a dar la palabra a cada parte\u00a0 (fiscal\u00eda y defensa) para que formulen los planteos recusatorios que consideren correspondientes y el juez deber\u00e1 resolverlos en el mismo acto.<\/p>\n<p>Superadas estas instancias, se efectuar\u00e1 el sorteo, entre todos los presentes que no se excusaron ni fueron recusados. Son elegidos 12 jurados titulares y 6 suplentes. En ambos casos integrados por hombres y mujeres en partes iguales. Los suplentes deber\u00e1n estar presentes en todo el desarrollo del debate. Reemplazar\u00e1n al jurado titular cuando \u00e9ste fuera apartado por excusaci\u00f3n o recusaci\u00f3n.<\/p>\n<p>Durante el juicio no podr\u00e1n leer los diarios ni ver televisi\u00f3n, deber\u00e1n entregar sus celulares.<\/p>\n<p>Ellos deber\u00e1n valorar todas las pruebas presentadas, no podr\u00e1n formular preguntas ni interactuar entre ellos hasta el momento de la deliberaci\u00f3n.<\/p>\n","protected":false},"excerpt":{"rendered":"<p>Este lunes 12 de diciembre se llevar\u00e1 a cabo en nuestra ciudad el primer juicio por jurado en el Departamento &#8230; <a title=\"Se realiza el primer juicio por jurado en Mercedes\" class=\"read-more\" href=\"https:\/\/www.hoymercedes.com.ar\/principal\/2016\/12\/10\/se-realiza-el-primer-juicio-por-jurado-en-mercedes\/\" aria-label=\"Leer m\u00e1s sobre Se realiza el primer juicio por jurado en Mercedes\">Leer m\u00e1s<\/a><\/p>\n","protected":false},"author":1,"featured_media":57935,"comment_status":"closed","ping_status":"open","sticky":false,"template":"","format":"standard","meta":{"_monsterinsights_skip_tracking":false,"_monsterinsights_sitenote_active":false,"_monsterinsights_sitenote_note":"","_monsterinsights_sitenote_category":0,"jetpack_post_was_ever_published":false,"_jetpack_newsletter_access":"","_jetpack_dont_email_post_to_subs":false,"_jetpack_newsletter_tier_id":0,"_jetpack_memberships_contains_paywalled_content":false,"_jetpack_memberships_contains_paid_content":false,"footnotes":"","jetpack_publicize_message":"","jetpack_publicize_feature_enabled":true,"jetpack_social_post_already_shared":true,"jetpack_social_options":{"image_generator_settings":{"template":"highway","default_image_id":0,"font":"","enabled":false},"version":2},"_wpas_customize_per_network":false},"categories":[85],"tags":[],"class_list":["post-57934","post","type-post","status-publish","format-standard","has-post-thumbnail","hentry","category-policial","generate-columns","tablet-grid-50","mobile-grid-100","grid-parent","grid-50"],"jetpack_publicize_connections":[],"jetpack_featured_media_url":"https:\/\/www.hoymercedes.com.ar\/principal\/wp-content\/uploads\/2016\/12\/jurado.jpg","wps_subtitle":"Comienza este lunes","jetpack_sharing_enabled":true,"_links":{"self":[{"href":"https:\/\/www.hoymercedes.com.ar\/principal\/wp-json\/wp\/v2\/posts\/57934","targetHints":{"allow":["GET"]}}],"collection":[{"href":"https:\/\/www.hoymercedes.com.ar\/principal\/wp-json\/wp\/v2\/posts"}],"about":[{"href":"https:\/\/www.hoymercedes.com.ar\/principal\/wp-json\/wp\/v2\/types\/post"}],"author":[{"embeddable":true,"href":"https:\/\/www.hoymercedes.com.ar\/principal\/wp-json\/wp\/v2\/users\/1"}],"replies":[{"embeddable":true,"href":"https:\/\/www.hoymercedes.com.ar\/principal\/wp-json\/wp\/v2\/comments?post=57934"}],"version-history":[{"count":0,"href":"https:\/\/www.hoymercedes.com.ar\/principal\/wp-json\/wp\/v2\/posts\/57934\/revisions"}],"wp:featuredmedia":[{"embeddable":true,"href":"https:\/\/www.hoymercedes.com.ar\/principal\/wp-json\/wp\/v2\/media\/57935"}],"wp:attachment":[{"href":"https:\/\/www.hoymercedes.com.ar\/principal\/wp-json\/wp\/v2\/media?parent=57934"}],"wp:term":[{"taxonomy":"category","embeddable":true,"href":"https:\/\/www.hoymercedes.com.ar\/principal\/wp-json\/wp\/v2\/categories?post=57934"},{"taxonomy":"post_tag","embeddable":true,"href":"https:\/\/www.hoymercedes.com.ar\/principal\/wp-json\/wp\/v2\/tags?post=57934"}],"curies":[{"name":"wp","href":"https:\/\/api.w.org\/{rel}","templated":true}]}}