{"id":580,"date":"2010-11-23T20:58:50","date_gmt":"2010-11-23T20:58:50","guid":{"rendered":"http:\/\/www.hoymercedes.com.ar\/principal\/?p=580"},"modified":"2010-11-23T20:58:51","modified_gmt":"2010-11-23T20:58:51","slug":"policia-recupera-moto-robada","status":"publish","type":"post","link":"https:\/\/www.hoymercedes.com.ar\/principal\/2010\/11\/23\/policia-recupera-moto-robada\/","title":{"rendered":"Policia recupera moto robada"},"content":{"rendered":"<p style=\"text-align: justify;\">Cuando promediaba las 20 hs aproximadamente del Lunes 22 , de averiguaciones practicadas y con anuencia de propietario de una vivienda sita en calle 102 e\/ 63 y 65 efectivos de la Estaci\u00f3n de Polic\u00eda Comunal Mercedes procedi\u00f3 en el interior de dicha propiedad a la incautaci\u00f3n de motovehiculo marca Mondial, de 110 cc, la cual posee pedido de secuestro activo por Hurto Motovehiculo.<\/p>\n<p style=\"text-align: justify;\">En la cauda tiene\u00a0 ingerencia la U.F.I. n\u00ba 3, Mercedes, en un hecho delictivo ocurrido el pasado 22 de marzo Estableci\u00e9ndose posteriormente que no seria ajeno al hecho hermano del morador de la vivienda.<\/p>\n<p style=\"text-align: justify;\"><span style=\"color: #888888;\">Fuente: Policia<\/span><\/p>\n","protected":false},"excerpt":{"rendered":"<p>Cuando promediaba las 20 hs aproximadamente del Lunes 22 , de averiguaciones practicadas y con anuencia de propietario de una &#8230; <a title=\"Policia recupera moto robada\" class=\"read-more\" href=\"https:\/\/www.hoymercedes.com.ar\/principal\/2010\/11\/23\/policia-recupera-moto-robada\/\" aria-label=\"Leer m\u00e1s sobre Policia recupera moto robada\">Leer m\u00e1s<\/a><\/p>\n","protected":false},"author":1,"featured_media":0,"comment_status":"open","ping_status":"open","sticky":false,"template":"","format":"standard","meta":{"_monsterinsights_skip_tracking":false,"_monsterinsights_sitenote_active":false,"_monsterinsights_sitenote_note":"","_monsterinsights_sitenote_category":0,"jetpack_post_was_ever_published":false,"_jetpack_newsletter_access":"","_jetpack_dont_email_post_to_subs":false,"_jetpack_newsletter_tier_id":0,"_jetpack_memberships_contains_paywalled_content":false,"_jetpack_memberships_contains_paid_content":false,"footnotes":"","jetpack_publicize_message":"","jetpack_publicize_feature_enabled":true,"jetpack_social_post_already_shared":false,"jetpack_social_options":{"image_generator_settings":{"template":"highway","default_image_id":0,"font":"","enabled":false},"version":2},"_wpas_customize_per_network":false},"categories":[85],"tags":[126,127],"class_list":["post-580","post","type-post","status-publish","format-standard","hentry","category-policial","tag-policia-mercedes","tag-robo-moto","generate-columns","tablet-grid-50","mobile-grid-100","grid-parent","grid-50"],"jetpack_publicize_connections":[],"jetpack_featured_media_url":"","wps_subtitle":"","jetpack_sharing_enabled":true,"_links":{"self":[{"href":"https:\/\/www.hoymercedes.com.ar\/principal\/wp-json\/wp\/v2\/posts\/580","targetHints":{"allow":["GET"]}}],"collection":[{"href":"https:\/\/www.hoymercedes.com.ar\/principal\/wp-json\/wp\/v2\/posts"}],"about":[{"href":"https:\/\/www.hoymercedes.com.ar\/principal\/wp-json\/wp\/v2\/types\/post"}],"author":[{"embeddable":true,"href":"https:\/\/www.hoymercedes.com.ar\/principal\/wp-json\/wp\/v2\/users\/1"}],"replies":[{"embeddable":true,"href":"https:\/\/www.hoymercedes.com.ar\/principal\/wp-json\/wp\/v2\/comments?post=580"}],"version-history":[{"count":0,"href":"https:\/\/www.hoymercedes.com.ar\/principal\/wp-json\/wp\/v2\/posts\/580\/revisions"}],"wp:attachment":[{"href":"https:\/\/www.hoymercedes.com.ar\/principal\/wp-json\/wp\/v2\/media?parent=580"}],"wp:term":[{"taxonomy":"category","embeddable":true,"href":"https:\/\/www.hoymercedes.com.ar\/principal\/wp-json\/wp\/v2\/categories?post=580"},{"taxonomy":"post_tag","embeddable":true,"href":"https:\/\/www.hoymercedes.com.ar\/principal\/wp-json\/wp\/v2\/tags?post=580"}],"curies":[{"name":"wp","href":"https:\/\/api.w.org\/{rel}","templated":true}]}}