{"id":5801,"date":"2011-07-26T01:53:32","date_gmt":"2011-07-26T01:53:32","guid":{"rendered":"http:\/\/www.hoymercedes.com.ar\/principal\/?p=5801"},"modified":"2011-07-26T01:53:32","modified_gmt":"2011-07-26T01:53:32","slug":"ustarroz-quiere-jerarquizar-la-salud-de-la-ciudad","status":"publish","type":"post","link":"https:\/\/www.hoymercedes.com.ar\/principal\/2011\/07\/26\/ustarroz-quiere-jerarquizar-la-salud-de-la-ciudad\/","title":{"rendered":"Ustarroz quiere jerarquizar la salud de la ciudad"},"content":{"rendered":"<figure id=\"attachment_5803\" aria-describedby=\"caption-attachment-5803\" style=\"width: 290px\" class=\"wp-caption alignleft\"><a href=\"https:\/\/www.hoymercedes.com.ar\/principal\/wp-content\/uploads\/2011\/07\/ustarroz-manzur-depedro.jpg\"><img loading=\"lazy\" decoding=\"async\" data-attachment-id=\"5803\" data-permalink=\"https:\/\/www.hoymercedes.com.ar\/principal\/2011\/07\/26\/ustarroz-quiere-jerarquizar-la-salud-de-la-ciudad\/ustarroz-manzur-depedro\/#main\" data-orig-file=\"https:\/\/www.hoymercedes.com.ar\/principal\/wp-content\/uploads\/2011\/07\/ustarroz-manzur-depedro.jpg\" data-orig-size=\"300,199\" data-comments-opened=\"1\" data-image-meta=\"{&quot;aperture&quot;:&quot;3.5&quot;,&quot;credit&quot;:&quot;&quot;,&quot;camera&quot;:&quot;NIKON D5000&quot;,&quot;caption&quot;:&quot;&quot;,&quot;created_timestamp&quot;:&quot;1245650605&quot;,&quot;copyright&quot;:&quot;&quot;,&quot;focal_length&quot;:&quot;20&quot;,&quot;iso&quot;:&quot;1400&quot;,&quot;shutter_speed&quot;:&quot;0.033333333333333&quot;,&quot;title&quot;:&quot;&quot;}\" data-image-title=\"Ustarroz, Manzur y  De Pedro\" data-image-description=\"&lt;p&gt;Ustarroz, Manzur y  De Pedro&lt;\/p&gt;\n\" data-image-caption=\"&lt;p&gt;Ustarroz, Manzur y  De Pedro&lt;\/p&gt;\n\" data-large-file=\"https:\/\/www.hoymercedes.com.ar\/principal\/wp-content\/uploads\/2011\/07\/ustarroz-manzur-depedro.jpg\" class=\"size-full wp-image-5803\" title=\"Ustarroz, Manzur y  De Pedro\" src=\"https:\/\/www.hoymercedes.com.ar\/principal\/wp-content\/uploads\/2011\/07\/ustarroz-manzur-depedro.jpg\" alt=\"Ustarroz, Manzur y  De Pedro\" width=\"300\" height=\"199\" \/><\/a><figcaption id=\"caption-attachment-5803\" class=\"wp-caption-text\">Ustarroz, Manzur y De Pedro<\/figcaption><\/figure>\n<p>Las reuniones que Juan Ustarroz tuvo en este tiempo con altos funcionarios del Ministerio de Salud y luego, la semana pasada, con el propio ministro Juan Manzur alentaron a que los equipos t\u00e9cnicos de salud, junto al candidato a Intendente realicen importantes gestiones para la ciudad.<\/p>\n<p>La idea de Ustarroz de jerarquizar la salud de la ciudad va de la mano con mejoras que son necesarias en Mercedes. El Programa Materno Infantil ser\u00e1 un gran avance, ya que las madres a punto de tener familia podr\u00e1n priorizar a Mercedes como el lugar de nacimiento de sus beb\u00e9s antes que lugares como J\u00e1uregui, Luj\u00e1n o Capital Federal. Adem\u00e1s, tener este Programa en Mercedes no genera gastos extras para la ciudad, ya que se financia con fondos del estado y el aporte de la cooperaci\u00f3n internacional.<\/p>\n<p>La finalidad del Materno Infantil es la de mejorar la calidad del nacimiento del ni\u00f1o, ya sea para el propio beb\u00e9 o su madre, reduciendo las posibilidades de enfermar o morir.<\/p>\n<p>La gesti\u00f3n, por parte de Ustarroz, del Materno Infantil reducir\u00e1 las desigualdades entre los indicadores de salud y mejorar\u00e1 la cobertura de los servicios. Sobre esto, Juani dice que \u201cesto sirve para posicionar a Mercedes como lugar de referencia y darle mayor relevancia regional, lo que conlleva a generar m\u00e1s recursos y mejorar el servicio de salud\u201d, indic\u00f3.<\/p>\n<p>Por otra parte, es un hecho que a la brevedad haya en Mercedes una ambulancia de alta complejidad. Luego de la reuni\u00f3n con Mazur, Ustarroz se mostr\u00f3 feliz por la ayuda que se le da a la poblaci\u00f3n con esta ambulancia que tendr\u00e1 la capacidad de poder mejorar la calidad de traslado de un paciente en grave estado o con riesgo de muerte y que no ocurra lo de la beba accidentada en la esquina de 46 y 15.<\/p>\n<p>\u201cNinguna de las ambulancias que hay en la ciudad tiene la capacidad tecnol\u00f3gica que tendr\u00e1 la que conseguimos y que estar\u00e1 pronto en Mercedes. El plateo que le realizamos al ministro Manzur fue serio y es por eso que nos brind\u00f3 lo necesario para poder traerla a Mercedes\u201d dijo Ustarroz, quien agreg\u00f3 que tambi\u00e9n generar\u00e1 trabajo, ya que habr\u00e1 que tener el personal necesario para que no vuelva a pasar otra vez una muerte que se pudo haber evitado.<\/p>\n<p>La idea de Ustarroz es que Mercedes crezca como lo ha hecho Chivilcoy en estos a\u00f1os, al punto de ser una ciudad modelo en la provincia. En materia de salud, la vecina localidad tiene 5 ambulancias, dos de ellas son de alta complejidad y 1 con neonatolog\u00eda, lo que significa un standard alto en calidad de salud, que es a lo que apunta Ustarroz a partir de diciembre.<\/p>\n","protected":false},"excerpt":{"rendered":"<p>Las reuniones que Juan Ustarroz tuvo en este tiempo con altos funcionarios del Ministerio de Salud y luego, la semana &#8230; <a title=\"Ustarroz quiere jerarquizar la salud de la ciudad\" class=\"read-more\" href=\"https:\/\/www.hoymercedes.com.ar\/principal\/2011\/07\/26\/ustarroz-quiere-jerarquizar-la-salud-de-la-ciudad\/\" aria-label=\"Leer m\u00e1s sobre Ustarroz quiere jerarquizar la salud de la ciudad\">Leer m\u00e1s<\/a><\/p>\n","protected":false},"author":1,"featured_media":0,"comment_status":"open","ping_status":"open","sticky":false,"template":"","format":"standard","meta":{"_monsterinsights_skip_tracking":false,"_monsterinsights_sitenote_active":false,"_monsterinsights_sitenote_note":"","_monsterinsights_sitenote_category":0,"jetpack_post_was_ever_published":false,"_jetpack_newsletter_access":"","_jetpack_dont_email_post_to_subs":false,"_jetpack_newsletter_tier_id":0,"_jetpack_memberships_contains_paywalled_content":false,"_jetpack_memberships_contains_paid_content":false,"footnotes":"","jetpack_publicize_message":"","jetpack_publicize_feature_enabled":true,"jetpack_social_post_already_shared":false,"jetpack_social_options":{"image_generator_settings":{"template":"highway","default_image_id":0,"font":"","enabled":false},"version":2},"_wpas_customize_per_network":false},"categories":[5],"tags":[1071,424],"class_list":["post-5801","post","type-post","status-publish","format-standard","hentry","category-politica","tag-manzur-y-de-pedro","tag-ustarroz","generate-columns","tablet-grid-50","mobile-grid-100","grid-parent","grid-50"],"jetpack_publicize_connections":[],"jetpack_featured_media_url":"","wps_subtitle":"","jetpack_sharing_enabled":true,"_links":{"self":[{"href":"https:\/\/www.hoymercedes.com.ar\/principal\/wp-json\/wp\/v2\/posts\/5801","targetHints":{"allow":["GET"]}}],"collection":[{"href":"https:\/\/www.hoymercedes.com.ar\/principal\/wp-json\/wp\/v2\/posts"}],"about":[{"href":"https:\/\/www.hoymercedes.com.ar\/principal\/wp-json\/wp\/v2\/types\/post"}],"author":[{"embeddable":true,"href":"https:\/\/www.hoymercedes.com.ar\/principal\/wp-json\/wp\/v2\/users\/1"}],"replies":[{"embeddable":true,"href":"https:\/\/www.hoymercedes.com.ar\/principal\/wp-json\/wp\/v2\/comments?post=5801"}],"version-history":[{"count":0,"href":"https:\/\/www.hoymercedes.com.ar\/principal\/wp-json\/wp\/v2\/posts\/5801\/revisions"}],"wp:attachment":[{"href":"https:\/\/www.hoymercedes.com.ar\/principal\/wp-json\/wp\/v2\/media?parent=5801"}],"wp:term":[{"taxonomy":"category","embeddable":true,"href":"https:\/\/www.hoymercedes.com.ar\/principal\/wp-json\/wp\/v2\/categories?post=5801"},{"taxonomy":"post_tag","embeddable":true,"href":"https:\/\/www.hoymercedes.com.ar\/principal\/wp-json\/wp\/v2\/tags?post=5801"}],"curies":[{"name":"wp","href":"https:\/\/api.w.org\/{rel}","templated":true}]}}