{"id":58100,"date":"2016-12-15T22:01:35","date_gmt":"2016-12-16T01:01:35","guid":{"rendered":"http:\/\/www.hoymercedes.com.ar\/principal\/?p=58100"},"modified":"2016-12-15T22:01:35","modified_gmt":"2016-12-16T01:01:35","slug":"reparan-dos-canos-maestros-de-agua","status":"publish","type":"post","link":"https:\/\/www.hoymercedes.com.ar\/principal\/2016\/12\/15\/reparan-dos-canos-maestros-de-agua\/","title":{"rendered":"Reparan dos ca\u00f1os maestros de agua"},"content":{"rendered":"<p>Durante las \u00faltimas jornadas se llev\u00f3 a cabo un fuerte accionar para reparar ca\u00f1os maestros de agua en distintos puntos de la localidad con el objetivo de mantener el servicio y actuar sobre ca\u00f1er\u00edas de antig\u00fcedad que requieren un constante mantenimiento.<\/p>\n<p>El lunes por la noche en avenida 17 entre 4 y 6 se efectu\u00f3 una significativa mejora que llev\u00f3 a que cerca de las 22 horas se iniciaran las tareas que finalizaron pasada la medianoche. Se trat\u00f3 de un ca\u00f1o de agua que afectaba a toda la zona y que adem\u00e1s lanzaba gran cantidad de l\u00edquido a la avenida 17 y con sentido a la Av. 2.<\/p>\n<p>El trabajo requiri\u00f3 participaci\u00f3n de un importante n\u00famero de trabajadores del Corral\u00f3n, una pala mec\u00e1nica, cami\u00f3n con herramientas y repuestos y el corte de energ\u00eda el\u00e9ctrica dado que muy cerca del ca\u00f1o de agua pasa uno de la empresa EDEN con dos cables de alta tensi\u00f3n generando el l\u00f3gico peligro. Fue resuelto en poco m\u00e1s de dos horas y r\u00e1pidamente todo regres\u00f3 a la normalidad sin necesidad de cortar el suministro para los vecinos.<\/p>\n<p>La otra reparaci\u00f3n de importancia se efectu\u00f3 en calle 15 y 52 donde nuevamente personal del Corral\u00f3n dependiente del \u00e1rea de Servicios P\u00fablicos concretaron las tareas.\u00a0 En este caso se realiz\u00f3 la reparaci\u00f3n de un ca\u00f1o maestro \u00a0por donde pasa un gran caudal de agua que suministra a buena parte de la ciudad y, por supuesto, las barriadas de la zona siendo para miles de mercedinos el servicio prestado. Ac\u00e1 se actu\u00f3 fundamentalmente en lo que denominan \u201ccabezales de ca\u00f1o maestro\u201d.<\/p>\n<p>Fuente: Prensa Municipal<\/p>\n","protected":false},"excerpt":{"rendered":"<p>Durante las \u00faltimas jornadas se llev\u00f3 a cabo un fuerte accionar para reparar ca\u00f1os maestros de agua en distintos puntos &#8230; <a title=\"Reparan dos ca\u00f1os maestros de agua\" class=\"read-more\" href=\"https:\/\/www.hoymercedes.com.ar\/principal\/2016\/12\/15\/reparan-dos-canos-maestros-de-agua\/\" aria-label=\"Leer m\u00e1s sobre Reparan dos ca\u00f1os maestros de agua\">Leer m\u00e1s<\/a><\/p>\n","protected":false},"author":1,"featured_media":58101,"comment_status":"closed","ping_status":"open","sticky":false,"template":"","format":"standard","meta":{"_monsterinsights_skip_tracking":false,"_monsterinsights_sitenote_active":false,"_monsterinsights_sitenote_note":"","_monsterinsights_sitenote_category":0,"jetpack_post_was_ever_published":false,"_jetpack_newsletter_access":"","_jetpack_dont_email_post_to_subs":false,"_jetpack_newsletter_tier_id":0,"_jetpack_memberships_contains_paywalled_content":false,"_jetpack_memberships_contains_paid_content":false,"footnotes":"","jetpack_publicize_message":"","jetpack_publicize_feature_enabled":true,"jetpack_social_post_already_shared":true,"jetpack_social_options":{"image_generator_settings":{"template":"highway","default_image_id":0,"font":"","enabled":false},"version":2},"_wpas_customize_per_network":false},"categories":[30],"tags":[8620,8628],"class_list":["post-58100","post","type-post","status-publish","format-standard","has-post-thumbnail","hentry","category-municipio","tag-arreglos","tag-servicios-publicos","generate-columns","tablet-grid-50","mobile-grid-100","grid-parent","grid-50"],"jetpack_publicize_connections":[],"jetpack_featured_media_url":"https:\/\/www.hoymercedes.com.ar\/principal\/wp-content\/uploads\/2016\/12\/15-arreglo-agua.jpg","wps_subtitle":"Servicios Publicos","jetpack_sharing_enabled":true,"_links":{"self":[{"href":"https:\/\/www.hoymercedes.com.ar\/principal\/wp-json\/wp\/v2\/posts\/58100","targetHints":{"allow":["GET"]}}],"collection":[{"href":"https:\/\/www.hoymercedes.com.ar\/principal\/wp-json\/wp\/v2\/posts"}],"about":[{"href":"https:\/\/www.hoymercedes.com.ar\/principal\/wp-json\/wp\/v2\/types\/post"}],"author":[{"embeddable":true,"href":"https:\/\/www.hoymercedes.com.ar\/principal\/wp-json\/wp\/v2\/users\/1"}],"replies":[{"embeddable":true,"href":"https:\/\/www.hoymercedes.com.ar\/principal\/wp-json\/wp\/v2\/comments?post=58100"}],"version-history":[{"count":0,"href":"https:\/\/www.hoymercedes.com.ar\/principal\/wp-json\/wp\/v2\/posts\/58100\/revisions"}],"wp:featuredmedia":[{"embeddable":true,"href":"https:\/\/www.hoymercedes.com.ar\/principal\/wp-json\/wp\/v2\/media\/58101"}],"wp:attachment":[{"href":"https:\/\/www.hoymercedes.com.ar\/principal\/wp-json\/wp\/v2\/media?parent=58100"}],"wp:term":[{"taxonomy":"category","embeddable":true,"href":"https:\/\/www.hoymercedes.com.ar\/principal\/wp-json\/wp\/v2\/categories?post=58100"},{"taxonomy":"post_tag","embeddable":true,"href":"https:\/\/www.hoymercedes.com.ar\/principal\/wp-json\/wp\/v2\/tags?post=58100"}],"curies":[{"name":"wp","href":"https:\/\/api.w.org\/{rel}","templated":true}]}}