{"id":58114,"date":"2016-12-16T12:45:06","date_gmt":"2016-12-16T15:45:06","guid":{"rendered":"http:\/\/www.hoymercedes.com.ar\/principal\/?p=58114"},"modified":"2016-12-16T09:13:49","modified_gmt":"2016-12-16T12:13:49","slug":"el-municipio-mantuvo-reunion-con-funcionarios-de-sedronar","status":"publish","type":"post","link":"https:\/\/www.hoymercedes.com.ar\/principal\/2016\/12\/16\/el-municipio-mantuvo-reunion-con-funcionarios-de-sedronar\/","title":{"rendered":"El Municipio mantuvo reuni\u00f3n con funcionarios de SEDRONAR"},"content":{"rendered":"<p>Este jueves por la ma\u00f1ana el intendente municipal Juan Ignacio Ustarroz recibi\u00f3 a representantes de la Secretar\u00eda de Programaci\u00f3n para la Prevenci\u00f3n de la Drogadicci\u00f3n y la Lucha contra el Narcotr\u00e1fico. En el encuentro debatieron la realidad actual, los programas desplegados, las obras y acciones pensadas para el futuro cercano y tambi\u00e9n sobre distintas legislaciones y medidas vinculadas a la nocturnidad.<\/p>\n<p>Lidia Saya, Subsecretaria de SEDRONAR, la Lic. \u00c9rica Tejera del Equipo de Coordinaci\u00f3n de Abordaje Integral y el Dr. Federico \u00c1lvarez del \u00e1rea Asistencia t\u00e9cnica y legal del SEDRONAR se acercaron a nuestra ciudad para mantener un encuentro con el primer mandatario local en su despacho privada para luego salir a recorrer distintos puntos donde observaron obras e implementaci\u00f3n efectivas de medidas elaboradas tanto desde el nivel local como provincial y nacional.<\/p>\n<p>\u201cPara nosotros es muy valioso poder continuar el trabajo en conjunto con las distintas \u00e1reas que desde diversos niveles de gesti\u00f3n se vinculan a problem\u00e1ticas profundas y arraigas en la sociedad toda, como es el consumo de sustancias nocivas para la salud. Hoy recibimos a funcionarios y trabajadores del Sedronar c\u00f3mo tambi\u00e9n aquellos que desde lo local act\u00faan cotidianamente\u201d, expres\u00f3 entre otros conceptos el intendente municipal.<\/p>\n<p>Lic. Lorena Campelo, Directora del CEPLA Mercedes y\u00a0 Julio Maldonado vicedirector tambi\u00e9n fueron parte de la actividad, la recorrida y el momento de debate e intercambio.<\/p>\n<p>La Municipalidad de Mercedes contin\u00faa de \u00e9sta manera trabajando de manera abierta y articulada con distintas \u00e1reas de gesti\u00f3n tanto a nivel provincial como nacional.<\/p>\n<p>&nbsp;<\/p>\n<p>Fuente: Prensa Municipal<\/p>\n","protected":false},"excerpt":{"rendered":"<p>Este jueves por la ma\u00f1ana el intendente municipal Juan Ignacio Ustarroz recibi\u00f3 a representantes de la Secretar\u00eda de Programaci\u00f3n para &#8230; <a title=\"El Municipio mantuvo reuni\u00f3n con funcionarios de SEDRONAR\" class=\"read-more\" href=\"https:\/\/www.hoymercedes.com.ar\/principal\/2016\/12\/16\/el-municipio-mantuvo-reunion-con-funcionarios-de-sedronar\/\" aria-label=\"Leer m\u00e1s sobre El Municipio mantuvo reuni\u00f3n con funcionarios de SEDRONAR\">Leer m\u00e1s<\/a><\/p>\n","protected":false},"author":1,"featured_media":58115,"comment_status":"closed","ping_status":"open","sticky":false,"template":"","format":"standard","meta":{"_monsterinsights_skip_tracking":false,"_monsterinsights_sitenote_active":false,"_monsterinsights_sitenote_note":"","_monsterinsights_sitenote_category":0,"jetpack_post_was_ever_published":false,"_jetpack_newsletter_access":"","_jetpack_dont_email_post_to_subs":false,"_jetpack_newsletter_tier_id":0,"_jetpack_memberships_contains_paywalled_content":false,"_jetpack_memberships_contains_paid_content":false,"footnotes":"","jetpack_publicize_message":"","jetpack_publicize_feature_enabled":true,"jetpack_social_post_already_shared":true,"jetpack_social_options":{"image_generator_settings":{"template":"highway","default_image_id":0,"font":"","enabled":false},"version":2},"_wpas_customize_per_network":false},"categories":[30],"tags":[244,4928],"class_list":["post-58114","post","type-post","status-publish","format-standard","has-post-thumbnail","hentry","category-municipio","tag-municipio-2","tag-sedronar","generate-columns","tablet-grid-50","mobile-grid-100","grid-parent","grid-50"],"jetpack_publicize_connections":[],"jetpack_featured_media_url":"https:\/\/www.hoymercedes.com.ar\/principal\/wp-content\/uploads\/2016\/12\/16-Sedronar.jpeg","wps_subtitle":"El jueves a la ma\u00f1ana","jetpack_sharing_enabled":true,"_links":{"self":[{"href":"https:\/\/www.hoymercedes.com.ar\/principal\/wp-json\/wp\/v2\/posts\/58114","targetHints":{"allow":["GET"]}}],"collection":[{"href":"https:\/\/www.hoymercedes.com.ar\/principal\/wp-json\/wp\/v2\/posts"}],"about":[{"href":"https:\/\/www.hoymercedes.com.ar\/principal\/wp-json\/wp\/v2\/types\/post"}],"author":[{"embeddable":true,"href":"https:\/\/www.hoymercedes.com.ar\/principal\/wp-json\/wp\/v2\/users\/1"}],"replies":[{"embeddable":true,"href":"https:\/\/www.hoymercedes.com.ar\/principal\/wp-json\/wp\/v2\/comments?post=58114"}],"version-history":[{"count":0,"href":"https:\/\/www.hoymercedes.com.ar\/principal\/wp-json\/wp\/v2\/posts\/58114\/revisions"}],"wp:featuredmedia":[{"embeddable":true,"href":"https:\/\/www.hoymercedes.com.ar\/principal\/wp-json\/wp\/v2\/media\/58115"}],"wp:attachment":[{"href":"https:\/\/www.hoymercedes.com.ar\/principal\/wp-json\/wp\/v2\/media?parent=58114"}],"wp:term":[{"taxonomy":"category","embeddable":true,"href":"https:\/\/www.hoymercedes.com.ar\/principal\/wp-json\/wp\/v2\/categories?post=58114"},{"taxonomy":"post_tag","embeddable":true,"href":"https:\/\/www.hoymercedes.com.ar\/principal\/wp-json\/wp\/v2\/tags?post=58114"}],"curies":[{"name":"wp","href":"https:\/\/api.w.org\/{rel}","templated":true}]}}