{"id":58125,"date":"2016-12-16T18:34:48","date_gmt":"2016-12-16T21:34:48","guid":{"rendered":"http:\/\/www.hoymercedes.com.ar\/principal\/?p=58125"},"modified":"2016-12-16T18:34:48","modified_gmt":"2016-12-16T21:34:48","slug":"tras-allanamientos-detienen-a-autores-de-robo-a-vinoteca","status":"publish","type":"post","link":"https:\/\/www.hoymercedes.com.ar\/principal\/2016\/12\/16\/tras-allanamientos-detienen-a-autores-de-robo-a-vinoteca\/","title":{"rendered":"Tras allanamientos detienen a autores de robo a vinoteca"},"content":{"rendered":"<p><img loading=\"lazy\" decoding=\"async\" data-attachment-id=\"58126\" data-permalink=\"https:\/\/www.hoymercedes.com.ar\/principal\/2016\/12\/16\/tras-allanamientos-detienen-a-autores-de-robo-a-vinoteca\/vinoteca\/#main\" data-orig-file=\"https:\/\/www.hoymercedes.com.ar\/principal\/wp-content\/uploads\/2016\/12\/vinoteca.jpeg\" data-orig-size=\"606,480\" data-comments-opened=\"0\" data-image-meta=\"{&quot;aperture&quot;:&quot;0&quot;,&quot;credit&quot;:&quot;&quot;,&quot;camera&quot;:&quot;&quot;,&quot;caption&quot;:&quot;&quot;,&quot;created_timestamp&quot;:&quot;0&quot;,&quot;copyright&quot;:&quot;&quot;,&quot;focal_length&quot;:&quot;0&quot;,&quot;iso&quot;:&quot;0&quot;,&quot;shutter_speed&quot;:&quot;0&quot;,&quot;title&quot;:&quot;&quot;,&quot;orientation&quot;:&quot;0&quot;}\" data-image-title=\"vinoteca\" data-image-description=\"\" data-image-caption=\"\" data-large-file=\"https:\/\/www.hoymercedes.com.ar\/principal\/wp-content\/uploads\/2016\/12\/vinoteca.jpeg\" class=\"aligncenter size-full wp-image-58126\" src=\"https:\/\/www.hoymercedes.com.ar\/principal\/wp-content\/uploads\/2016\/12\/vinoteca.jpeg\" alt=\"\" width=\"606\" height=\"480\" srcset=\"https:\/\/www.hoymercedes.com.ar\/principal\/wp-content\/uploads\/2016\/12\/vinoteca.jpeg 606w, https:\/\/www.hoymercedes.com.ar\/principal\/wp-content\/uploads\/2016\/12\/vinoteca-150x119.jpeg 150w\" sizes=\"auto, (max-width: 606px) 100vw, 606px\" \/>El robo lo padeci\u00f3 el vecino Gamba Juan Ignacio, titular de la vinotera \u201cParamo\u201d de 20 y 23. Fue durante horas de la noche donde los ahora detenidos sustraen gran cantidad de bebidas alcoh\u00f3licas.<\/p>\n<p>Una vez conocido el hecho personal del Gabinete de Prevenci\u00f3n Criminol\u00f3gica\u00a0 realiza averiguaciones logrando determinar que los autores del il\u00edcito estar\u00edan ofertando las bebidas a la venta, en un domicilio cercano al comercio damnificado.<\/p>\n<p>Tras los primeros indicios realiza el equipo de la polic\u00eda tareas investigativas en forma encubierta y es as\u00ed que se logra identificar a los moradores de un departamento de calle 23 entre 18 y 20 de este medio, los cuales ofertan al personal policial que se hac\u00eda pasar por posibles compradores de bebidas, lo sustra\u00eddo al comercio, es por ello que puesto en conocimiento de esto al se\u00f1or agente fiscal de intervenci\u00f3n, dispone allanamiento fiscal sobre la morada, logrando el secuestro de tres cajas de vino marca Latitud 33, una caja de vino espumante, marca Chandon, una caja incompleta de whisky, marca Ballantines, una caja de vino marca Love, ocho pack de cerveza, marca Heineken en lata por 500 c.c., un pack de cerveza, marca Schneider, una caja de vino, marca Alma Mora,\u00a0 una caja de espumante, marca Navarro Correa, una caja de Vodka Smirnoff, dos caja de sidra marca 1888 y un respirador artificial, siendo esto casi la totalidad de la mercader\u00eda sustra\u00edda, por lo que en la Urgencia a ra\u00edz de los medios de prueba existentes se procede a la Aprehensi\u00f3n de los involucrados de apellido Cammi y Viettes<\/p>\n<p>Act\u00faa en el tema el Dr. Massaroni Guillermo, fiscal a cargo de la investigaci\u00f3n, quien avala lo actuado y dispone se eleven actuaciones realizadas como as\u00ed tambi\u00e9n se traslade a los aprehendidos a primera audiencia en sede fiscal. Interviene Unidad Funcional de Instrucci\u00f3n N\u00b0 6, a cargo del mencionado letrado.<\/p>\n<p>Por su parte, el Comisario Macedo como el \u00e1rea de seguridad municipal expres\u00f3 su satisfacci\u00f3n por lo actuado por los efectivos y dar r\u00e1pida respuesta a los comerciantes locales<\/p>\n","protected":false},"excerpt":{"rendered":"<p>El robo lo padeci\u00f3 el vecino Gamba Juan Ignacio, titular de la vinotera \u201cParamo\u201d de 20 y 23. Fue durante &#8230; <a title=\"Tras allanamientos detienen a autores de robo a vinoteca\" class=\"read-more\" href=\"https:\/\/www.hoymercedes.com.ar\/principal\/2016\/12\/16\/tras-allanamientos-detienen-a-autores-de-robo-a-vinoteca\/\" aria-label=\"Leer m\u00e1s sobre Tras allanamientos detienen a autores de robo a vinoteca\">Leer m\u00e1s<\/a><\/p>\n","protected":false},"author":1,"featured_media":58126,"comment_status":"closed","ping_status":"open","sticky":false,"template":"","format":"standard","meta":{"_monsterinsights_skip_tracking":false,"_monsterinsights_sitenote_active":false,"_monsterinsights_sitenote_note":"","_monsterinsights_sitenote_category":0,"jetpack_post_was_ever_published":false,"_jetpack_newsletter_access":"","_jetpack_dont_email_post_to_subs":false,"_jetpack_newsletter_tier_id":0,"_jetpack_memberships_contains_paywalled_content":false,"_jetpack_memberships_contains_paid_content":false,"footnotes":"","jetpack_publicize_message":"","jetpack_publicize_feature_enabled":true,"jetpack_social_post_already_shared":true,"jetpack_social_options":{"image_generator_settings":{"template":"highway","default_image_id":0,"font":"","enabled":false},"version":2},"_wpas_customize_per_network":false},"categories":[85],"tags":[],"class_list":["post-58125","post","type-post","status-publish","format-standard","has-post-thumbnail","hentry","category-policial","generate-columns","tablet-grid-50","mobile-grid-100","grid-parent","grid-50"],"jetpack_publicize_connections":[],"jetpack_featured_media_url":"https:\/\/www.hoymercedes.com.ar\/principal\/wp-content\/uploads\/2016\/12\/vinoteca.jpeg","wps_subtitle":"Y recuperan mercaderia","jetpack_sharing_enabled":true,"_links":{"self":[{"href":"https:\/\/www.hoymercedes.com.ar\/principal\/wp-json\/wp\/v2\/posts\/58125","targetHints":{"allow":["GET"]}}],"collection":[{"href":"https:\/\/www.hoymercedes.com.ar\/principal\/wp-json\/wp\/v2\/posts"}],"about":[{"href":"https:\/\/www.hoymercedes.com.ar\/principal\/wp-json\/wp\/v2\/types\/post"}],"author":[{"embeddable":true,"href":"https:\/\/www.hoymercedes.com.ar\/principal\/wp-json\/wp\/v2\/users\/1"}],"replies":[{"embeddable":true,"href":"https:\/\/www.hoymercedes.com.ar\/principal\/wp-json\/wp\/v2\/comments?post=58125"}],"version-history":[{"count":0,"href":"https:\/\/www.hoymercedes.com.ar\/principal\/wp-json\/wp\/v2\/posts\/58125\/revisions"}],"wp:featuredmedia":[{"embeddable":true,"href":"https:\/\/www.hoymercedes.com.ar\/principal\/wp-json\/wp\/v2\/media\/58126"}],"wp:attachment":[{"href":"https:\/\/www.hoymercedes.com.ar\/principal\/wp-json\/wp\/v2\/media?parent=58125"}],"wp:term":[{"taxonomy":"category","embeddable":true,"href":"https:\/\/www.hoymercedes.com.ar\/principal\/wp-json\/wp\/v2\/categories?post=58125"},{"taxonomy":"post_tag","embeddable":true,"href":"https:\/\/www.hoymercedes.com.ar\/principal\/wp-json\/wp\/v2\/tags?post=58125"}],"curies":[{"name":"wp","href":"https:\/\/api.w.org\/{rel}","templated":true}]}}