{"id":58203,"date":"2016-12-19T09:17:21","date_gmt":"2016-12-19T12:17:21","guid":{"rendered":"http:\/\/www.hoymercedes.com.ar\/principal\/?p=58203"},"modified":"2016-12-19T09:17:21","modified_gmt":"2016-12-19T12:17:21","slug":"accidente-con-suerte-en-la-ruta-5","status":"publish","type":"post","link":"https:\/\/www.hoymercedes.com.ar\/principal\/2016\/12\/19\/accidente-con-suerte-en-la-ruta-5\/","title":{"rendered":"Accidente con suerte en la ruta 5"},"content":{"rendered":"<p><img loading=\"lazy\" decoding=\"async\" data-attachment-id=\"58202\" data-permalink=\"https:\/\/www.hoymercedes.com.ar\/principal\/20161218_165827-640x360\/\" data-orig-file=\"https:\/\/www.hoymercedes.com.ar\/principal\/wp-content\/uploads\/2016\/12\/20161218_165827-640x360.jpg\" data-orig-size=\"640,360\" data-comments-opened=\"0\" data-image-meta=\"{&quot;aperture&quot;:&quot;0&quot;,&quot;credit&quot;:&quot;&quot;,&quot;camera&quot;:&quot;&quot;,&quot;caption&quot;:&quot;&quot;,&quot;created_timestamp&quot;:&quot;0&quot;,&quot;copyright&quot;:&quot;&quot;,&quot;focal_length&quot;:&quot;0&quot;,&quot;iso&quot;:&quot;0&quot;,&quot;shutter_speed&quot;:&quot;0&quot;,&quot;title&quot;:&quot;&quot;,&quot;orientation&quot;:&quot;0&quot;}\" data-image-title=\"20161218_165827-640&amp;#215;360\" data-image-description=\"\" data-image-caption=\"\" data-large-file=\"https:\/\/www.hoymercedes.com.ar\/principal\/wp-content\/uploads\/2016\/12\/20161218_165827-640x360.jpg\" class=\"aligncenter size-medium wp-image-58202\" src=\"https:\/\/www.hoymercedes.com.ar\/principal\/wp-content\/uploads\/2016\/12\/20161218_165827-640x360-630x354.jpg\" alt=\"\" width=\"630\" height=\"354\" srcset=\"https:\/\/www.hoymercedes.com.ar\/principal\/wp-content\/uploads\/2016\/12\/20161218_165827-640x360-630x354.jpg 630w, https:\/\/www.hoymercedes.com.ar\/principal\/wp-content\/uploads\/2016\/12\/20161218_165827-640x360-150x84.jpg 150w, https:\/\/www.hoymercedes.com.ar\/principal\/wp-content\/uploads\/2016\/12\/20161218_165827-640x360.jpg 640w\" sizes=\"auto, (max-width: 630px) 100vw, 630px\" \/>Ayer en la ruta nacional N\u00b0 5 a la altura del kil\u00f3metro 87 se produjo un accidente de tr\u00e1nsito alrededor de las 15 horas.<\/p>\n<p>El veh\u00edculo en el que circulaba el mercedino que fue identificado como Yonathan Gonz\u00e1lez, de 25 a\u00f1os quien trabaja como guardia c\u00e1rcel en Campana, era un BMW 328. Por causas que son materia de investigaci\u00f3n, cuando sali\u00f3 del peaje hizo poco menos de un kil\u00f3metro y perdi\u00f3 el control del veh\u00edculo, cruzando de una v\u00eda hacia la otra y golpeando contra un pilote de material (indicador de la cercan\u00eda del peaje) a metros de la mano contraria.<\/p>\n<p>El conductor qued\u00f3 con un pie atrapado en el auto por lo que debi\u00f3 ser auxiliado por Bomberos Voluntarios de la ciudad, que trabajaron por algo m\u00e1s de una hora. Afortunadamente, el joven se encontraba conciente y fue llevado al hospital Blas L. Dubarry para su atenci\u00f3n.<\/p>\n","protected":false},"excerpt":{"rendered":"<p>Ayer en la ruta nacional N\u00b0 5 a la altura del kil\u00f3metro 87 se produjo un accidente de tr\u00e1nsito alrededor &#8230; <a title=\"Accidente con suerte en la ruta 5\" class=\"read-more\" href=\"https:\/\/www.hoymercedes.com.ar\/principal\/2016\/12\/19\/accidente-con-suerte-en-la-ruta-5\/\" aria-label=\"Leer m\u00e1s sobre Accidente con suerte en la ruta 5\">Leer m\u00e1s<\/a><\/p>\n","protected":false},"author":1,"featured_media":58202,"comment_status":"closed","ping_status":"open","sticky":false,"template":"","format":"standard","meta":{"_monsterinsights_skip_tracking":false,"_monsterinsights_sitenote_active":false,"_monsterinsights_sitenote_note":"","_monsterinsights_sitenote_category":0,"jetpack_post_was_ever_published":false,"_jetpack_newsletter_access":"","_jetpack_dont_email_post_to_subs":false,"_jetpack_newsletter_tier_id":0,"_jetpack_memberships_contains_paywalled_content":false,"_jetpack_memberships_contains_paid_content":false,"footnotes":"","jetpack_publicize_message":"","jetpack_publicize_feature_enabled":true,"jetpack_social_post_already_shared":true,"jetpack_social_options":{"image_generator_settings":{"template":"highway","default_image_id":0,"font":"","enabled":false},"version":2},"_wpas_customize_per_network":false},"categories":[85],"tags":[],"class_list":["post-58203","post","type-post","status-publish","format-standard","has-post-thumbnail","hentry","category-policial","generate-columns","tablet-grid-50","mobile-grid-100","grid-parent","grid-50"],"jetpack_publicize_connections":[],"jetpack_featured_media_url":"https:\/\/www.hoymercedes.com.ar\/principal\/wp-content\/uploads\/2016\/12\/20161218_165827-640x360.jpg","wps_subtitle":"Ayer","jetpack_sharing_enabled":true,"_links":{"self":[{"href":"https:\/\/www.hoymercedes.com.ar\/principal\/wp-json\/wp\/v2\/posts\/58203","targetHints":{"allow":["GET"]}}],"collection":[{"href":"https:\/\/www.hoymercedes.com.ar\/principal\/wp-json\/wp\/v2\/posts"}],"about":[{"href":"https:\/\/www.hoymercedes.com.ar\/principal\/wp-json\/wp\/v2\/types\/post"}],"author":[{"embeddable":true,"href":"https:\/\/www.hoymercedes.com.ar\/principal\/wp-json\/wp\/v2\/users\/1"}],"replies":[{"embeddable":true,"href":"https:\/\/www.hoymercedes.com.ar\/principal\/wp-json\/wp\/v2\/comments?post=58203"}],"version-history":[{"count":0,"href":"https:\/\/www.hoymercedes.com.ar\/principal\/wp-json\/wp\/v2\/posts\/58203\/revisions"}],"wp:featuredmedia":[{"embeddable":true,"href":"https:\/\/www.hoymercedes.com.ar\/principal\/wp-json\/wp\/v2\/media\/58202"}],"wp:attachment":[{"href":"https:\/\/www.hoymercedes.com.ar\/principal\/wp-json\/wp\/v2\/media?parent=58203"}],"wp:term":[{"taxonomy":"category","embeddable":true,"href":"https:\/\/www.hoymercedes.com.ar\/principal\/wp-json\/wp\/v2\/categories?post=58203"},{"taxonomy":"post_tag","embeddable":true,"href":"https:\/\/www.hoymercedes.com.ar\/principal\/wp-json\/wp\/v2\/tags?post=58203"}],"curies":[{"name":"wp","href":"https:\/\/api.w.org\/{rel}","templated":true}]}}