{"id":58208,"date":"2016-12-19T16:13:42","date_gmt":"2016-12-19T19:13:42","guid":{"rendered":"http:\/\/www.hoymercedes.com.ar\/principal\/?p=58208"},"modified":"2016-12-19T16:13:42","modified_gmt":"2016-12-19T19:13:42","slug":"municipio-entrego-un-tractor-a-la-escuela-agrotecnica-para-sus-procesos-educativa","status":"publish","type":"post","link":"https:\/\/www.hoymercedes.com.ar\/principal\/2016\/12\/19\/municipio-entrego-un-tractor-a-la-escuela-agrotecnica-para-sus-procesos-educativa\/","title":{"rendered":"Municipio entreg\u00f3 un tractor a la Escuela Agrot\u00e9cnica para sus procesos educativa"},"content":{"rendered":"<p>Gran alegr\u00eda se vivi\u00f3 el pasado viernes en el sentido y emotivo acto de egreso 2016 en la Escuela Agrot\u00e9cnica de nuestra localidad. En el encuentro el intendente Ustarroz hizo entrega efectiva de un tractor cero km a la directora del establecimiento Sandra Almada quien record\u00f3 que hace muchos a\u00f1os luchaban por \u00e9ste sue\u00f1o que hoy es una realidad y que ser\u00e1 de gran utilidad para los procesos de ense\u00f1anza aprendizaje que los chicos realizan en la querida instituci\u00f3n educativa. La Comuna tambi\u00e9n dio a conocer otros datos de importante inversi\u00f3n en materia educativa.<\/p>\n<p>Cuando la instituci\u00f3n educativa cumpl\u00eda 35 a\u00f1os, hace apenas un par de meses, la directora Sandra Almada record\u00f3 una vez m\u00e1s que hace much\u00edsimos a\u00f1os viene luchando por tener un tractor en la escuela donde justamente se trabaja con dicha herramienta, que era una ilusi\u00f3n que no se hab\u00eda logrado y que cada vez se pon\u00eda m\u00e1s lejos. El intendente Ustarroz, que en dicho acto adem\u00e1s hab\u00eda recibido el agradecimiento por las obras tambi\u00e9n realizadas en pintura y electricidad tom\u00f3 nota del pedido y le asegur\u00f3 que ser\u00eda una realidad. Esa breve historia es el inicio de lo que se vivi\u00f3 el pasado viernes<\/p>\n<p>Mientras la escuela desped\u00eda emotivamente a quienes se egresan, con la participaci\u00f3n de las familias, amigos, compa\u00f1eros, funcionarios y el primer mandatario local por el otro lado ten\u00edan una grata noticia: hab\u00eda llegado el tractor.<\/p>\n<p><img loading=\"lazy\" decoding=\"async\" data-attachment-id=\"58211\" data-permalink=\"https:\/\/www.hoymercedes.com.ar\/principal\/2016\/12\/19\/municipio-entrego-un-tractor-a-la-escuela-agrotecnica-para-sus-procesos-educativa\/19-agro-tractor-3\/#main\" data-orig-file=\"https:\/\/www.hoymercedes.com.ar\/principal\/wp-content\/uploads\/2016\/12\/19-agro-tractor-3.jpg\" data-orig-size=\"630,419\" data-comments-opened=\"0\" data-image-meta=\"{&quot;aperture&quot;:&quot;3.5&quot;,&quot;credit&quot;:&quot;???????????????????&quot;,&quot;camera&quot;:&quot;NIKON D3&quot;,&quot;caption&quot;:&quot;????????????????????????????????????&quot;,&quot;created_timestamp&quot;:&quot;1481919132&quot;,&quot;copyright&quot;:&quot;Sebastian Ambrossio_&quot;,&quot;focal_length&quot;:&quot;32&quot;,&quot;iso&quot;:&quot;1600&quot;,&quot;shutter_speed&quot;:&quot;0.008&quot;,&quot;title&quot;:&quot;&quot;,&quot;orientation&quot;:&quot;1&quot;}\" data-image-title=\"19 agro tractor 3\" data-image-description=\"\" data-image-caption=\"\" data-large-file=\"https:\/\/www.hoymercedes.com.ar\/principal\/wp-content\/uploads\/2016\/12\/19-agro-tractor-3.jpg\" class=\"aligncenter size-medium wp-image-58211\" src=\"https:\/\/www.hoymercedes.com.ar\/principal\/wp-content\/uploads\/2016\/12\/19-agro-tractor-3-630x419.jpg\" alt=\"\" width=\"630\" height=\"419\" srcset=\"https:\/\/www.hoymercedes.com.ar\/principal\/wp-content\/uploads\/2016\/12\/19-agro-tractor-3.jpg 630w, https:\/\/www.hoymercedes.com.ar\/principal\/wp-content\/uploads\/2016\/12\/19-agro-tractor-3-150x100.jpg 150w, https:\/\/www.hoymercedes.com.ar\/principal\/wp-content\/uploads\/2016\/12\/19-agro-tractor-3-300x200.jpg 300w\" sizes=\"auto, (max-width: 630px) 100vw, 630px\" \/><\/p>\n<p>\u201cY un d\u00eda lleg\u00f3 mi tan deseado tractor\u201d, expresaba Sandra Almada a la vez que sosten\u00eda que \u201cLos que me conocen saben las veces que lo intent\u00e9. Gracias al intendente de mi ciudad Juan Ustarroz y a dos personas de su equipo que participaron activamente, desde ayudarme a presentar la nota en mesa de entrada, seguir el expediente, hacerlo firmar por las personas correspondientes, etc ,etc ellos son Luis Ponce y Ger\u00f3nimo Ustarroz\u201d comentaba tambi\u00e9n en las redes sociales obteniendo el apoyo de sus amigos y seguidores con m\u00e1s de un centenar de expresiones positivas \u201cSoy Feliz ,y toda una comunidad Educativa de la Escuela Agraria\u201d cerraba la luchadora directora y conocida docente de nuestra localidad.<\/p>\n<p>Por su parte Juan Ignacio Ustarroz felicit\u00f3 a \u201ctoda la comunidad educativa. Se nota la unidad, la lucha, la vocaci\u00f3n que d\u00eda a d\u00eda ponen, los docentes, los padres, los alumnos, los directivos. Es un orgullo estar hoy ac\u00e1 con ustedes, ser parte de un momento que quedar\u00e1 en el recuerdo, los chicos que se egresan y la nueva herramienta educativa que sumamos, porque, que ustedes estudian m\u00e1s y mejor es algo que nos beneficia a todos como sociedad\u201d coment\u00f3 en el acto que se lleg\u00f3 a cabo en el predio de la escuela felicitando a todos los que se egresan e \u201cinician una nueva etapa de su vida, que sea con mucha felicidad y cumpliendo metas\u201d<\/p>\n<p>El tractor es una adquisici\u00f3n realizada a la empresa Agrale, cero kil\u00f3metro, de mediano porte, que ser\u00e1 de amplia utilidad, de 75hp cuya compra demand\u00f3 el desembolso de m\u00e1s de medio mill\u00f3n de pesos ya que se obtuvo por $549.000.<\/p>\n<p>La medida recogi\u00f3 la felicitaci\u00f3n y saludos de distintos espacios que vieron la noticia como un avance en materia educativa muy valioso.<\/p>\n<p><strong><img loading=\"lazy\" decoding=\"async\" data-attachment-id=\"58209\" data-permalink=\"https:\/\/www.hoymercedes.com.ar\/principal\/2016\/12\/19\/municipio-entrego-un-tractor-a-la-escuela-agrotecnica-para-sus-procesos-educativa\/19-agro-tractor-1\/#main\" data-orig-file=\"https:\/\/www.hoymercedes.com.ar\/principal\/wp-content\/uploads\/2016\/12\/19-agro-tractor-1.jpg\" data-orig-size=\"630,419\" data-comments-opened=\"0\" data-image-meta=\"{&quot;aperture&quot;:&quot;4&quot;,&quot;credit&quot;:&quot;???????????????????&quot;,&quot;camera&quot;:&quot;NIKON D3&quot;,&quot;caption&quot;:&quot;????????????????????????????????????&quot;,&quot;created_timestamp&quot;:&quot;1481914494&quot;,&quot;copyright&quot;:&quot;Sebastian Ambrossio_&quot;,&quot;focal_length&quot;:&quot;70&quot;,&quot;iso&quot;:&quot;200&quot;,&quot;shutter_speed&quot;:&quot;0.001&quot;,&quot;title&quot;:&quot;&quot;,&quot;orientation&quot;:&quot;1&quot;}\" data-image-title=\"19 agro tractor 1\" data-image-description=\"\" data-image-caption=\"\" data-large-file=\"https:\/\/www.hoymercedes.com.ar\/principal\/wp-content\/uploads\/2016\/12\/19-agro-tractor-1.jpg\" class=\"aligncenter size-medium wp-image-58209\" src=\"https:\/\/www.hoymercedes.com.ar\/principal\/wp-content\/uploads\/2016\/12\/19-agro-tractor-1-630x419.jpg\" alt=\"\" width=\"630\" height=\"419\" srcset=\"https:\/\/www.hoymercedes.com.ar\/principal\/wp-content\/uploads\/2016\/12\/19-agro-tractor-1.jpg 630w, https:\/\/www.hoymercedes.com.ar\/principal\/wp-content\/uploads\/2016\/12\/19-agro-tractor-1-150x100.jpg 150w, https:\/\/www.hoymercedes.com.ar\/principal\/wp-content\/uploads\/2016\/12\/19-agro-tractor-1-300x200.jpg 300w\" sizes=\"auto, (max-width: 630px) 100vw, 630px\" \/><\/strong><\/p>\n<p><strong>M\u00e1s obras y apoyo a la educaci\u00f3n<\/strong><\/p>\n<p>Pronto se realizar\u00e1 la remodelaci\u00f3n de los ba\u00f1os de la escuela N\u00b02 que tienen letrinas y se realizar\u00e1 un cambio completo por inodoros; en la Escuela N\u00b017 de Altamira se construir\u00e1 un pozo s\u00e9ptico nuevo que solucionar\u00e1 el problema de desagote de los ba\u00f1os y la cocina, en la Secundaria N\u00b011 de Altamira se realizar\u00e1 el cerco perimetral y arreglo de un patio que posee una arboleda que impide el desarrollo de actividades deportivas, agrandando el espacio educativo; el Jard\u00edn N\u00b0918 ya recibi\u00f3 la realizaci\u00f3n de una galer\u00eda en un patio que permitir\u00e1 hacer un sum en el futuro cercano; Secundaria N\u00b012 con refacci\u00f3n y terminaci\u00f3n de aula, Jard\u00edn N\u00b0902 con reparaciones varias, entre tantas otras cuestiones que hacen al d\u00eda a d\u00eda educativo que supera el mill\u00f3n de pesos siendo.<br \/>\n<strong>Gimnasio para Normal<\/strong><\/p>\n<p>La Escuela Normal de nuestra ciudad, la hist\u00f3rica que es la segunda creada en nuestro pa\u00eds y que tantas veces fue mencionada en los libros de historia de la educaci\u00f3n, ser\u00e1 beneficiada con una obra que rondar\u00e1 los $700.000 que ser\u00e1n destinados a la realizaci\u00f3n de un gimnasio para que se puedan realizar plenamente todas las actividades que son parte de los procesos educativos en materia de educaci\u00f3n f\u00edsica. Es un compromiso que adquiri\u00f3 el primer mandatario local con las autoridades y la cooperadora que ya inici\u00f3 el proceso necesario para poder pronto se concrete, tal como ya ha sucedido en otras escuelas.<\/p>\n<p>&nbsp;<\/p>\n<p>Fuente; Prensa Municipal<\/p>\n","protected":false},"excerpt":{"rendered":"<p>Gran alegr\u00eda se vivi\u00f3 el pasado viernes en el sentido y emotivo acto de egreso 2016 en la Escuela Agrot\u00e9cnica &#8230; <a title=\"Municipio entreg\u00f3 un tractor a la Escuela Agrot\u00e9cnica para sus procesos educativa\" class=\"read-more\" href=\"https:\/\/www.hoymercedes.com.ar\/principal\/2016\/12\/19\/municipio-entrego-un-tractor-a-la-escuela-agrotecnica-para-sus-procesos-educativa\/\" aria-label=\"Leer m\u00e1s sobre Municipio entreg\u00f3 un tractor a la Escuela Agrot\u00e9cnica para sus procesos educativa\">Leer m\u00e1s<\/a><\/p>\n","protected":false},"author":1,"featured_media":58210,"comment_status":"closed","ping_status":"open","sticky":false,"template":"","format":"standard","meta":{"_monsterinsights_skip_tracking":false,"_monsterinsights_sitenote_active":false,"_monsterinsights_sitenote_note":"","_monsterinsights_sitenote_category":0,"jetpack_post_was_ever_published":false,"_jetpack_newsletter_access":"","_jetpack_dont_email_post_to_subs":false,"_jetpack_newsletter_tier_id":0,"_jetpack_memberships_contains_paywalled_content":false,"_jetpack_memberships_contains_paid_content":false,"footnotes":"","jetpack_publicize_message":"","jetpack_publicize_feature_enabled":true,"jetpack_social_post_already_shared":true,"jetpack_social_options":{"image_generator_settings":{"template":"highway","default_image_id":0,"font":"","enabled":false},"version":2},"_wpas_customize_per_network":false},"categories":[30],"tags":[10346,47,244,10347],"class_list":["post-58208","post","type-post","status-publish","format-standard","has-post-thumbnail","hentry","category-municipio","tag-agro","tag-educacion-2","tag-municipio-2","tag-normal","generate-columns","tablet-grid-50","mobile-grid-100","grid-parent","grid-50"],"jetpack_publicize_connections":[],"jetpack_featured_media_url":"https:\/\/www.hoymercedes.com.ar\/principal\/wp-content\/uploads\/2016\/12\/19-agro-tractor-2.jpg","wps_subtitle":"A\u00f1os de espera","jetpack_sharing_enabled":true,"_links":{"self":[{"href":"https:\/\/www.hoymercedes.com.ar\/principal\/wp-json\/wp\/v2\/posts\/58208","targetHints":{"allow":["GET"]}}],"collection":[{"href":"https:\/\/www.hoymercedes.com.ar\/principal\/wp-json\/wp\/v2\/posts"}],"about":[{"href":"https:\/\/www.hoymercedes.com.ar\/principal\/wp-json\/wp\/v2\/types\/post"}],"author":[{"embeddable":true,"href":"https:\/\/www.hoymercedes.com.ar\/principal\/wp-json\/wp\/v2\/users\/1"}],"replies":[{"embeddable":true,"href":"https:\/\/www.hoymercedes.com.ar\/principal\/wp-json\/wp\/v2\/comments?post=58208"}],"version-history":[{"count":0,"href":"https:\/\/www.hoymercedes.com.ar\/principal\/wp-json\/wp\/v2\/posts\/58208\/revisions"}],"wp:featuredmedia":[{"embeddable":true,"href":"https:\/\/www.hoymercedes.com.ar\/principal\/wp-json\/wp\/v2\/media\/58210"}],"wp:attachment":[{"href":"https:\/\/www.hoymercedes.com.ar\/principal\/wp-json\/wp\/v2\/media?parent=58208"}],"wp:term":[{"taxonomy":"category","embeddable":true,"href":"https:\/\/www.hoymercedes.com.ar\/principal\/wp-json\/wp\/v2\/categories?post=58208"},{"taxonomy":"post_tag","embeddable":true,"href":"https:\/\/www.hoymercedes.com.ar\/principal\/wp-json\/wp\/v2\/tags?post=58208"}],"curies":[{"name":"wp","href":"https:\/\/api.w.org\/{rel}","templated":true}]}}