{"id":58213,"date":"2016-12-19T17:00:12","date_gmt":"2016-12-19T20:00:12","guid":{"rendered":"http:\/\/www.hoymercedes.com.ar\/principal\/?p=58213"},"modified":"2016-12-19T16:17:21","modified_gmt":"2016-12-19T19:17:21","slug":"se-inauguro-el-hogar-abrigo-adolescente-y-las-reformas-estructurales-del-hogar-abelito","status":"publish","type":"post","link":"https:\/\/www.hoymercedes.com.ar\/principal\/2016\/12\/19\/se-inauguro-el-hogar-abrigo-adolescente-y-las-reformas-estructurales-del-hogar-abelito\/","title":{"rendered":"Se inaugur\u00f3 el Hogar Abrigo Adolescente y las reformas estructurales del Hogar Abelito"},"content":{"rendered":"<p>Una nueva apuesta al beneficio social y en particular a la ni\u00f1ez y la adolescencia, es decir, uno de los sectores m\u00e1s vulnerables de la sociedad, se concret\u00f3 \u00e9ste lunes cuando el intendente Ustarroz con presencia de funcionarios provinciales inaugur\u00f3 la nueva dependencia en el Unzu\u00e9 dedicada a abrigar adolescentes a la vez que present\u00f3 las mejoras edilicias, nuevo mobiliario y puesta en valor del hogar abrigo para ni\u00f1os \u201cAbelito\u201d. La Secretaria de Desarrollo Social narr\u00f3 que fue un arduo trabajo y agradeci\u00f3 a todo el personal por la dedicaci\u00f3n, amor y compromiso dado. La Lic. Pilar Molina, Directora Ejecutiva del Organismo Provincial Ni\u00f1ez y Adolescencia, celebr\u00f3 la nueva obra.<\/p>\n<p><img loading=\"lazy\" decoding=\"async\" data-attachment-id=\"58214\" data-permalink=\"https:\/\/www.hoymercedes.com.ar\/principal\/2016\/12\/19\/se-inauguro-el-hogar-abrigo-adolescente-y-las-reformas-estructurales-del-hogar-abelito\/19-hogar-de-abrigo\/#main\" data-orig-file=\"https:\/\/www.hoymercedes.com.ar\/principal\/wp-content\/uploads\/2016\/12\/19-hogar-de-abrigo.jpg\" data-orig-size=\"630,420\" data-comments-opened=\"0\" data-image-meta=\"{&quot;aperture&quot;:&quot;3.8&quot;,&quot;credit&quot;:&quot;&quot;,&quot;camera&quot;:&quot;NIKON D3100&quot;,&quot;caption&quot;:&quot;&quot;,&quot;created_timestamp&quot;:&quot;1482143964&quot;,&quot;copyright&quot;:&quot;&quot;,&quot;focal_length&quot;:&quot;22&quot;,&quot;iso&quot;:&quot;1800&quot;,&quot;shutter_speed&quot;:&quot;0.016666666666667&quot;,&quot;title&quot;:&quot;&quot;,&quot;orientation&quot;:&quot;1&quot;}\" data-image-title=\"19 hogar de abrigo\" data-image-description=\"\" data-image-caption=\"\" data-large-file=\"https:\/\/www.hoymercedes.com.ar\/principal\/wp-content\/uploads\/2016\/12\/19-hogar-de-abrigo.jpg\" class=\"aligncenter size-medium wp-image-58214\" src=\"https:\/\/www.hoymercedes.com.ar\/principal\/wp-content\/uploads\/2016\/12\/19-hogar-de-abrigo-630x420.jpg\" alt=\"\" width=\"630\" height=\"420\" srcset=\"https:\/\/www.hoymercedes.com.ar\/principal\/wp-content\/uploads\/2016\/12\/19-hogar-de-abrigo.jpg 630w, https:\/\/www.hoymercedes.com.ar\/principal\/wp-content\/uploads\/2016\/12\/19-hogar-de-abrigo-150x100.jpg 150w, https:\/\/www.hoymercedes.com.ar\/principal\/wp-content\/uploads\/2016\/12\/19-hogar-de-abrigo-300x200.jpg 300w\" sizes=\"auto, (max-width: 630px) 100vw, 630px\" \/><\/p>\n<p>El encuentro permiti\u00f3 inaugurar y exponer ante los medios la nueva dependencia dispuesta en una de las alas del ex Instituto Unzu\u00e9 donde se realizaron reformas infraestructurales, se compraron muebles, juegos, prepararon ba\u00f1os, habitaciones, computadora, televisores, ventiladores, es decir, todo lo que requiere un espacio de albergue para j\u00f3venes adolescentes con distintas problem\u00e1ticas. En la presentaci\u00f3n hubo representantes del poder judicial, del hospital, concejales, de colegios de profesionales, trabajadores del \u00e1rea, funcionarios, vecinos y representantes de la Provincia de Buenos Aires encabezados por La Lic. Pilar Molina.<\/p>\n<p>Qui\u00e9n tom\u00f3 primero la palabra fue la Secretaria de Desarrollo Social, Jorgelina Silva, quien expres\u00f3 que \u201casumimos un compromiso muy importante para todos, desde el 10 de diciembre del a\u00f1o pasado, cuando el intendente nos pidi\u00f3 que tengamos como objetivo la ni\u00f1ez donde ya inauguramos un espacio de primera infancia y se vendr\u00e1n tres m\u00e1s el a\u00f1o que viene y donde hemos intentado cambiar lo que era la proyecci\u00f3n y objetivos del hogar Abelito donde en una \u00e9poca recibi\u00f3 adolescentes y luego dej\u00f3 de hacerlo porque las autoridades de ese momento decidieron que no ten\u00edan posibilidades de afrontar ese dif\u00edcil compromiso\u201d afirm\u00f3 remarcando que \u201ceste desaf\u00edo lo volvemos a asumir, y hoy inauguramos el anexo adolescente a la vez que exponemos c\u00f3mo pusimos en valor el hogar de ni\u00f1os Abelito\u201d coment\u00f3 la funcionaria donde destac\u00f3 que \u201cse hizo una reforma muy grande, las trabajadoras son testigos y ellas, debemos destacar, son las que principalmente toman \u00e9ste desaf\u00edo cumpliendo todos los d\u00edas su labor con tanto amor. Saben tambi\u00e9n que la realidad nos obliga\u00a0 a tomar el compromiso de que haya adolescentes albergados\u201d, coment\u00f3.<\/p>\n<p>Luego Daiana, una de las j\u00f3venes que vive ah\u00ed e inaugur\u00f3 el espacio para adolescentes realiz\u00f3 un recorrido por su historia, por las relaciones con los trabajadores, cont\u00f3 c\u00f3mo la cuidan y c\u00f3mo a veces hace renegar, pero, siempre todo bajo una l\u00ednea de amor y afecto compartida, dedic\u00e1ndole unas palabras especialmente a Natalia, que d\u00eda a d\u00eda comparte momento con ellos.<\/p>\n<p>Por su parte, Pilar Molina, expres\u00f3 que \u201cestamos muy emocionados de ser parte de la apertura de esta nueva etapa. Ve\u00eda los ojos llenos de l\u00e1grimas de las chicas cuando hablaba Daiana y eso vale m\u00e1s que mil palabras que yo pueda decir. Tiene que ver con la conexi\u00f3n que hay entre personas y es lo que podemos ofrecer a los pibes en estos espacios, amor, v\u00ednculos, empat\u00edas al otro que nos necesita\u201d, coment\u00f3 la funcionaria provinciales destacando que \u201ces un honor ser parte y quiero remarcar el criterio que compartimos con Juani y es que en ni\u00f1ez no hay bandos, no hay partidos, no hay colores, que todos tenemos que trabajar juntos para los pibes y es algo que encontramos como punto de coincidencia desde la primera vez que nos vimos hace ya muchos meses as\u00ed que agradezco la generosidad de haberme invitado. Tenemos que trabajar para que el Estado llegue antes y que se construya y se acompa\u00f1e en el d\u00eda despu\u00e9s del egreso de lugares como este para que el Estado no ofrezca s\u00f3lo eso desde las pol\u00edticas p\u00fablicas donde hay mucho m\u00e1s para construir y en esa l\u00ednea vamos a trabajar todo el a\u00f1o con este y otros municipios\u201d, narr\u00f3 la funcionaria provincial.<\/p>\n<p>\u201cEs lindo poder avanzar en la concreci\u00f3n de pol\u00edticas p\u00fablicas con el eje en este caso la protecci\u00f3n de los derechos del ni\u00f1o, donde que este abrigo se ampl\u00ede y tenga un lugar para los adolescentes es que realmente damos cuenta de una problem\u00e1tica existente en la ciudad e intentamos desde el municipio en articulaci\u00f3n con la provincia desarrollar este espacio\u201d sostuvo el primer mandatario local, Juan Ignacio Ustarroz, quien luego dej\u00f3 \u201cfelicitaciones a los trabajadores de la ni\u00f1ez, de la adolescencia, a todos, a los que est\u00e1n en el abrigo, en el servicio local, a los que est\u00e1n en otras instituciones, a las ONGs, a todos los que trabajan con la ni\u00f1ez\u201d recordando que \u201cdemoramos una semana la inauguraci\u00f3n porque quer\u00edamos tener con nosotros a Pilar, porque las pol\u00edticas p\u00fablicas son de todos y cuando hablamos de ni\u00f1ez y adolescencia y no llegamos como sociedad y Estado a ser capaces de articular y trabajar juntos poniendo el hombro garantizando los derechos del ni\u00f1o fracasamos\u201d, sostuvo con mirada cr\u00edtica destacando que \u201ces un avance donde lo central son los trabajadores que a pesar de las adversidades, las angustias, los conflictos, con cuestiones estructurales y de v\u00ednculos, siguen poni\u00e9ndole el cuerpo brindando lo mejor de s\u00ed para tener un Estado presente y dar respuesta a los ni\u00f1os\u201d.<\/p>\n<p>La inauguraci\u00f3n demand\u00f3 una importante inversi\u00f3n en infraestructura y es una de las mejores maneras de cerrar el a\u00f1o para el \u00e1rea de Desarrollo que tantos servicios ha ampliado y puesto en marcha, pero, tambi\u00e9n para toda la Comuna dado que se act\u00faa una vez m\u00e1s, y con ello despertando el orgullo general, con uno de los sectores que m\u00e1s debemos como sociedad cuidar, que es el que componen los adolescentes y los ni\u00f1os. El fortalecimiento institucional dado es parte de una visi\u00f3n integral y planificada de apuesta a la pol\u00edtica p\u00fablica inclusiva y en pos del desarrollo humano integral, con un Estado presente que garantice los derechos.<\/p>\n<p>&nbsp;<\/p>\n<p>Fuente: Prensa Municipal<\/p>\n","protected":false},"excerpt":{"rendered":"<p>Una nueva apuesta al beneficio social y en particular a la ni\u00f1ez y la adolescencia, es decir, uno de los &#8230; <a title=\"Se inaugur\u00f3 el Hogar Abrigo Adolescente y las reformas estructurales del Hogar Abelito\" class=\"read-more\" href=\"https:\/\/www.hoymercedes.com.ar\/principal\/2016\/12\/19\/se-inauguro-el-hogar-abrigo-adolescente-y-las-reformas-estructurales-del-hogar-abelito\/\" aria-label=\"Leer m\u00e1s sobre Se inaugur\u00f3 el Hogar Abrigo Adolescente y las reformas estructurales del Hogar Abelito\">Leer m\u00e1s<\/a><\/p>\n","protected":false},"author":1,"featured_media":58214,"comment_status":"closed","ping_status":"open","sticky":false,"template":"","format":"standard","meta":{"_monsterinsights_skip_tracking":false,"_monsterinsights_sitenote_active":false,"_monsterinsights_sitenote_note":"","_monsterinsights_sitenote_category":0,"jetpack_post_was_ever_published":false,"_jetpack_newsletter_access":"","_jetpack_dont_email_post_to_subs":false,"_jetpack_newsletter_tier_id":0,"_jetpack_memberships_contains_paywalled_content":false,"_jetpack_memberships_contains_paid_content":false,"footnotes":"","jetpack_publicize_message":"","jetpack_publicize_feature_enabled":true,"jetpack_social_post_already_shared":true,"jetpack_social_options":{"image_generator_settings":{"template":"highway","default_image_id":0,"font":"","enabled":false},"version":2},"_wpas_customize_per_network":false},"categories":[30],"tags":[870,1532,244],"class_list":["post-58213","post","type-post","status-publish","format-standard","has-post-thumbnail","hentry","category-municipio","tag-desarrollo-social","tag-hogar-de-abrigo","tag-municipio-2","generate-columns","tablet-grid-50","mobile-grid-100","grid-parent","grid-50"],"jetpack_publicize_connections":[],"jetpack_featured_media_url":"https:\/\/www.hoymercedes.com.ar\/principal\/wp-content\/uploads\/2016\/12\/19-hogar-de-abrigo.jpg","wps_subtitle":"Desarrollo Social","jetpack_sharing_enabled":true,"_links":{"self":[{"href":"https:\/\/www.hoymercedes.com.ar\/principal\/wp-json\/wp\/v2\/posts\/58213","targetHints":{"allow":["GET"]}}],"collection":[{"href":"https:\/\/www.hoymercedes.com.ar\/principal\/wp-json\/wp\/v2\/posts"}],"about":[{"href":"https:\/\/www.hoymercedes.com.ar\/principal\/wp-json\/wp\/v2\/types\/post"}],"author":[{"embeddable":true,"href":"https:\/\/www.hoymercedes.com.ar\/principal\/wp-json\/wp\/v2\/users\/1"}],"replies":[{"embeddable":true,"href":"https:\/\/www.hoymercedes.com.ar\/principal\/wp-json\/wp\/v2\/comments?post=58213"}],"version-history":[{"count":0,"href":"https:\/\/www.hoymercedes.com.ar\/principal\/wp-json\/wp\/v2\/posts\/58213\/revisions"}],"wp:featuredmedia":[{"embeddable":true,"href":"https:\/\/www.hoymercedes.com.ar\/principal\/wp-json\/wp\/v2\/media\/58214"}],"wp:attachment":[{"href":"https:\/\/www.hoymercedes.com.ar\/principal\/wp-json\/wp\/v2\/media?parent=58213"}],"wp:term":[{"taxonomy":"category","embeddable":true,"href":"https:\/\/www.hoymercedes.com.ar\/principal\/wp-json\/wp\/v2\/categories?post=58213"},{"taxonomy":"post_tag","embeddable":true,"href":"https:\/\/www.hoymercedes.com.ar\/principal\/wp-json\/wp\/v2\/tags?post=58213"}],"curies":[{"name":"wp","href":"https:\/\/api.w.org\/{rel}","templated":true}]}}