{"id":58226,"date":"2016-12-20T14:30:19","date_gmt":"2016-12-20T17:30:19","guid":{"rendered":"http:\/\/www.hoymercedes.com.ar\/principal\/?p=58226"},"modified":"2016-12-20T14:30:19","modified_gmt":"2016-12-20T17:30:19","slug":"la-mercedina-ivana-cestari-fue-destacada-como-revelacion-en-el-festival-de-folcklore-en-brandsen","status":"publish","type":"post","link":"https:\/\/www.hoymercedes.com.ar\/principal\/2016\/12\/20\/la-mercedina-ivana-cestari-fue-destacada-como-revelacion-en-el-festival-de-folcklore-en-brandsen\/","title":{"rendered":"La mercedina Ivana Cestari fue destacada como \u201crevelaci\u00f3n\u201d en el Festival de Folcklore en Brandsen"},"content":{"rendered":"<p><img loading=\"lazy\" decoding=\"async\" data-attachment-id=\"58227\" data-permalink=\"https:\/\/www.hoymercedes.com.ar\/principal\/2016\/12\/20\/la-mercedina-ivana-cestari-fue-destacada-como-revelacion-en-el-festival-de-folcklore-en-brandsen\/ivana-1\/#main\" data-orig-file=\"https:\/\/www.hoymercedes.com.ar\/principal\/wp-content\/uploads\/2016\/12\/IVANA-1.jpg\" data-orig-size=\"480,320\" data-comments-opened=\"0\" data-image-meta=\"{&quot;aperture&quot;:&quot;0&quot;,&quot;credit&quot;:&quot;&quot;,&quot;camera&quot;:&quot;&quot;,&quot;caption&quot;:&quot;&quot;,&quot;created_timestamp&quot;:&quot;0&quot;,&quot;copyright&quot;:&quot;&quot;,&quot;focal_length&quot;:&quot;0&quot;,&quot;iso&quot;:&quot;0&quot;,&quot;shutter_speed&quot;:&quot;0&quot;,&quot;title&quot;:&quot;&quot;,&quot;orientation&quot;:&quot;0&quot;}\" data-image-title=\"IVANA 1\" data-image-description=\"\" data-image-caption=\"\" data-large-file=\"https:\/\/www.hoymercedes.com.ar\/principal\/wp-content\/uploads\/2016\/12\/IVANA-1.jpg\" class=\"aligncenter wp-image-58227\" src=\"https:\/\/www.hoymercedes.com.ar\/principal\/wp-content\/uploads\/2016\/12\/IVANA-1.jpg\" width=\"620\" height=\"413\" srcset=\"https:\/\/www.hoymercedes.com.ar\/principal\/wp-content\/uploads\/2016\/12\/IVANA-1.jpg 480w, https:\/\/www.hoymercedes.com.ar\/principal\/wp-content\/uploads\/2016\/12\/IVANA-1-150x100.jpg 150w, https:\/\/www.hoymercedes.com.ar\/principal\/wp-content\/uploads\/2016\/12\/IVANA-1-300x200.jpg 300w\" sizes=\"auto, (max-width: 620px) 100vw, 620px\" \/><\/p>\n<p>Desde hace poco tiempo, una nueva voz femenina ha irrumpido en el \u00e1mbito del folcklore local. Con un estilo particular, marcando diferencia con la manera de realizar de sus interpretaciones y con una calida llegada a la gente, Ivana Cestari se destaca en los escenarios de cada fiesta, pe\u00f1a o evento en que participa.<\/p>\n<p>&nbsp;<\/p>\n<p>Luego de haber pasado por un estado critico de salud padeciendo un accidente cerebro vascular (ACV), en lo que ella denomina como \u201cla nueva vida\u201d, surgi\u00f3 el impulso de cantar y as\u00ed poco a poco se fue perfeccionando en una voz, que nunca imagino utilizar ni poseer para el canto. \u201cMe dedique a cantar despu\u00e9s de que sufr\u00ed el ACV\u201d dice Ivana. \u201cCantar es sentir la m\u00fasica, la m\u00fasica sana, te cura el alma, da esperanza\u201d Influenciada por el trabajo art\u00edstico realizado por grandes del folcklore nacional como Horacio Guarani, Tamara Castro y Soledad Pastorutti, por nombrar algunos, m\u00e1s el impulso y empuje de amigos e integrantes de su familia, inicio sus pasos en el camino de la m\u00fasica. \u201cMe tiran mas los artistas que defienden nuestro folcklore mas tradicional\u201d explica ella.<\/p>\n<p>&nbsp;<\/p>\n<p>De esta manera sube al escenario para expresarse con su voz en las canciones m\u00e1s diversas, acompa\u00f1ada por Diego Saavedra en guitarra, Marisa Acosta en bombo, Nahuel Burattini en el caj\u00f3n peruano, Hern\u00e1n Leza en bajo y Eduardo Cirillo con su bandone\u00f3n. Ivana es \u201cla voz del coraz\u00f3n\u201d, aunque tambi\u00e9n desarrolla su destreza con la guitarra. \u201cLa voz del coraz\u00f3n no fue algo que se me ocurri\u00f3 a mi, sino que fue Diego quien comenz\u00f3 a decirme as\u00ed, por que el considera que canto con el coraz\u00f3n, por mi manera de interpretar cada canci\u00f3n\u201d<\/p>\n<p>&nbsp;<\/p>\n<p>El pasado fin de semana, luego de haber realizado presentaciones en pe\u00f1as, eventos, radios, y distintos lugares del norte argentino, espec\u00edficamente en la provincia de Tucum\u00e1n, participaron como invitados especiales en un festival realizado en la ciudad bonaerense de Brandsen. \u201cLlegamos a Brandsen por intermedio del carnaval que le compusimos junto con mi amigo Diego Saavedra dedicado a Tamara Castro, una gran interprete que ha influenciado mucho en mi, y que he tomado si se quiere como mi mayor referente\u201d desarrolla Ivana, contando y explicando lo sucedido con la realizaci\u00f3n del carnaval que denominaron \u201cPor Tamara\u201d, con letra y m\u00fasica de autoria, compartida con Saavedra. \u201cLas redes sociales, utilizadas bien, son maravillosas\u201d dice Ivana.<\/p>\n<p>\u201cYo tenia de amigo en Facebook a Emanuel Castro, y hubo un d\u00eda que publico en su perfil una foto con Tamara, con la inscripci\u00f3n \u201cHermana querida\u201d. Ah\u00ed fue que supe que ten\u00eda entre mis contactos al hermano de semejante artista. Fue cuando finalmente me anime, y le mande un mensaje cont\u00e1ndole y pidiendo la opini\u00f3n, sobre si a ellos no les caer\u00eda mal que nosotros hagamos ese carnaval. Le intereso, se lo hice conocer y me respondi\u00f3 dici\u00e9ndome que le encantaba. Y sigui\u00f3 la charla, surgi\u00f3 el tema de realizar un homenaje y me sorprendi\u00f3 diciendo \u201cte voy a llamar!\u201d Y as\u00ed fue, Ivana y su conjunto se trasladaron a Brandsen, y luego de varias canciones, la actuaci\u00f3n se vio interrumpida.<\/p>\n<p>&nbsp;<\/p>\n<p>Sin ning\u00fan aviso previo, subi\u00f3 al escenario el Intendente Daniel Cappelletti, el Grupo Amigos de Tamara, su hermano Emanuel Castro, el Director de Cultura Mart\u00edn Shillinford y el Secretario de Desarrollo Social y Acci\u00f3n Comunitaria Juan Cruz Salguero. Ante el numeroso publico presente que vivaba la actuaci\u00f3n de la mercedina, anunciaron que se hab\u00eda decidido nombrar \u201cRevelaci\u00f3n del festival\u201d a nuestra artista. \u201cNo sab\u00edamos que pasar\u00eda algo as\u00ed como nombrarme revelaci\u00f3n, me quede impactada. No entend\u00eda nada, fue una gran emoci\u00f3n. El cari\u00f1o de la gente, el p\u00fablico que no dejaba de aplaudir, no dejaba que bajemos del escenario y de pronto esta distinci\u00f3n. Fue en realidad muy fuerte\u201d cuenta Ivana con los ojos invadido de lagrimas por la emoci\u00f3n que aun perdura ante el momento vivido y el galard\u00f3n recibido.<\/p>\n<p>\u201cEl 13 de Diciembre se cumpli\u00f3 un a\u00f1o que comenc\u00e9 a animarme a cantar, subiendo al escenario invitada por el amigo Sebastian Neiro en una pe\u00f1a que el hab\u00eda organizado, fui convocada a un encuentro de \u201cLos Herederos\u201d organizado por Esther Segovia, despu\u00e9s Sebastian me hizo participar de su actuaci\u00f3n en una noche de Verano en las Plazas y me hizo subir, como parte de su presentaci\u00f3n, al escenario mayor de la Fiesta Nacional del Durazno. \u201cSebastian me abri\u00f3 las puertas de todo esto, d\u00e1ndome el lugar, por eso siempre le voy a estar agradecida a el y su buena predisposici\u00f3n\u201d comenta Ivana.<\/p>\n<p>En muy poco tiempo, ha recorrido y visitado lugares con la m\u00fasica, que a muchos le lleva a\u00f1os concretar. Ivana va cumpliendo sue\u00f1os, code\u00e1ndose con artistas de primer nivel, halagada por el p\u00fablico y colegas de la canci\u00f3n. \u201cLa verdad en el escenario soy como soy debajo tambi\u00e9n y creo que es eso lo q la gente ve. Hay que ser uno en todo momento, y eso es lo que intento.\u201d<\/p>\n<p>Al momento de hablar sobre el futuro, cuanta que su objetivo es \u201cseguir sintiendo la misma emoci\u00f3n y adrenalina al cantar, al estar en un escenario, seguir de la mano de mis amigos y familia en escenario. Con mis m\u00fasicos que hoy conforma nuestro conjunto, son mi gran familia. Diego es como mi hermano y fue el que me dec\u00eda cada d\u00eda que yo causar\u00eda algo en la gente cuando me decidiera a cantar y as\u00ed fue, pudiendo ahora tambi\u00e9n interpretar las canciones que el ha compuesto. Las metas son seguir componiendo, seguir con lo tradicional, seguir con las mismas ganas de hacer m\u00fasica. No se hasta donde voy a llegar, pero Dios dir\u00e1 como seguir\u00e1 nuestro pasar, mientras tanto seguiremos llevando nuestra m\u00fasica a donde se nos permita, compartiendo esta pasi\u00f3n con la familia, los amigos y nuestra gente que nos sigue a todos lados\u201d<\/p>\n","protected":false},"excerpt":{"rendered":"<p>Desde hace poco tiempo, una nueva voz femenina ha irrumpido en el \u00e1mbito del folcklore local. Con un estilo particular, &#8230; <a title=\"La mercedina Ivana Cestari fue destacada como \u201crevelaci\u00f3n\u201d en el Festival de Folcklore en Brandsen\" class=\"read-more\" href=\"https:\/\/www.hoymercedes.com.ar\/principal\/2016\/12\/20\/la-mercedina-ivana-cestari-fue-destacada-como-revelacion-en-el-festival-de-folcklore-en-brandsen\/\" aria-label=\"Leer m\u00e1s sobre La mercedina Ivana Cestari fue destacada como \u201crevelaci\u00f3n\u201d en el Festival de Folcklore en Brandsen\">Leer m\u00e1s<\/a><\/p>\n","protected":false},"author":1,"featured_media":58227,"comment_status":"closed","ping_status":"open","sticky":false,"template":"","format":"standard","meta":{"_monsterinsights_skip_tracking":false,"_monsterinsights_sitenote_active":false,"_monsterinsights_sitenote_note":"","_monsterinsights_sitenote_category":0,"jetpack_post_was_ever_published":false,"_jetpack_newsletter_access":"","_jetpack_dont_email_post_to_subs":false,"_jetpack_newsletter_tier_id":0,"_jetpack_memberships_contains_paywalled_content":false,"_jetpack_memberships_contains_paid_content":false,"footnotes":"","jetpack_publicize_message":"","jetpack_publicize_feature_enabled":true,"jetpack_social_post_already_shared":true,"jetpack_social_options":{"image_generator_settings":{"template":"highway","default_image_id":0,"font":"","enabled":false},"version":2},"_wpas_customize_per_network":false},"categories":[104],"tags":[9458],"class_list":["post-58226","post","type-post","status-publish","format-standard","has-post-thumbnail","hentry","category-cultura","tag-ivana-cestari","generate-columns","tablet-grid-50","mobile-grid-100","grid-parent","grid-50"],"jetpack_publicize_connections":[],"jetpack_featured_media_url":"https:\/\/www.hoymercedes.com.ar\/principal\/wp-content\/uploads\/2016\/12\/IVANA-1.jpg","wps_subtitle":"Cultura local","jetpack_sharing_enabled":true,"_links":{"self":[{"href":"https:\/\/www.hoymercedes.com.ar\/principal\/wp-json\/wp\/v2\/posts\/58226","targetHints":{"allow":["GET"]}}],"collection":[{"href":"https:\/\/www.hoymercedes.com.ar\/principal\/wp-json\/wp\/v2\/posts"}],"about":[{"href":"https:\/\/www.hoymercedes.com.ar\/principal\/wp-json\/wp\/v2\/types\/post"}],"author":[{"embeddable":true,"href":"https:\/\/www.hoymercedes.com.ar\/principal\/wp-json\/wp\/v2\/users\/1"}],"replies":[{"embeddable":true,"href":"https:\/\/www.hoymercedes.com.ar\/principal\/wp-json\/wp\/v2\/comments?post=58226"}],"version-history":[{"count":0,"href":"https:\/\/www.hoymercedes.com.ar\/principal\/wp-json\/wp\/v2\/posts\/58226\/revisions"}],"wp:featuredmedia":[{"embeddable":true,"href":"https:\/\/www.hoymercedes.com.ar\/principal\/wp-json\/wp\/v2\/media\/58227"}],"wp:attachment":[{"href":"https:\/\/www.hoymercedes.com.ar\/principal\/wp-json\/wp\/v2\/media?parent=58226"}],"wp:term":[{"taxonomy":"category","embeddable":true,"href":"https:\/\/www.hoymercedes.com.ar\/principal\/wp-json\/wp\/v2\/categories?post=58226"},{"taxonomy":"post_tag","embeddable":true,"href":"https:\/\/www.hoymercedes.com.ar\/principal\/wp-json\/wp\/v2\/tags?post=58226"}],"curies":[{"name":"wp","href":"https:\/\/api.w.org\/{rel}","templated":true}]}}