{"id":58258,"date":"2016-12-21T09:44:40","date_gmt":"2016-12-21T12:44:40","guid":{"rendered":"http:\/\/www.hoymercedes.com.ar\/principal\/?p=58258"},"modified":"2016-12-21T09:44:40","modified_gmt":"2016-12-21T12:44:40","slug":"nueva-reparacion-en-cano-de-agua-en-17-y-12","status":"publish","type":"post","link":"https:\/\/www.hoymercedes.com.ar\/principal\/2016\/12\/21\/nueva-reparacion-en-cano-de-agua-en-17-y-12\/","title":{"rendered":"Nueva reparaci\u00f3n en ca\u00f1o de agua en 17 y 12"},"content":{"rendered":"<p>Durante la noche del martes y madrugada del mi\u00e9rcoles, el equipo de trabajadores avocados al servicio de agua sanitaria trabaj\u00f3 en la intersecci\u00f3n de 17 y 12 con el fin de reparar el ca\u00f1o maestro de agua. \u00a0De acuerdo a la informaci\u00f3n suministrada por la Comuna, el problema fue solucionado a las 7:30 de la ma\u00f1ana de este mi\u00e9rcoles.<\/p>\n<p><img loading=\"lazy\" decoding=\"async\" data-attachment-id=\"58260\" data-permalink=\"https:\/\/www.hoymercedes.com.ar\/principal\/2016\/12\/21\/nueva-reparacion-en-cano-de-agua-en-17-y-12\/21-cano-agua-2\/#main\" data-orig-file=\"https:\/\/www.hoymercedes.com.ar\/principal\/wp-content\/uploads\/2016\/12\/21-ca\u00f1o-agua-2.jpg\" data-orig-size=\"630,378\" data-comments-opened=\"0\" data-image-meta=\"{&quot;aperture&quot;:&quot;0&quot;,&quot;credit&quot;:&quot;&quot;,&quot;camera&quot;:&quot;&quot;,&quot;caption&quot;:&quot;&quot;,&quot;created_timestamp&quot;:&quot;0&quot;,&quot;copyright&quot;:&quot;&quot;,&quot;focal_length&quot;:&quot;0&quot;,&quot;iso&quot;:&quot;0&quot;,&quot;shutter_speed&quot;:&quot;0&quot;,&quot;title&quot;:&quot;&quot;,&quot;orientation&quot;:&quot;0&quot;}\" data-image-title=\"21 ca\u00f1o agua 2\" data-image-description=\"\" data-image-caption=\"\" data-large-file=\"https:\/\/www.hoymercedes.com.ar\/principal\/wp-content\/uploads\/2016\/12\/21-ca\u00f1o-agua-2.jpg\" class=\"aligncenter size-medium wp-image-58260\" src=\"https:\/\/www.hoymercedes.com.ar\/principal\/wp-content\/uploads\/2016\/12\/21-ca\u00f1o-agua-2-630x378.jpg\" alt=\"\" width=\"630\" height=\"378\" srcset=\"https:\/\/www.hoymercedes.com.ar\/principal\/wp-content\/uploads\/2016\/12\/21-ca\u00f1o-agua-2.jpg 630w, https:\/\/www.hoymercedes.com.ar\/principal\/wp-content\/uploads\/2016\/12\/21-ca\u00f1o-agua-2-150x90.jpg 150w\" sizes=\"auto, (max-width: 630px) 100vw, 630px\" \/><\/p>\n","protected":false},"excerpt":{"rendered":"<p>Durante la noche del martes y madrugada del mi\u00e9rcoles, el equipo de trabajadores avocados al servicio de agua sanitaria trabaj\u00f3 &#8230; <a title=\"Nueva reparaci\u00f3n en ca\u00f1o de agua en 17 y 12\" class=\"read-more\" href=\"https:\/\/www.hoymercedes.com.ar\/principal\/2016\/12\/21\/nueva-reparacion-en-cano-de-agua-en-17-y-12\/\" aria-label=\"Leer m\u00e1s sobre Nueva reparaci\u00f3n en ca\u00f1o de agua en 17 y 12\">Leer m\u00e1s<\/a><\/p>\n","protected":false},"author":1,"featured_media":58259,"comment_status":"closed","ping_status":"open","sticky":false,"template":"","format":"standard","meta":{"_monsterinsights_skip_tracking":false,"_monsterinsights_sitenote_active":false,"_monsterinsights_sitenote_note":"","_monsterinsights_sitenote_category":0,"jetpack_post_was_ever_published":false,"_jetpack_newsletter_access":"","_jetpack_dont_email_post_to_subs":false,"_jetpack_newsletter_tier_id":0,"_jetpack_memberships_contains_paywalled_content":false,"_jetpack_memberships_contains_paid_content":false,"footnotes":"","jetpack_publicize_message":"","jetpack_publicize_feature_enabled":true,"jetpack_social_post_already_shared":true,"jetpack_social_options":{"image_generator_settings":{"template":"highway","default_image_id":0,"font":"","enabled":false},"version":2},"_wpas_customize_per_network":false},"categories":[30],"tags":[2460,10351,244,8628],"class_list":["post-58258","post","type-post","status-publish","format-standard","has-post-thumbnail","hentry","category-municipio","tag-agua-corriente","tag-cano-17-y-12","tag-municipio-2","tag-servicios-publicos","generate-columns","tablet-grid-50","mobile-grid-100","grid-parent","grid-50"],"jetpack_publicize_connections":[],"jetpack_featured_media_url":"https:\/\/www.hoymercedes.com.ar\/principal\/wp-content\/uploads\/2016\/12\/21-ca\u00f1o-agua-1.jpg","wps_subtitle":"Servicios P\u00fablicos","jetpack_sharing_enabled":true,"_links":{"self":[{"href":"https:\/\/www.hoymercedes.com.ar\/principal\/wp-json\/wp\/v2\/posts\/58258","targetHints":{"allow":["GET"]}}],"collection":[{"href":"https:\/\/www.hoymercedes.com.ar\/principal\/wp-json\/wp\/v2\/posts"}],"about":[{"href":"https:\/\/www.hoymercedes.com.ar\/principal\/wp-json\/wp\/v2\/types\/post"}],"author":[{"embeddable":true,"href":"https:\/\/www.hoymercedes.com.ar\/principal\/wp-json\/wp\/v2\/users\/1"}],"replies":[{"embeddable":true,"href":"https:\/\/www.hoymercedes.com.ar\/principal\/wp-json\/wp\/v2\/comments?post=58258"}],"version-history":[{"count":0,"href":"https:\/\/www.hoymercedes.com.ar\/principal\/wp-json\/wp\/v2\/posts\/58258\/revisions"}],"wp:featuredmedia":[{"embeddable":true,"href":"https:\/\/www.hoymercedes.com.ar\/principal\/wp-json\/wp\/v2\/media\/58259"}],"wp:attachment":[{"href":"https:\/\/www.hoymercedes.com.ar\/principal\/wp-json\/wp\/v2\/media?parent=58258"}],"wp:term":[{"taxonomy":"category","embeddable":true,"href":"https:\/\/www.hoymercedes.com.ar\/principal\/wp-json\/wp\/v2\/categories?post=58258"},{"taxonomy":"post_tag","embeddable":true,"href":"https:\/\/www.hoymercedes.com.ar\/principal\/wp-json\/wp\/v2\/tags?post=58258"}],"curies":[{"name":"wp","href":"https:\/\/api.w.org\/{rel}","templated":true}]}}