{"id":58266,"date":"2016-12-21T13:45:49","date_gmt":"2016-12-21T16:45:49","guid":{"rendered":"http:\/\/www.hoymercedes.com.ar\/principal\/?p=58266"},"modified":"2016-12-21T10:00:26","modified_gmt":"2016-12-21T13:00:26","slug":"comenzara-la-carrera-de-martillero-y-corredor-publico-en-el-centro-universitario-local","status":"publish","type":"post","link":"https:\/\/www.hoymercedes.com.ar\/principal\/2016\/12\/21\/comenzara-la-carrera-de-martillero-y-corredor-publico-en-el-centro-universitario-local\/","title":{"rendered":"Comenzar\u00e1 la Carrera de Martillero y Corredor P\u00fablico en el Centro Universitario local"},"content":{"rendered":"<p><em><strong>El acuerdo entre la Municipalidad de Mercedes, el Colegio de Martilleros y la Universidad de Lomas de Zamora, trae, desde el 2017, la carrera integral de dos a\u00f1os y medio. Las clases ser\u00e1n presenciales a cursarse los viernes y s\u00e1bados.<\/strong><\/em><\/p>\n<p><img loading=\"lazy\" decoding=\"async\" data-attachment-id=\"58244\" data-permalink=\"https:\/\/www.hoymercedes.com.ar\/principal\/2016\/12\/21\/aspirantes-de-policia-local-participaron-de-acto-en-la-plata\/21-martillero\/#main\" data-orig-file=\"https:\/\/www.hoymercedes.com.ar\/principal\/wp-content\/uploads\/2016\/12\/21-martillero.jpg\" data-orig-size=\"630,420\" data-comments-opened=\"0\" data-image-meta=\"{&quot;aperture&quot;:&quot;4.5&quot;,&quot;credit&quot;:&quot;&quot;,&quot;camera&quot;:&quot;NIKON D3100&quot;,&quot;caption&quot;:&quot;&quot;,&quot;created_timestamp&quot;:&quot;1482229282&quot;,&quot;copyright&quot;:&quot;&quot;,&quot;focal_length&quot;:&quot;34&quot;,&quot;iso&quot;:&quot;640&quot;,&quot;shutter_speed&quot;:&quot;0.016666666666667&quot;,&quot;title&quot;:&quot;&quot;,&quot;orientation&quot;:&quot;1&quot;}\" data-image-title=\"21 martillero\" data-image-description=\"\" data-image-caption=\"\" data-large-file=\"https:\/\/www.hoymercedes.com.ar\/principal\/wp-content\/uploads\/2016\/12\/21-martillero.jpg\" class=\"aligncenter size-medium wp-image-58244\" src=\"https:\/\/www.hoymercedes.com.ar\/principal\/wp-content\/uploads\/2016\/12\/21-martillero-630x420.jpg\" alt=\"\" width=\"630\" height=\"420\" srcset=\"https:\/\/www.hoymercedes.com.ar\/principal\/wp-content\/uploads\/2016\/12\/21-martillero.jpg 630w, https:\/\/www.hoymercedes.com.ar\/principal\/wp-content\/uploads\/2016\/12\/21-martillero-150x100.jpg 150w, https:\/\/www.hoymercedes.com.ar\/principal\/wp-content\/uploads\/2016\/12\/21-martillero-300x200.jpg 300w\" sizes=\"auto, (max-width: 630px) 100vw, 630px\" \/><\/p>\n<p>En la ma\u00f1ana del martes se present\u00f3 p\u00fablicamente la pre inscripci\u00f3n para el dictado de una nueva carrera universitaria en el Centro Universitario Regional (CUR). Se trata de la carrera de Corredor y Martillero P\u00fablico en convenio entre la Municipalidad de Mercedes, el Colegio de Martilleros y Corredores P\u00fablicos y la Universidad de Lomas de Zamora. La carrera comenzar\u00e1 a dictarse en 2017, con una duraci\u00f3n de dos a\u00f1os y medio.<\/p>\n<p>En la sede local del Colegio de Martilleros y Corredores P\u00fablicos de la provincia de Buenos Aires Departamento Judicial Mercedes, su titular, Luis Colao, junto al Intendente de Mercedes, Juan Ignacio Ustarroz, anunciaron el inicio de la nueva carrera de nivel superior para el venidero ciclo lectivo.<\/p>\n<p>\u201cPara nosotros es importante poder comunicar a la comunidad de Mercedes y de toda la regi\u00f3n, que hemos firmado un convenio con la Universidad Nacional de Lomas de Zamora, la cual nos permite al Colegio de Martilleros poder traer la carrera completa de Martilleros y Corredores P\u00fablicos en nuestra ciudad. La importancia de esto, tambi\u00e9n reviste en que, para lograr este acuerdo, conversamos con el Intendente para poder dictarla en el Centro Universitario Regional y con este apoyo, pudimos lograr este importante acuerdo, que adem\u00e1s nos permite capacitaci\u00f3n permanente y gratuita para los profesionales en actividad\u201d, destac\u00f3 Colao que agradeci\u00f3 al Intendente Ustarroz por el acompa\u00f1amiento al Colegio de Martilleros.<\/p>\n<p>El aludido, a su lado, Ustarroz destac\u00f3 tambi\u00e9n el acompa\u00f1amiento del Colegio de Martilleros en distintas actividades y marc\u00f3 la importancia de la nueva carrera porque \u201cerige a la ciudad como una referente en la zona en materia educativa de nivel universitario\u201d, para luego recordar otros convenios firmados con universidades de la regi\u00f3n. \u201cEsta nueva carrera no s\u00f3lo le permitir\u00e1 estudiar a los mercedinos y a los interesados en la regi\u00f3n, sino tambi\u00e9n abrir\u00e1 trabajos para profesionales de la ciudad que ser\u00e1n docentes de esta carrera. As\u00ed que invitamos a la comunidad y a las localidades vecinas que vengan a estudiar al Centro Universitario. Agradecemos al Colegio y los felicitamos por las gestiones de su parte\u201d, agreg\u00f3 el Jefe Comunal.<\/p>\n<p>Asimismo, Colao destac\u00f3 que el convenio permitir\u00e1 que quienes dicten las clases universitarias sean profesionales de Mercedes. La carrera comenzar\u00e1 a dictarse en 2017, en el CUR. Son dos a\u00f1os y medio de clases presenciales los d\u00edas viernes de tarde y s\u00e1bados todo el d\u00eda. La pre inscripci\u00f3n se iniciar\u00e1 en febrero, aunque por estos d\u00edas est\u00e1n iniciando con la promoci\u00f3n de la carrera. Deber\u00e1 pagarse un arancel, acordado para que sea de menor valor para cubrir los costos del dictado y as\u00ed sea accesible para los interesados.<\/p>\n<p>Por otra parte, cabe recordar que resta el dictado de un a\u00f1o de la Carrera de Corredor y Martillero Rural, especialidad dictada en convenio con la Universidad de Buenos Aires. La cohorte iniciada el a\u00f1o pasado continuar\u00e1 hasta terminar con la posibilidad de volver a abrir una nueva cohorte de acuerdo a la necesidad del Colegio de Martilleros y Corredores del Departamento Judicial Mercedes.<\/p>\n","protected":false},"excerpt":{"rendered":"<p>El acuerdo entre la Municipalidad de Mercedes, el Colegio de Martilleros y la Universidad de Lomas de Zamora, trae, desde &#8230; <a title=\"Comenzar\u00e1 la Carrera de Martillero y Corredor P\u00fablico en el Centro Universitario local\" class=\"read-more\" href=\"https:\/\/www.hoymercedes.com.ar\/principal\/2016\/12\/21\/comenzara-la-carrera-de-martillero-y-corredor-publico-en-el-centro-universitario-local\/\" aria-label=\"Leer m\u00e1s sobre Comenzar\u00e1 la Carrera de Martillero y Corredor P\u00fablico en el Centro Universitario local\">Leer m\u00e1s<\/a><\/p>\n","protected":false},"author":1,"featured_media":58244,"comment_status":"closed","ping_status":"open","sticky":false,"template":"","format":"standard","meta":{"_monsterinsights_skip_tracking":false,"_monsterinsights_sitenote_active":false,"_monsterinsights_sitenote_note":"","_monsterinsights_sitenote_category":0,"jetpack_post_was_ever_published":false,"_jetpack_newsletter_access":"","_jetpack_dont_email_post_to_subs":false,"_jetpack_newsletter_tier_id":0,"_jetpack_memberships_contains_paywalled_content":false,"_jetpack_memberships_contains_paid_content":false,"footnotes":"","jetpack_publicize_message":"","jetpack_publicize_feature_enabled":true,"jetpack_social_post_already_shared":true,"jetpack_social_options":{"image_generator_settings":{"template":"highway","default_image_id":0,"font":"","enabled":false},"version":2},"_wpas_customize_per_network":false},"categories":[23,30],"tags":[10353,9504,9938,8771,244,10177],"class_list":["post-58266","post","type-post","status-publish","format-standard","has-post-thumbnail","hentry","category-educacion","category-municipio","tag-carreras-universitarias","tag-convenio","tag-cur","tag-martilleros","tag-municipio-2","tag-unlz","generate-columns","tablet-grid-50","mobile-grid-100","grid-parent","grid-50"],"jetpack_publicize_connections":[],"jetpack_featured_media_url":"https:\/\/www.hoymercedes.com.ar\/principal\/wp-content\/uploads\/2016\/12\/21-martillero.jpg","wps_subtitle":"Convenio Municipio, Martilleros y UNLz","jetpack_sharing_enabled":true,"_links":{"self":[{"href":"https:\/\/www.hoymercedes.com.ar\/principal\/wp-json\/wp\/v2\/posts\/58266","targetHints":{"allow":["GET"]}}],"collection":[{"href":"https:\/\/www.hoymercedes.com.ar\/principal\/wp-json\/wp\/v2\/posts"}],"about":[{"href":"https:\/\/www.hoymercedes.com.ar\/principal\/wp-json\/wp\/v2\/types\/post"}],"author":[{"embeddable":true,"href":"https:\/\/www.hoymercedes.com.ar\/principal\/wp-json\/wp\/v2\/users\/1"}],"replies":[{"embeddable":true,"href":"https:\/\/www.hoymercedes.com.ar\/principal\/wp-json\/wp\/v2\/comments?post=58266"}],"version-history":[{"count":0,"href":"https:\/\/www.hoymercedes.com.ar\/principal\/wp-json\/wp\/v2\/posts\/58266\/revisions"}],"wp:featuredmedia":[{"embeddable":true,"href":"https:\/\/www.hoymercedes.com.ar\/principal\/wp-json\/wp\/v2\/media\/58244"}],"wp:attachment":[{"href":"https:\/\/www.hoymercedes.com.ar\/principal\/wp-json\/wp\/v2\/media?parent=58266"}],"wp:term":[{"taxonomy":"category","embeddable":true,"href":"https:\/\/www.hoymercedes.com.ar\/principal\/wp-json\/wp\/v2\/categories?post=58266"},{"taxonomy":"post_tag","embeddable":true,"href":"https:\/\/www.hoymercedes.com.ar\/principal\/wp-json\/wp\/v2\/tags?post=58266"}],"curies":[{"name":"wp","href":"https:\/\/api.w.org\/{rel}","templated":true}]}}