{"id":58331,"date":"2016-12-22T16:50:29","date_gmt":"2016-12-22T19:50:29","guid":{"rendered":"http:\/\/www.hoymercedes.com.ar\/principal\/?p=58331"},"modified":"2016-12-22T16:22:12","modified_gmt":"2016-12-22T19:22:12","slug":"realizaron-jornada-de-reflexion-con-las-internas-de-la-unidad-no-5","status":"publish","type":"post","link":"https:\/\/www.hoymercedes.com.ar\/principal\/2016\/12\/22\/realizaron-jornada-de-reflexion-con-las-internas-de-la-unidad-no-5\/","title":{"rendered":"Realizaron jornada de reflexi\u00f3n con las internas de la Unidad N\u00ba 5"},"content":{"rendered":"<p>A las actividades habituales que realizan dentro de la Unidad 5, los catequistas y el capell\u00e1n de la Unidad, se sumaron actividades por la celebraci\u00f3n de la Navidad.\u00a0Por ello el martes , las catequistas Hermana Marisa, Ermelinda y Hermana Mariana, que pertenecen a la ciudad de San Andr\u00e9s de Giles, y vienen durante todo el a\u00f1o a realizar su tarea, pasaron el d\u00eda en el anexo e invitaron a las internas a vivir una jornada de reflexi\u00f3n y oraci\u00f3n en torno a la navidad.<\/p>\n<p>Realizaron la proyecci\u00f3n \u00a0de la pel\u00edcula llamada \u201cEl Nacimiento\u201d y\u00a0 a partir de ah\u00ed se comparti\u00f3 una propuesta de oraci\u00f3n a cada una. Luego de un receso, se charl\u00f3 sobre lo que cada una hab\u00eda rezado y sentido, el Padre Norberto Chirigliano (capell\u00e1n de la Unidad ), \u00a0celebr\u00f3 la misa de navidad y para finalizar se compartieron unos panes dulces con mate.<\/p>\n<p>Tambi\u00e9n se le entreg\u00f3 a cada interna una bolsa con golosinas que fueron donadas en una colecta por el A\u00f1o de la Misericordia por alumnos del Colegio Nuestra Se\u00f1ora de Luj\u00e1n de San Andr\u00e9s.<\/p>\n<p><img loading=\"lazy\" decoding=\"async\" data-attachment-id=\"58332\" data-permalink=\"https:\/\/www.hoymercedes.com.ar\/principal\/2016\/12\/22\/realizaron-jornada-de-reflexion-con-las-internas-de-la-unidad-no-5\/22-carcelo\/#main\" data-orig-file=\"https:\/\/www.hoymercedes.com.ar\/principal\/wp-content\/uploads\/2016\/12\/22-carcelo.jpg\" data-orig-size=\"630,420\" data-comments-opened=\"0\" data-image-meta=\"{&quot;aperture&quot;:&quot;0&quot;,&quot;credit&quot;:&quot;&quot;,&quot;camera&quot;:&quot;&quot;,&quot;caption&quot;:&quot;&quot;,&quot;created_timestamp&quot;:&quot;0&quot;,&quot;copyright&quot;:&quot;&quot;,&quot;focal_length&quot;:&quot;0&quot;,&quot;iso&quot;:&quot;0&quot;,&quot;shutter_speed&quot;:&quot;0&quot;,&quot;title&quot;:&quot;&quot;,&quot;orientation&quot;:&quot;0&quot;}\" data-image-title=\"22 carcelo\" data-image-description=\"\" data-image-caption=\"\" data-large-file=\"https:\/\/www.hoymercedes.com.ar\/principal\/wp-content\/uploads\/2016\/12\/22-carcelo.jpg\" class=\"aligncenter size-medium wp-image-58332\" src=\"https:\/\/www.hoymercedes.com.ar\/principal\/wp-content\/uploads\/2016\/12\/22-carcelo-630x420.jpg\" alt=\"\" width=\"630\" height=\"420\" srcset=\"https:\/\/www.hoymercedes.com.ar\/principal\/wp-content\/uploads\/2016\/12\/22-carcelo.jpg 630w, https:\/\/www.hoymercedes.com.ar\/principal\/wp-content\/uploads\/2016\/12\/22-carcelo-150x100.jpg 150w, https:\/\/www.hoymercedes.com.ar\/principal\/wp-content\/uploads\/2016\/12\/22-carcelo-300x200.jpg 300w\" sizes=\"auto, (max-width: 630px) 100vw, 630px\" \/><\/p>\n<p>Por otra parte el martes anterior, \u00a0el grupo \u201cDevoci\u00f3n a Jes\u00fas Misericordioso\u201d de la Parroquia San Jos\u00e9 visit\u00f3 el anexo para compartir la devoci\u00f3n y la misi\u00f3n que ellos tienen con la oraci\u00f3n\u00a0 e invitarlas a ser parte de este grupo desde la c\u00e1rcel, rezando a las 15 hs como ellos lo hacen habitualmente.<\/p>\n<p>Durante el A\u00f1o de la Misericordia , el grupo se contact\u00f3 con las catequistas, Hermanas Marisa, Ermelinda y Mariana para poder llegar hasta la c\u00e1rcel, \u00a0porque hab\u00edan sentido como llamado de Dios vivir la obra de misericordia de \u201cvisitar a los presos\u201d. A esto se le sum\u00f3 un gesto concreto y solidario de juntar elementos de higiene para llevarles, los cuales fueron muy bien recibidos.<\/p>\n<p>Al mismo tiempo, la Hermana Mariana realiz\u00f3 en el colegio Nuestra Se\u00f1ora de Luj\u00e1n, de San Andr\u00e9s de Giles, una colecta de otros elementos de elementos de higiene y con eso se pudo armar una bolsa para cada una de las 37 internas.<\/p>\n<p>Otra propuesta del grupo fue donar para ser entronizada en el anexo una imagen de Jes\u00fas Misericordioso que el Padre Norberto Chirigliano bendijo esa misma tarde. \u00c9sta ser\u00e1 colocada en el patio.<\/p>\n<p>&nbsp;<\/p>\n<p>Fuente: Prensa Unidad 5<\/p>\n","protected":false},"excerpt":{"rendered":"<p>A las actividades habituales que realizan dentro de la Unidad 5, los catequistas y el capell\u00e1n de la Unidad, se &#8230; <a title=\"Realizaron jornada de reflexi\u00f3n con las internas de la Unidad N\u00ba 5\" class=\"read-more\" href=\"https:\/\/www.hoymercedes.com.ar\/principal\/2016\/12\/22\/realizaron-jornada-de-reflexion-con-las-internas-de-la-unidad-no-5\/\" aria-label=\"Leer m\u00e1s sobre Realizaron jornada de reflexi\u00f3n con las internas de la Unidad N\u00ba 5\">Leer m\u00e1s<\/a><\/p>\n","protected":false},"author":1,"featured_media":58332,"comment_status":"closed","ping_status":"open","sticky":false,"template":"","format":"standard","meta":{"_monsterinsights_skip_tracking":false,"_monsterinsights_sitenote_active":false,"_monsterinsights_sitenote_note":"","_monsterinsights_sitenote_category":0,"jetpack_post_was_ever_published":false,"_jetpack_newsletter_access":"","_jetpack_dont_email_post_to_subs":false,"_jetpack_newsletter_tier_id":0,"_jetpack_memberships_contains_paywalled_content":false,"_jetpack_memberships_contains_paid_content":false,"footnotes":"","jetpack_publicize_message":"","jetpack_publicize_feature_enabled":true,"jetpack_social_post_already_shared":true,"jetpack_social_options":{"image_generator_settings":{"template":"highway","default_image_id":0,"font":"","enabled":false},"version":2},"_wpas_customize_per_network":false},"categories":[8],"tags":[1011,409,113],"class_list":["post-58331","post","type-post","status-publish","format-standard","has-post-thumbnail","hentry","category-sociedad","tag-carcel","tag-internas","tag-unidad-5","generate-columns","tablet-grid-50","mobile-grid-100","grid-parent","grid-50"],"jetpack_publicize_connections":[],"jetpack_featured_media_url":"https:\/\/www.hoymercedes.com.ar\/principal\/wp-content\/uploads\/2016\/12\/22-carcelo.jpg","wps_subtitle":"Celebraci\u00f3n de la Navidad","jetpack_sharing_enabled":true,"_links":{"self":[{"href":"https:\/\/www.hoymercedes.com.ar\/principal\/wp-json\/wp\/v2\/posts\/58331","targetHints":{"allow":["GET"]}}],"collection":[{"href":"https:\/\/www.hoymercedes.com.ar\/principal\/wp-json\/wp\/v2\/posts"}],"about":[{"href":"https:\/\/www.hoymercedes.com.ar\/principal\/wp-json\/wp\/v2\/types\/post"}],"author":[{"embeddable":true,"href":"https:\/\/www.hoymercedes.com.ar\/principal\/wp-json\/wp\/v2\/users\/1"}],"replies":[{"embeddable":true,"href":"https:\/\/www.hoymercedes.com.ar\/principal\/wp-json\/wp\/v2\/comments?post=58331"}],"version-history":[{"count":0,"href":"https:\/\/www.hoymercedes.com.ar\/principal\/wp-json\/wp\/v2\/posts\/58331\/revisions"}],"wp:featuredmedia":[{"embeddable":true,"href":"https:\/\/www.hoymercedes.com.ar\/principal\/wp-json\/wp\/v2\/media\/58332"}],"wp:attachment":[{"href":"https:\/\/www.hoymercedes.com.ar\/principal\/wp-json\/wp\/v2\/media?parent=58331"}],"wp:term":[{"taxonomy":"category","embeddable":true,"href":"https:\/\/www.hoymercedes.com.ar\/principal\/wp-json\/wp\/v2\/categories?post=58331"},{"taxonomy":"post_tag","embeddable":true,"href":"https:\/\/www.hoymercedes.com.ar\/principal\/wp-json\/wp\/v2\/tags?post=58331"}],"curies":[{"name":"wp","href":"https:\/\/api.w.org\/{rel}","templated":true}]}}