{"id":5840,"date":"2011-07-28T03:30:47","date_gmt":"2011-07-28T03:30:47","guid":{"rendered":"http:\/\/www.hoymercedes.com.ar\/principal\/?p=5840"},"modified":"2011-07-28T03:30:47","modified_gmt":"2011-07-28T03:30:47","slug":"el-municipio-compraria-un-nuevo-ecografo-para-usar-en-los-caps","status":"publish","type":"post","link":"https:\/\/www.hoymercedes.com.ar\/principal\/2011\/07\/28\/el-municipio-compraria-un-nuevo-ecografo-para-usar-en-los-caps\/","title":{"rendered":"El municipio comprar\u00eda un nuevo ec\u00f3grafo para usar en los CAPS"},"content":{"rendered":"<p>La directora de Salud de la Municipalidad confirm\u00f3 que se hab\u00eda recibido una suma de dinero que no dio a conocer a trav\u00e9s del Programa Nacer la que permitir\u00e1 a dicha \u00e1rea de la comuna adquirir un nuevo equipo para ecograf\u00edas que permitir\u00e1 evacuar una importante cantidad de las prestaciones que deben efectuarse pacientes que son atendidos en los CAPS sin necesidad de concurrir al Hospital Blas L Dubarry.<\/p>\n<p>Liliana Masserio precis\u00f3 \u201cse trata de una suma de dinero que se nos ha enviado como a todos los municipios en los que se trabaja con el Programa Nacer justamente para que entre otras cosas lo utilicemos para la adquisici\u00f3n de nueva aparatolog\u00eda y es por eso que le voy a proponer al intendente Carlos Selva que compremos un nuevo ec\u00f3grafo ya no para el hospital sino para que funcione en otro lugar de manera fija a con el mismo se puedan atender aquellas prestaciones que son diagnosticadas y solicitadas por los m\u00e9dicos que atienden en los Centros de Atenci\u00f3n Primaria de salud (CAPS) y de esa manera descongestionar un tanto la cantidad de prestaciones que se hace en forma diaria en el Hospital.<\/p>\n<p>Lamentablemente no podemos mover dicho aparato desde una sala hacia otra porque sabemos muy bien que se trata de elementos muy delicados que se salen de configuraci\u00f3n muy f\u00e1cilmente y dejan de andar hasta que se los vuelva a configurar tal como corresponde, por eso deberemos elegir un lugar fijo y apelar a la buena voluntad de los vecinos que concurren a los CAPS de sus barrios para que caminen un poquito m\u00e1s hasta llegar al lugar donde funcionar\u00e1 dicho aparato.<\/p>\n<p>Por cierto que ser\u00eda realmente muy lindo poder decir que contamos con el dinero para comprar uno para cada CAPS pero por ahora deberemos arreglarnos con uno para todos\u201d.<\/p>\n<p>Posteriormente la funcionaria sostuvo con relaci\u00f3n a las tradicionales afecciones de invierno \u201cpor suerte ya estamos pasando la peor \u00e9poca aunque aun no resta un mes bastante dif\u00edcil como es agosto.<\/p>\n<p>Hemos tenido casos de gripe, tambi\u00e9n de bronquiolitis pero afortunadamente tanto a nivel de atenci\u00f3n del primer nivel como el caso de nuestras salas, como en el segundo nivel que es el hospital.<\/p>\n<p>Este a\u00f1o para dicha patolog\u00eda hemos recibido muchos elementos desde el Ministerio de Salud, especialmente los aerosoles tan necesarios para el correcto tratamiento de los m\u00e1s chiquitos.<\/p>\n<p>Pero vuelvo a insistir en que si bien ya hemos avanzando bastante en cuanto a los meses de invierno aun falta uno que siempre se hace sentir, pero como siempre digo, por suerte todos los a\u00f1os nos encuentra para esta \u00e9poca un poco mas armados, mejor preparados hasta de manera log\u00edstica para atender cualquier patolog\u00eda de de manera inesperada pueda llegar a aparecer, y eso es algo que realmente nos favorece mucho y por otra parte como tarea adicional este a\u00f1os hemos concretado la realizaci\u00f3n de un instructivo que lo entregamos a cada una de las enfermeras de nuestras salas de atenci\u00f3n como as\u00ed tambi\u00e9n a las que desarrollan tareas dentro del hospital, incluso la Dra. Luciana Portesi, ha estado conversando personalmente con cada una de ellas o bien en grupos para coordinar la manera de resolver r\u00e1pidamente la llegada de un chiquito a una sala o al hospital con s\u00edntomas preocupantes de bronqueolitis\u201d.<\/p>\n","protected":false},"excerpt":{"rendered":"<p>La directora de Salud de la Municipalidad confirm\u00f3 que se hab\u00eda recibido una suma de dinero que no dio a &#8230; <a title=\"El municipio comprar\u00eda un nuevo ec\u00f3grafo para usar en los CAPS\" class=\"read-more\" href=\"https:\/\/www.hoymercedes.com.ar\/principal\/2011\/07\/28\/el-municipio-compraria-un-nuevo-ecografo-para-usar-en-los-caps\/\" aria-label=\"Leer m\u00e1s sobre El municipio comprar\u00eda un nuevo ec\u00f3grafo para usar en los CAPS\">Leer m\u00e1s<\/a><\/p>\n","protected":false},"author":1,"featured_media":0,"comment_status":"open","ping_status":"open","sticky":false,"template":"","format":"standard","meta":{"_monsterinsights_skip_tracking":false,"_monsterinsights_sitenote_active":false,"_monsterinsights_sitenote_note":"","_monsterinsights_sitenote_category":0,"jetpack_post_was_ever_published":false,"_jetpack_newsletter_access":"","_jetpack_dont_email_post_to_subs":false,"_jetpack_newsletter_tier_id":0,"_jetpack_memberships_contains_paywalled_content":false,"_jetpack_memberships_contains_paid_content":false,"footnotes":"","jetpack_publicize_message":"","jetpack_publicize_feature_enabled":true,"jetpack_social_post_already_shared":false,"jetpack_social_options":{"image_generator_settings":{"template":"highway","default_image_id":0,"font":"","enabled":false},"version":2},"_wpas_customize_per_network":false},"categories":[30],"tags":[1078,342,771,377],"class_list":["post-5840","post","type-post","status-publish","format-standard","hentry","category-municipio","tag-caps","tag-caps-mercedes","tag-municipalidad","tag-salud-mercedes","generate-columns","tablet-grid-50","mobile-grid-100","grid-parent","grid-50"],"jetpack_publicize_connections":[],"jetpack_featured_media_url":"","wps_subtitle":"","jetpack_sharing_enabled":true,"_links":{"self":[{"href":"https:\/\/www.hoymercedes.com.ar\/principal\/wp-json\/wp\/v2\/posts\/5840","targetHints":{"allow":["GET"]}}],"collection":[{"href":"https:\/\/www.hoymercedes.com.ar\/principal\/wp-json\/wp\/v2\/posts"}],"about":[{"href":"https:\/\/www.hoymercedes.com.ar\/principal\/wp-json\/wp\/v2\/types\/post"}],"author":[{"embeddable":true,"href":"https:\/\/www.hoymercedes.com.ar\/principal\/wp-json\/wp\/v2\/users\/1"}],"replies":[{"embeddable":true,"href":"https:\/\/www.hoymercedes.com.ar\/principal\/wp-json\/wp\/v2\/comments?post=5840"}],"version-history":[{"count":0,"href":"https:\/\/www.hoymercedes.com.ar\/principal\/wp-json\/wp\/v2\/posts\/5840\/revisions"}],"wp:attachment":[{"href":"https:\/\/www.hoymercedes.com.ar\/principal\/wp-json\/wp\/v2\/media?parent=5840"}],"wp:term":[{"taxonomy":"category","embeddable":true,"href":"https:\/\/www.hoymercedes.com.ar\/principal\/wp-json\/wp\/v2\/categories?post=5840"},{"taxonomy":"post_tag","embeddable":true,"href":"https:\/\/www.hoymercedes.com.ar\/principal\/wp-json\/wp\/v2\/tags?post=5840"}],"curies":[{"name":"wp","href":"https:\/\/api.w.org\/{rel}","templated":true}]}}