{"id":58434,"date":"2016-12-25T23:03:27","date_gmt":"2016-12-26T02:03:27","guid":{"rendered":"http:\/\/www.hoymercedes.com.ar\/principal\/?p=58434"},"modified":"2016-12-25T23:03:27","modified_gmt":"2016-12-26T02:03:27","slug":"multitudinario-cierre-de-ano-del-frente-mercedino-en-el-club-union","status":"publish","type":"post","link":"https:\/\/www.hoymercedes.com.ar\/principal\/2016\/12\/25\/multitudinario-cierre-de-ano-del-frente-mercedino-en-el-club-union\/","title":{"rendered":"Multitudinario cierre de a\u00f1o del Frente Mercedino en el Club Uni\u00f3n"},"content":{"rendered":"<figure id=\"attachment_58435\" aria-describedby=\"caption-attachment-58435\" style=\"width: 610px\" class=\"wp-caption aligncenter\"><img loading=\"lazy\" decoding=\"async\" data-attachment-id=\"58435\" data-permalink=\"https:\/\/www.hoymercedes.com.ar\/principal\/2016\/12\/25\/multitudinario-cierre-de-ano-del-frente-mercedino-en-el-club-union\/frentemercedinodsc_0218\/#main\" data-orig-file=\"https:\/\/www.hoymercedes.com.ar\/principal\/wp-content\/uploads\/2016\/12\/frentemercedinoDSC_0218.jpg\" data-orig-size=\"620,413\" data-comments-opened=\"0\" data-image-meta=\"{&quot;aperture&quot;:&quot;4&quot;,&quot;credit&quot;:&quot;&quot;,&quot;camera&quot;:&quot;NIKON D3100&quot;,&quot;caption&quot;:&quot;&quot;,&quot;created_timestamp&quot;:&quot;1482535749&quot;,&quot;copyright&quot;:&quot;&quot;,&quot;focal_length&quot;:&quot;24&quot;,&quot;iso&quot;:&quot;3200&quot;,&quot;shutter_speed&quot;:&quot;0.016666666666667&quot;,&quot;title&quot;:&quot;&quot;,&quot;orientation&quot;:&quot;0&quot;}\" data-image-title=\"frentemercedinoDSC_0218\" data-image-description=\"\" data-image-caption=\"\" data-large-file=\"https:\/\/www.hoymercedes.com.ar\/principal\/wp-content\/uploads\/2016\/12\/frentemercedinoDSC_0218.jpg\" class=\"wp-image-58435 size-full\" src=\"https:\/\/www.hoymercedes.com.ar\/principal\/wp-content\/uploads\/2016\/12\/frentemercedinoDSC_0218.jpg\" width=\"620\" height=\"413\" srcset=\"https:\/\/www.hoymercedes.com.ar\/principal\/wp-content\/uploads\/2016\/12\/frentemercedinoDSC_0218.jpg 620w, https:\/\/www.hoymercedes.com.ar\/principal\/wp-content\/uploads\/2016\/12\/frentemercedinoDSC_0218-150x100.jpg 150w, https:\/\/www.hoymercedes.com.ar\/principal\/wp-content\/uploads\/2016\/12\/frentemercedinoDSC_0218-300x200.jpg 300w\" sizes=\"auto, (max-width: 620px) 100vw, 620px\" \/><figcaption id=\"caption-attachment-58435\" class=\"wp-caption-text\">Cierre de a\u00f1o del Frente Mercedino<\/figcaption><\/figure>\n<p>&nbsp;<\/p>\n<p>Ante m\u00e1s de mil personal el Frente Mercedino para la Victoria llev\u00f3 a cabo su acto de fin de a\u00f1o. Juan Ustarroz fue el \u00fanico orador de la noche que empez\u00f3 temprano con presentaciones musicales, proyecci\u00f3n de videos y mesas con gran cantidad de familias, amigos y militantes. Tambi\u00e9n estuvo el Diputado nacional Eduardo \u201cWado\u201d de Pedro, funcionarios, concejales y referentes barriales.<\/p>\n<p>Desde las 21.00hs y hasta bien pasada la medianoche m\u00e1s de mil mercedinos disfrutaron la reuni\u00f3n convocado por el Frente Mercedino para la Victoria.<\/p>\n<p>Una velada que permiti\u00f3 el encuentro de los vecinos y militantes que durante todo el a\u00f1o acompa\u00f1aron la gesti\u00f3n del actual intendente.<\/p>\n<p>Fernando Pazos y la Junta y La Clave tuvieron a cargo la animaci\u00f3n musical. Antes del cierre se llev\u00f3 a cabo el brindis. Ustarroz agradeci\u00f3 el a\u00f1o compartido y dio aliento para lo que vendr\u00e1, con grandes expectativos y deseos de seguir construyendo juntos un proyecto pol\u00edtico inclusivo.<\/p>\n<p>&nbsp;<\/p>\n<p>&nbsp;<\/p>\n","protected":false},"excerpt":{"rendered":"<p>&nbsp; Ante m\u00e1s de mil personal el Frente Mercedino para la Victoria llev\u00f3 a cabo su acto de fin de &#8230; <a title=\"Multitudinario cierre de a\u00f1o del Frente Mercedino en el Club Uni\u00f3n\" class=\"read-more\" href=\"https:\/\/www.hoymercedes.com.ar\/principal\/2016\/12\/25\/multitudinario-cierre-de-ano-del-frente-mercedino-en-el-club-union\/\" aria-label=\"Leer m\u00e1s sobre Multitudinario cierre de a\u00f1o del Frente Mercedino en el Club Uni\u00f3n\">Leer m\u00e1s<\/a><\/p>\n","protected":false},"author":1,"featured_media":58436,"comment_status":"closed","ping_status":"open","sticky":false,"template":"","format":"standard","meta":{"_monsterinsights_skip_tracking":false,"_monsterinsights_sitenote_active":false,"_monsterinsights_sitenote_note":"","_monsterinsights_sitenote_category":0,"jetpack_post_was_ever_published":false,"_jetpack_newsletter_access":"","_jetpack_dont_email_post_to_subs":false,"_jetpack_newsletter_tier_id":0,"_jetpack_memberships_contains_paywalled_content":false,"_jetpack_memberships_contains_paid_content":false,"footnotes":"","jetpack_publicize_message":"","jetpack_publicize_feature_enabled":true,"jetpack_social_post_already_shared":true,"jetpack_social_options":{"image_generator_settings":{"template":"highway","default_image_id":0,"font":"","enabled":false},"version":2},"_wpas_customize_per_network":false},"categories":[5],"tags":[379,8599,281],"class_list":["post-58434","post","type-post","status-publish","format-standard","has-post-thumbnail","hentry","category-politica","tag-frente-mercedino-para-la-victoria","tag-juan-ignacio-ustarroz","tag-wado-de-pedro","generate-columns","tablet-grid-50","mobile-grid-100","grid-parent","grid-50"],"jetpack_publicize_connections":[],"jetpack_featured_media_url":"https:\/\/www.hoymercedes.com.ar\/principal\/wp-content\/uploads\/2016\/12\/frentemercedinoDSC_0263.jpg","wps_subtitle":"Un a\u00f1o de gesti\u00f3n","jetpack_sharing_enabled":true,"_links":{"self":[{"href":"https:\/\/www.hoymercedes.com.ar\/principal\/wp-json\/wp\/v2\/posts\/58434","targetHints":{"allow":["GET"]}}],"collection":[{"href":"https:\/\/www.hoymercedes.com.ar\/principal\/wp-json\/wp\/v2\/posts"}],"about":[{"href":"https:\/\/www.hoymercedes.com.ar\/principal\/wp-json\/wp\/v2\/types\/post"}],"author":[{"embeddable":true,"href":"https:\/\/www.hoymercedes.com.ar\/principal\/wp-json\/wp\/v2\/users\/1"}],"replies":[{"embeddable":true,"href":"https:\/\/www.hoymercedes.com.ar\/principal\/wp-json\/wp\/v2\/comments?post=58434"}],"version-history":[{"count":0,"href":"https:\/\/www.hoymercedes.com.ar\/principal\/wp-json\/wp\/v2\/posts\/58434\/revisions"}],"wp:featuredmedia":[{"embeddable":true,"href":"https:\/\/www.hoymercedes.com.ar\/principal\/wp-json\/wp\/v2\/media\/58436"}],"wp:attachment":[{"href":"https:\/\/www.hoymercedes.com.ar\/principal\/wp-json\/wp\/v2\/media?parent=58434"}],"wp:term":[{"taxonomy":"category","embeddable":true,"href":"https:\/\/www.hoymercedes.com.ar\/principal\/wp-json\/wp\/v2\/categories?post=58434"},{"taxonomy":"post_tag","embeddable":true,"href":"https:\/\/www.hoymercedes.com.ar\/principal\/wp-json\/wp\/v2\/tags?post=58434"}],"curies":[{"name":"wp","href":"https:\/\/api.w.org\/{rel}","templated":true}]}}