{"id":58439,"date":"2016-12-25T23:04:57","date_gmt":"2016-12-26T02:04:57","guid":{"rendered":"http:\/\/www.hoymercedes.com.ar\/principal\/?p=58439"},"modified":"2016-12-25T23:04:57","modified_gmt":"2016-12-26T02:04:57","slug":"en-pilar-la-comuna-firma-importante-acuerdo-con-el-hospital-universitario-austral","status":"publish","type":"post","link":"https:\/\/www.hoymercedes.com.ar\/principal\/2016\/12\/25\/en-pilar-la-comuna-firma-importante-acuerdo-con-el-hospital-universitario-austral\/","title":{"rendered":"En Pilar la Comuna firma importante acuerdo con el Hospital Universitario Austral"},"content":{"rendered":"<p><img loading=\"lazy\" decoding=\"async\" data-attachment-id=\"58440\" data-permalink=\"https:\/\/www.hoymercedes.com.ar\/principal\/2016\/12\/25\/en-pilar-la-comuna-firma-importante-acuerdo-con-el-hospital-universitario-austral\/austral-1-3\/#main\" data-orig-file=\"https:\/\/www.hoymercedes.com.ar\/principal\/wp-content\/uploads\/2016\/12\/austral-1-3.jpeg\" data-orig-size=\"1600,1066\" data-comments-opened=\"0\" data-image-meta=\"{&quot;aperture&quot;:&quot;0&quot;,&quot;credit&quot;:&quot;&quot;,&quot;camera&quot;:&quot;&quot;,&quot;caption&quot;:&quot;&quot;,&quot;created_timestamp&quot;:&quot;0&quot;,&quot;copyright&quot;:&quot;&quot;,&quot;focal_length&quot;:&quot;0&quot;,&quot;iso&quot;:&quot;0&quot;,&quot;shutter_speed&quot;:&quot;0&quot;,&quot;title&quot;:&quot;&quot;,&quot;orientation&quot;:&quot;0&quot;}\" data-image-title=\"austral-1 (3)\" data-image-description=\"\" data-image-caption=\"\" data-large-file=\"https:\/\/www.hoymercedes.com.ar\/principal\/wp-content\/uploads\/2016\/12\/austral-1-3-1024x682.jpeg\" class=\"aligncenter size-medium wp-image-58440\" src=\"https:\/\/www.hoymercedes.com.ar\/principal\/wp-content\/uploads\/2016\/12\/austral-1-3-630x420.jpeg\" alt=\"\" width=\"630\" height=\"420\" srcset=\"https:\/\/www.hoymercedes.com.ar\/principal\/wp-content\/uploads\/2016\/12\/austral-1-3-630x420.jpeg 630w, https:\/\/www.hoymercedes.com.ar\/principal\/wp-content\/uploads\/2016\/12\/austral-1-3-150x100.jpeg 150w, https:\/\/www.hoymercedes.com.ar\/principal\/wp-content\/uploads\/2016\/12\/austral-1-3-1024x682.jpeg 1024w, https:\/\/www.hoymercedes.com.ar\/principal\/wp-content\/uploads\/2016\/12\/austral-1-3-300x200.jpeg 300w, https:\/\/www.hoymercedes.com.ar\/principal\/wp-content\/uploads\/2016\/12\/austral-1-3.jpeg 1600w\" sizes=\"auto, (max-width: 630px) 100vw, 630px\" \/><\/p>\n<p>&nbsp;<\/p>\n<p>Con la presencia del intendente Ustarroz se firm\u00f3 en la localidad de Pilar un acuerdo con el Hospital Austral que implicar\u00e1 mayor intercambio institucional y el inicio de un camino que traiga beneficios a los vecinos de nuestra ciudad.<\/p>\n<p>El Intendente Municipal Juan Ignacio Ustarroz, junto con el Secretario de Salud, Dr. Pablo Cassiani, firmaron importante convenio con el hospital Austral donde tambi\u00e9n participaron, en la sede central de la prestigiosa instituci\u00f3n m\u00e9dica, el Dr. Gustavo Robles, Jefe de Pediatr\u00eda del Hospital Dubarry y las autoridades del Hospital Universitario Austral y de la Fundaci\u00f3n ProSalud.<\/p>\n<p>Desde la Secretar\u00eda de Salud, su responsable, Pablo Cassiani, coment\u00f3 que \u201cEl convenio tiene 2 partes que fortalecer\u00e1n el sistema de salud local. Por un lado la capacitaci\u00f3n de profesionales Mercedinos en dicha instituci\u00f3n de alto prestigio acad\u00e9mico y profesional. Y por otro lado la posibilidad de realizar ciertos estudios que en el nosocomio local no se realizan\u201d<\/p>\n<p>\u201cEste convenio representa un gran logro para nuestra ciudad, ya que el perfeccionamiento permanente de los profesionales que se desempe\u00f1an en nuestro sistema de salud, consolida la jerarquizaci\u00f3n que la salud ha tenido durante nuestra gesti\u00f3n, donde qued\u00f3 claro que la inversi\u00f3n fue para nosotros una prioridad que en paralelo incluy\u00f3 la constante b\u00fasqueda formaci\u00f3n y capacitaci\u00f3n\u201d, remarc\u00f3 el intendente Ustarroz.<\/p>\n<p>Al encuentro en que se realiz\u00f3 la firma del convenio, le presidieron 2 visitas del secretario de salud local donde se ultimaron los detalles para que este fin de a\u00f1o se pueda rubricar un valioso acuerdo que tendr\u00e1 plena implementaci\u00f3n desde el 2017.En una de las visitas tambi\u00e9n particip\u00f3 el Dr. Danial Bandoni, responsable del nosocomio local.<\/p>\n<p>Este convenio permitir\u00e1 que los residentes de las especialidades que el municipio auspiciar\u00e1 para el entrante a\u00f1o, a trav\u00e9s del Programa Quiero Ser Residente, puedan rotar por el Hospital Universitario Austral.<\/p>\n","protected":false},"excerpt":{"rendered":"<p>&nbsp; Con la presencia del intendente Ustarroz se firm\u00f3 en la localidad de Pilar un acuerdo con el Hospital Austral &#8230; <a title=\"En Pilar la Comuna firma importante acuerdo con el Hospital Universitario Austral\" class=\"read-more\" href=\"https:\/\/www.hoymercedes.com.ar\/principal\/2016\/12\/25\/en-pilar-la-comuna-firma-importante-acuerdo-con-el-hospital-universitario-austral\/\" aria-label=\"Leer m\u00e1s sobre En Pilar la Comuna firma importante acuerdo con el Hospital Universitario Austral\">Leer m\u00e1s<\/a><\/p>\n","protected":false},"author":1,"featured_media":58440,"comment_status":"closed","ping_status":"open","sticky":false,"template":"","format":"standard","meta":{"_monsterinsights_skip_tracking":false,"_monsterinsights_sitenote_active":false,"_monsterinsights_sitenote_note":"","_monsterinsights_sitenote_category":0,"jetpack_post_was_ever_published":false,"_jetpack_newsletter_access":"","_jetpack_dont_email_post_to_subs":false,"_jetpack_newsletter_tier_id":0,"_jetpack_memberships_contains_paywalled_content":false,"_jetpack_memberships_contains_paid_content":false,"footnotes":"","jetpack_publicize_message":"","jetpack_publicize_feature_enabled":true,"jetpack_social_post_already_shared":true,"jetpack_social_options":{"image_generator_settings":{"template":"highway","default_image_id":0,"font":"","enabled":false},"version":2},"_wpas_customize_per_network":false},"categories":[8],"tags":[10362,585,4650],"class_list":["post-58439","post","type-post","status-publish","format-standard","has-post-thumbnail","hentry","category-sociedad","tag-hospital-austral-mercedes","tag-juan-ustarroz","tag-pablo-cassiani","generate-columns","tablet-grid-50","mobile-grid-100","grid-parent","grid-50"],"jetpack_publicize_connections":[],"jetpack_featured_media_url":"https:\/\/www.hoymercedes.com.ar\/principal\/wp-content\/uploads\/2016\/12\/austral-1-3.jpeg","wps_subtitle":"Salud local","jetpack_sharing_enabled":true,"_links":{"self":[{"href":"https:\/\/www.hoymercedes.com.ar\/principal\/wp-json\/wp\/v2\/posts\/58439","targetHints":{"allow":["GET"]}}],"collection":[{"href":"https:\/\/www.hoymercedes.com.ar\/principal\/wp-json\/wp\/v2\/posts"}],"about":[{"href":"https:\/\/www.hoymercedes.com.ar\/principal\/wp-json\/wp\/v2\/types\/post"}],"author":[{"embeddable":true,"href":"https:\/\/www.hoymercedes.com.ar\/principal\/wp-json\/wp\/v2\/users\/1"}],"replies":[{"embeddable":true,"href":"https:\/\/www.hoymercedes.com.ar\/principal\/wp-json\/wp\/v2\/comments?post=58439"}],"version-history":[{"count":0,"href":"https:\/\/www.hoymercedes.com.ar\/principal\/wp-json\/wp\/v2\/posts\/58439\/revisions"}],"wp:featuredmedia":[{"embeddable":true,"href":"https:\/\/www.hoymercedes.com.ar\/principal\/wp-json\/wp\/v2\/media\/58440"}],"wp:attachment":[{"href":"https:\/\/www.hoymercedes.com.ar\/principal\/wp-json\/wp\/v2\/media?parent=58439"}],"wp:term":[{"taxonomy":"category","embeddable":true,"href":"https:\/\/www.hoymercedes.com.ar\/principal\/wp-json\/wp\/v2\/categories?post=58439"},{"taxonomy":"post_tag","embeddable":true,"href":"https:\/\/www.hoymercedes.com.ar\/principal\/wp-json\/wp\/v2\/tags?post=58439"}],"curies":[{"name":"wp","href":"https:\/\/api.w.org\/{rel}","templated":true}]}}