{"id":5847,"date":"2011-07-28T17:14:58","date_gmt":"2011-07-28T17:14:58","guid":{"rendered":"http:\/\/www.hoymercedes.com.ar\/principal\/?p=5847"},"modified":"2011-07-28T17:14:58","modified_gmt":"2011-07-28T17:14:58","slug":"visito-nuestra-ciudad-el-actual-intendente-de-azul-omar-duclos","status":"publish","type":"post","link":"https:\/\/www.hoymercedes.com.ar\/principal\/2011\/07\/28\/visito-nuestra-ciudad-el-actual-intendente-de-azul-omar-duclos\/","title":{"rendered":"Visit\u00f3 nuestra ciudad el actual intendente de Azul Omar Duclos"},"content":{"rendered":"<figure id=\"attachment_5849\" aria-describedby=\"caption-attachment-5849\" style=\"width: 390px\" class=\"wp-caption alignleft\"><a href=\"https:\/\/www.hoymercedes.com.ar\/principal\/wp-content\/uploads\/2011\/07\/colao-duclos.jpg\"><img loading=\"lazy\" decoding=\"async\" data-attachment-id=\"5849\" data-permalink=\"https:\/\/www.hoymercedes.com.ar\/principal\/2011\/07\/28\/visito-nuestra-ciudad-el-actual-intendente-de-azul-omar-duclos\/colao-duclos\/#main\" data-orig-file=\"https:\/\/www.hoymercedes.com.ar\/principal\/wp-content\/uploads\/2011\/07\/colao-duclos.jpg\" data-orig-size=\"400,300\" data-comments-opened=\"1\" data-image-meta=\"{&quot;aperture&quot;:&quot;2.8&quot;,&quot;credit&quot;:&quot;&quot;,&quot;camera&quot;:&quot;COOLPIX L10&quot;,&quot;caption&quot;:&quot;&quot;,&quot;created_timestamp&quot;:&quot;1311608872&quot;,&quot;copyright&quot;:&quot;Copyright 2006&quot;,&quot;focal_length&quot;:&quot;6.2&quot;,&quot;iso&quot;:&quot;400&quot;,&quot;shutter_speed&quot;:&quot;0.016666666666667&quot;,&quot;title&quot;:&quot;&quot;}\" data-image-title=\"colao-duclos\" data-image-description=\"&lt;p&gt;Colao &amp;#8211; Duclos&lt;\/p&gt;\n\" data-image-caption=\"&lt;p&gt;Colao &amp;#8211; Duclos&lt;\/p&gt;\n\" data-large-file=\"https:\/\/www.hoymercedes.com.ar\/principal\/wp-content\/uploads\/2011\/07\/colao-duclos.jpg\" class=\"size-full wp-image-5849\" title=\"colao-duclos\" src=\"https:\/\/www.hoymercedes.com.ar\/principal\/wp-content\/uploads\/2011\/07\/colao-duclos.jpg\" alt=\"Colao - Duclos\" width=\"400\" height=\"300\" \/><\/a><figcaption id=\"caption-attachment-5849\" class=\"wp-caption-text\">Colao - Duclos<\/figcaption><\/figure>\n<p>El jefe comunal de dicho distrito es candidato a diputado Nacional en tercer t\u00e9rmino por el Frente Amplio Progresista que encabezan Hermes Binner, Margarita Stolbizer, V\u00edctor De Genaro y en Mercedes Luis Colao<\/p>\n<p>Como parte de lo programado para las elecciones primarias del 14 de agosto, visit\u00f3 ayer nuestra ciudad el actual Intendente de Azul y candidato a Diputado Nacional en tercer lugar por el Frente amplio Progresista Omar Duclos quien particip\u00f3 de un encuentro realizado en las instalaciones del Club Belgrano de nuestra ciudad.<\/p>\n<p>Como se recordar\u00e1, Omar Duclos acompa\u00f1aba a la candidata a gobernadora Margarita Stolbizer qui\u00e9n visitaba su ciudad cuando esta y su comitiva fueron agredidos en principios por sectores afines al kirchenismo de dicha zona de la provincia de Buenos Aires.<\/p>\n<p>El candidato a Intendente en nuestra ciudad por el FAP, Luis Colao sostuvo al presentar al visitante \u201cquisimos tener en nuestra ciudad a Omar Duclos porque siendo de un signo pol\u00edtico diferente al del gobernador y al de la se\u00f1ora Presidente de la naci\u00f3n supo establecer un programa de gobierno en Azul que le permite estar cumpliendo su tercer periodo de gesti\u00f3n demostrando que las cosas se pueden hacer, generando pol\u00edticas propias que si vemos que Azul pudo hacerlo nos lleva a pensar claramente que nosotros tambi\u00e9n podemos\u201d.<\/p>\n<p>Posteriormente el jefe comunal visitante sostuvo \u201cvoy a compartir algunas pinceladas de nuestra experiencia de gesti\u00f3n y digo nuestra porque cada distrito tiene su caracter\u00edstica propia que lo lleva a tener siempre una gesti\u00f3n diferente a la de otra comuna m\u00e1s al\u00e1 que siempre se puede aprender de la experiencia que se ha vivido.<\/p>\n<p>Lo importante es que estamos junto a una gran militante, una mujer que ha caminado toda la provincia de Buenos Aires muchas veces manejando su autom\u00f3vil y otras veces en colectivo, pero no ha dejado de visitar ning\u00fan rinc\u00f3n del \u00e1mbito bonaerense, me refiero a Margarita Stolbizer, una mujer muy comprometida con el quehacer de los bonaerenses y nos representa plenamente por ser una persona \u00edntegra, capas y muy honesta.<\/p>\n<p>Tambi\u00e9n estamos al lado de un gran hombre de los gremios que supo jerarquizar a los mismos, me refiero a V\u00edctor De Genaro que encabeza nuestra lista de candidatos a Diputados nacionales.<\/p>\n<p>Por otra parte estamos realmente muy orgullosos que el actual gobernador de Santa fe, Hermes Binner, sea quien nos represente como candidato a Presidente de la Naci\u00f3n porque de alguna manera representa los ideales y los valores de quienes provenimos de diferentes fuerzas pol\u00edticas reconociendo desde ya una amplia diversidad de or\u00edgenes que es algo que realmente enriquece nuestra visi\u00f3n y propuesta respecto a lo que queremos para el pa\u00eds<\/p>\n<p>En Binner no solo encontramos ese mensaje de lo pretendido para el pa\u00eds sino adem\u00e1s el modelo aplicado en su experiencia de gobierno en Santa Fe y eso nos llena de orgullo y por eso nos sentimos totalmente identificados con sus trabajos.<\/p>\n<p>Hoy tomamos a nuestro cargo el desaf\u00edo de que todos puedan conocer esa experiencia y saber que se puede hacer un cambio, saber que las cosas se pueden hacer de otra manera sin tener que resignarnos a decir que lo que tenemos es lo \u00fanico que se puede hacer.<\/p>\n<p>Al gobernar con honestidad se pueden hacer coas importantes, hacer cosas sin robar, se puede recuperar una educaci\u00f3n muy maltratada a punto que hoy vemos a muchos chicos dejar la escuela publica para ir a una privada en busca de lo que ellos realmente necesitan para poder desarrollarse en la vida y en la comunidad.<\/p>\n<p>La escuela publica no solo debe incluir a todos sino adem\u00e1s ofrecerles verdaderos servicios educativos de calidad como supimos tener en otros momentos del pa\u00eds., la escuela que verdaderamente genere la tan mentada igualdad de oportunidades.<\/p>\n<p>Queremos que todo el pa\u00eds entienda que puede haber un modelo productivo y de desarrollo concertado con los diferentes productores y con los empresarios, se puede concertar un modelo de desarrollo productivo y llegar por ejemplo como lo hace Binner en Santa Fe pagar a sus jubilados provinciales el 82 por ciento m\u00f3vil y nosotros le preguntamos a la se\u00f1ora presidente que en su \u00faltima visita a Santa Fe tuvo una muy desacertada participaci\u00f3n al decir que la provincia no hab\u00eda crecido al mismo ritmo que el resto del Apis, como se puede hacer entonces para pagarle a los jubilados el 82% cuando ella con las provincias que crecieron mejor debieron vetar una ley del parlamento argentino que pon\u00eda ese 82 por ciento en todo el pa\u00eds\u201d.<\/p>\n","protected":false},"excerpt":{"rendered":"<p>El jefe comunal de dicho distrito es candidato a diputado Nacional en tercer t\u00e9rmino por el Frente Amplio Progresista que &#8230; <a title=\"Visit\u00f3 nuestra ciudad el actual intendente de Azul Omar Duclos\" class=\"read-more\" href=\"https:\/\/www.hoymercedes.com.ar\/principal\/2011\/07\/28\/visito-nuestra-ciudad-el-actual-intendente-de-azul-omar-duclos\/\" aria-label=\"Leer m\u00e1s sobre Visit\u00f3 nuestra ciudad el actual intendente de Azul Omar Duclos\">Leer m\u00e1s<\/a><\/p>\n","protected":false},"author":1,"featured_media":0,"comment_status":"open","ping_status":"open","sticky":false,"template":"","format":"standard","meta":{"_monsterinsights_skip_tracking":false,"_monsterinsights_sitenote_active":false,"_monsterinsights_sitenote_note":"","_monsterinsights_sitenote_category":0,"jetpack_post_was_ever_published":false,"_jetpack_newsletter_access":"","_jetpack_dont_email_post_to_subs":false,"_jetpack_newsletter_tier_id":0,"_jetpack_memberships_contains_paywalled_content":false,"_jetpack_memberships_contains_paid_content":false,"footnotes":"","jetpack_publicize_message":"","jetpack_publicize_feature_enabled":true,"jetpack_social_post_already_shared":false,"jetpack_social_options":{"image_generator_settings":{"template":"highway","default_image_id":0,"font":"","enabled":false},"version":2},"_wpas_customize_per_network":false},"categories":[5],"tags":[1079,319],"class_list":["post-5847","post","type-post","status-publish","format-standard","hentry","category-politica","tag-colao-duclos","tag-gen","generate-columns","tablet-grid-50","mobile-grid-100","grid-parent","grid-50"],"jetpack_publicize_connections":[],"jetpack_featured_media_url":"","wps_subtitle":"","jetpack_sharing_enabled":true,"_links":{"self":[{"href":"https:\/\/www.hoymercedes.com.ar\/principal\/wp-json\/wp\/v2\/posts\/5847","targetHints":{"allow":["GET"]}}],"collection":[{"href":"https:\/\/www.hoymercedes.com.ar\/principal\/wp-json\/wp\/v2\/posts"}],"about":[{"href":"https:\/\/www.hoymercedes.com.ar\/principal\/wp-json\/wp\/v2\/types\/post"}],"author":[{"embeddable":true,"href":"https:\/\/www.hoymercedes.com.ar\/principal\/wp-json\/wp\/v2\/users\/1"}],"replies":[{"embeddable":true,"href":"https:\/\/www.hoymercedes.com.ar\/principal\/wp-json\/wp\/v2\/comments?post=5847"}],"version-history":[{"count":0,"href":"https:\/\/www.hoymercedes.com.ar\/principal\/wp-json\/wp\/v2\/posts\/5847\/revisions"}],"wp:attachment":[{"href":"https:\/\/www.hoymercedes.com.ar\/principal\/wp-json\/wp\/v2\/media?parent=5847"}],"wp:term":[{"taxonomy":"category","embeddable":true,"href":"https:\/\/www.hoymercedes.com.ar\/principal\/wp-json\/wp\/v2\/categories?post=5847"},{"taxonomy":"post_tag","embeddable":true,"href":"https:\/\/www.hoymercedes.com.ar\/principal\/wp-json\/wp\/v2\/tags?post=5847"}],"curies":[{"name":"wp","href":"https:\/\/api.w.org\/{rel}","templated":true}]}}