{"id":58512,"date":"2016-12-28T07:05:39","date_gmt":"2016-12-28T10:05:39","guid":{"rendered":"http:\/\/www.hoymercedes.com.ar\/principal\/?p=58512"},"modified":"2017-05-04T14:55:12","modified_gmt":"2017-05-04T17:55:12","slug":"lo-golpearon-con-un-palo-a-un-vecino-de-agote-y-murio","status":"publish","type":"post","link":"https:\/\/www.hoymercedes.com.ar\/principal\/2016\/12\/28\/lo-golpearon-con-un-palo-a-un-vecino-de-agote-y-murio\/","title":{"rendered":"Lo golpearon con un palo a un vecino de Agote y muri\u00f3"},"content":{"rendered":"<p>En la noche del martes 20 ocurri\u00f3 un suceso que puso en alerta y conmocion\u00f3 a todos los vecinos de la localidad de Agote: un hombre de 69 a\u00f1os fue encontrado muerto en la casa donde moraba con signos de haber sido agredido, en horas de la madrugada.<\/p>\n<p>Se trataba de Mario Oscar Casati, un jubilado que hac\u00eda dos a\u00f1os viv\u00eda en una casa de calle 516 entre 509 y 511 de la localidad. Seg\u00fan indicaron los vecinos, hac\u00eda alrededor de dos a\u00f1os que estaba all\u00ed, cuidando la propiedad de un familiar suyo y hac\u00eda changas.<\/p>\n<p>No muchos ten\u00edan trato con \u00e9l, cuentan que era un hombre reservado y de poca charla.<\/p>\n<p>En las primeras horas del mi\u00e9rcoles, un sobrino suyo que sol\u00eda ir a quedarse algunos d\u00edas a la casa de vez en cuando lleg\u00f3 y lo encontr\u00f3 tirado en el piso de la cocina ya fallecido, al lado de la mesa y con signos de una agresi\u00f3n en la cabeza severa.<\/p>\n<p>Muchas fueron las versiones en torno al suceso. Lo cierto es que Casati era muy reservado y no se sab\u00eda demasiado de su vida. El martes a la tarde fue a uno de los almacenes del barrio y compr\u00f3 una caja de vino y cigarrillos. Ello llam\u00f3 la atenci\u00f3n porque el hombre no fumaba y la almacenera del lugar le pregunt\u00f3 por la compra. El hombre le dijo que \u201cesperaba una visita\u201d y nada pareci\u00f3 fuera de la normalidad.<\/p>\n<p>Precisamente esa visita que tuvo comparti\u00f3 con \u00e9l la cena, fum\u00f3 de esa caja de cigarrillos y tom\u00f3 vino junto con \u00e9l. Y qued\u00f3 evidenciado en la mesa de la cocina donde el hombre fue encontrado, en donde al momento del hallazgo a\u00fan quedaban los platos y los cubiertos.<\/p>\n<p>Los peritos estiman que esta persona que lo acompa\u00f1\u00f3 a cenar estuvo por algunas horas con la v\u00edctima. No se sabe qu\u00e9 ocurri\u00f3, pero de pronto, esta persona tom\u00f3 un palo (parecido a una varilla que se usan en los alambrados que utilizaba Casati para trabajar la hendija inferior de la puerta que da al patio para que no ingresen sapos a la casa) y lo golpe\u00f3 fuertemente en la cabeza. El golpe se lo dio desde atr\u00e1s, a traici\u00f3n, mientras estaba sentado a la mesa y luego un segundo golpe en la espalda lo dej\u00f3 al hombre tumbado en el suelo, y al poco tiempo producto de ello perdi\u00f3 la vida.<\/p>\n<p>Tras ello, \u201cla visita\u201d se fue de la casa, cerr\u00f3 con llave y la arroj\u00f3 afuera entre el pasto y unas plantas que hay en la entrada del lugar.<\/p>\n<p>Hasta que lleg\u00f3 su sobrino, no se sabe cu\u00e1nto tiempo despu\u00e9s de la tragedia, y le llam\u00f3 la atenci\u00f3n que la reja no estuviera cerrada como de costumbre. Ingres\u00f3 por otra puerta, ya que la que acostumbraba a utilizar estaba cerrada y se encontr\u00f3 con la peor escena.<\/p>\n<p>A\u00fan no se ha podido determinar la autor\u00eda del hecho. Los investigadores est\u00e1n abocados a poder determinar si una moto que el hombre utilizaba asiduamente \u2013 y que no estaba en la casa \u2013 podr\u00eda haber sido hurtada por esta persona para irse del lugar.<\/p>\n<p>La autopsia da cuenta que el vecino Casati ten\u00eda un severo golpe en la cabeza que le produjo un corte y una hemorragia interna que fueron los desencadenantes de su deceso. El golpe fue producido con un elemento contuso cortante, cargado de energ\u00eda externa lo que se condice con la teor\u00eda de que alguien lo golpe\u00f3 con ese palo que se encontraba en la casa y que fue encontrado en el lugar del hecho.<\/p>\n","protected":false},"excerpt":{"rendered":"<p>En la noche del martes 20 ocurri\u00f3 un suceso que puso en alerta y conmocion\u00f3 a todos los vecinos de &#8230; <a title=\"Lo golpearon con un palo a un vecino de Agote y muri\u00f3\" class=\"read-more\" href=\"https:\/\/www.hoymercedes.com.ar\/principal\/2016\/12\/28\/lo-golpearon-con-un-palo-a-un-vecino-de-agote-y-murio\/\" aria-label=\"Leer m\u00e1s sobre Lo golpearon con un palo a un vecino de Agote y muri\u00f3\">Leer m\u00e1s<\/a><\/p>\n","protected":false},"author":1,"featured_media":58513,"comment_status":"closed","ping_status":"open","sticky":false,"template":"","format":"standard","meta":{"_monsterinsights_skip_tracking":false,"_monsterinsights_sitenote_active":false,"_monsterinsights_sitenote_note":"","_monsterinsights_sitenote_category":0,"jetpack_post_was_ever_published":false,"_jetpack_newsletter_access":"","_jetpack_dont_email_post_to_subs":true,"_jetpack_newsletter_tier_id":0,"_jetpack_memberships_contains_paywalled_content":false,"_jetpack_memberships_contains_paid_content":false,"footnotes":"","jetpack_publicize_message":"","jetpack_publicize_feature_enabled":true,"jetpack_social_post_already_shared":true,"jetpack_social_options":{"image_generator_settings":{"template":"highway","default_image_id":0,"font":"","enabled":false},"version":2},"_wpas_customize_per_network":false},"categories":[85],"tags":[1981,9351,11030,245,96],"class_list":["post-58512","post","type-post","status-publish","format-standard","has-post-thumbnail","hentry","category-policial","tag-agote","tag-homicidio","tag-mario-casati","tag-muerte","tag-policial-2","generate-columns","tablet-grid-50","mobile-grid-100","grid-parent","grid-50"],"jetpack_publicize_connections":[],"jetpack_featured_media_url":"https:\/\/www.hoymercedes.com.ar\/principal\/wp-content\/uploads\/2016\/12\/homicidio.jpg","wps_subtitle":"Lo encontr\u00f3 muerto su sobrino","jetpack_sharing_enabled":true,"_links":{"self":[{"href":"https:\/\/www.hoymercedes.com.ar\/principal\/wp-json\/wp\/v2\/posts\/58512","targetHints":{"allow":["GET"]}}],"collection":[{"href":"https:\/\/www.hoymercedes.com.ar\/principal\/wp-json\/wp\/v2\/posts"}],"about":[{"href":"https:\/\/www.hoymercedes.com.ar\/principal\/wp-json\/wp\/v2\/types\/post"}],"author":[{"embeddable":true,"href":"https:\/\/www.hoymercedes.com.ar\/principal\/wp-json\/wp\/v2\/users\/1"}],"replies":[{"embeddable":true,"href":"https:\/\/www.hoymercedes.com.ar\/principal\/wp-json\/wp\/v2\/comments?post=58512"}],"version-history":[{"count":0,"href":"https:\/\/www.hoymercedes.com.ar\/principal\/wp-json\/wp\/v2\/posts\/58512\/revisions"}],"wp:featuredmedia":[{"embeddable":true,"href":"https:\/\/www.hoymercedes.com.ar\/principal\/wp-json\/wp\/v2\/media\/58513"}],"wp:attachment":[{"href":"https:\/\/www.hoymercedes.com.ar\/principal\/wp-json\/wp\/v2\/media?parent=58512"}],"wp:term":[{"taxonomy":"category","embeddable":true,"href":"https:\/\/www.hoymercedes.com.ar\/principal\/wp-json\/wp\/v2\/categories?post=58512"},{"taxonomy":"post_tag","embeddable":true,"href":"https:\/\/www.hoymercedes.com.ar\/principal\/wp-json\/wp\/v2\/tags?post=58512"}],"curies":[{"name":"wp","href":"https:\/\/api.w.org\/{rel}","templated":true}]}}