{"id":58515,"date":"2016-12-27T22:41:42","date_gmt":"2016-12-28T01:41:42","guid":{"rendered":"http:\/\/www.hoymercedes.com.ar\/principal\/?p=58515"},"modified":"2016-12-27T22:41:42","modified_gmt":"2016-12-28T01:41:42","slug":"conmocion-un-hombre-mato-a-su-mujer-y-se-habria-suicidado","status":"publish","type":"post","link":"https:\/\/www.hoymercedes.com.ar\/principal\/2016\/12\/27\/conmocion-un-hombre-mato-a-su-mujer-y-se-habria-suicidado\/","title":{"rendered":"Conmoci\u00f3n: un hombre mat\u00f3 a su mujer y se habr\u00eda suicidado"},"content":{"rendered":"<p>Lamentamos informar que se produjo un femicidio durante la noche de \u00e9ste martes. Est\u00e1 la polic\u00eda investigando, la polic\u00eda cient\u00edfica relevando datos y la fiscal\u00eda de turno actuando. Dos muertos: El masculino que atac\u00f3 a su mujer y luego \u00e9l se habr\u00eda suicidado. Estamos esperando datos oficiales. El hecho ocurri\u00f3 en calle 115 y 24.<\/p>\n<p>Nuevamente un tema familiar nos golpea a todos como sociedad. Ampliaremos<\/p>\n","protected":false},"excerpt":{"rendered":"<p>Lamentamos informar que se produjo un femicidio durante la noche de \u00e9ste martes. Est\u00e1 la polic\u00eda investigando, la polic\u00eda cient\u00edfica &#8230; <a title=\"Conmoci\u00f3n: un hombre mat\u00f3 a su mujer y se habr\u00eda suicidado\" class=\"read-more\" href=\"https:\/\/www.hoymercedes.com.ar\/principal\/2016\/12\/27\/conmocion-un-hombre-mato-a-su-mujer-y-se-habria-suicidado\/\" aria-label=\"Leer m\u00e1s sobre Conmoci\u00f3n: un hombre mat\u00f3 a su mujer y se habr\u00eda suicidado\">Leer m\u00e1s<\/a><\/p>\n","protected":false},"author":1,"featured_media":56144,"comment_status":"closed","ping_status":"open","sticky":false,"template":"","format":"standard","meta":{"_monsterinsights_skip_tracking":false,"_monsterinsights_sitenote_active":false,"_monsterinsights_sitenote_note":"","_monsterinsights_sitenote_category":0,"jetpack_post_was_ever_published":false,"_jetpack_newsletter_access":"","_jetpack_dont_email_post_to_subs":false,"_jetpack_newsletter_tier_id":0,"_jetpack_memberships_contains_paywalled_content":false,"_jetpack_memberships_contains_paid_content":false,"footnotes":"","jetpack_publicize_message":"","jetpack_publicize_feature_enabled":true,"jetpack_social_post_already_shared":true,"jetpack_social_options":{"image_generator_settings":{"template":"highway","default_image_id":0,"font":"","enabled":false},"version":2},"_wpas_customize_per_network":false},"categories":[85],"tags":[],"class_list":["post-58515","post","type-post","status-publish","format-standard","has-post-thumbnail","hentry","category-policial","generate-columns","tablet-grid-50","mobile-grid-100","grid-parent","grid-50"],"jetpack_publicize_connections":[],"jetpack_featured_media_url":"https:\/\/www.hoymercedes.com.ar\/principal\/wp-content\/uploads\/2016\/10\/poli-2.jpg","wps_subtitle":"Un nuevo caso de femicidio","jetpack_sharing_enabled":true,"_links":{"self":[{"href":"https:\/\/www.hoymercedes.com.ar\/principal\/wp-json\/wp\/v2\/posts\/58515","targetHints":{"allow":["GET"]}}],"collection":[{"href":"https:\/\/www.hoymercedes.com.ar\/principal\/wp-json\/wp\/v2\/posts"}],"about":[{"href":"https:\/\/www.hoymercedes.com.ar\/principal\/wp-json\/wp\/v2\/types\/post"}],"author":[{"embeddable":true,"href":"https:\/\/www.hoymercedes.com.ar\/principal\/wp-json\/wp\/v2\/users\/1"}],"replies":[{"embeddable":true,"href":"https:\/\/www.hoymercedes.com.ar\/principal\/wp-json\/wp\/v2\/comments?post=58515"}],"version-history":[{"count":0,"href":"https:\/\/www.hoymercedes.com.ar\/principal\/wp-json\/wp\/v2\/posts\/58515\/revisions"}],"wp:featuredmedia":[{"embeddable":true,"href":"https:\/\/www.hoymercedes.com.ar\/principal\/wp-json\/wp\/v2\/media\/56144"}],"wp:attachment":[{"href":"https:\/\/www.hoymercedes.com.ar\/principal\/wp-json\/wp\/v2\/media?parent=58515"}],"wp:term":[{"taxonomy":"category","embeddable":true,"href":"https:\/\/www.hoymercedes.com.ar\/principal\/wp-json\/wp\/v2\/categories?post=58515"},{"taxonomy":"post_tag","embeddable":true,"href":"https:\/\/www.hoymercedes.com.ar\/principal\/wp-json\/wp\/v2\/tags?post=58515"}],"curies":[{"name":"wp","href":"https:\/\/api.w.org\/{rel}","templated":true}]}}