{"id":58566,"date":"2016-12-30T07:05:44","date_gmt":"2016-12-30T10:05:44","guid":{"rendered":"http:\/\/www.hoymercedes.com.ar\/principal\/?p=58566"},"modified":"2017-01-06T09:32:44","modified_gmt":"2017-01-06T12:32:44","slug":"juan-ignacio-menendez-nuevo-dt-de-estudiantes","status":"publish","type":"post","link":"https:\/\/www.hoymercedes.com.ar\/principal\/2016\/12\/30\/juan-ignacio-menendez-nuevo-dt-de-estudiantes\/","title":{"rendered":"Juan Ignacio Menendez, nuevo DT de Estudiantes"},"content":{"rendered":"<p><em><strong>Se termina el a\u00f1o pero las novedades en el f\u00fatbol mercedino siguen estando. Cuando normalmente suelen llegar por parte de los equipos que juegan los regionales, en este caso fue por el lado de uno que tuvo un mal a\u00f1o. Estudiantes, que comenz\u00f3 el a\u00f1o con la direcci\u00f3n t\u00e9cnica de Ra\u00fal Lossino, en agosto fue reemplazado tras su renuncia por Guillermo Vola y ahora, con el cambio de puesto del DT, ahora asume Juan Ignacio Menendez.<\/strong><\/em><\/p>\n<p><img loading=\"lazy\" decoding=\"async\" data-attachment-id=\"48076\" data-permalink=\"https:\/\/www.hoymercedes.com.ar\/principal\/2016\/03\/22\/quilmes-no-pudo-y-cayo-con-atletico-las-campanas\/juanito-dt\/#main\" data-orig-file=\"https:\/\/www.hoymercedes.com.ar\/principal\/wp-content\/uploads\/2016\/03\/Juanito-DT.jpg\" data-orig-size=\"957,960\" data-comments-opened=\"1\" data-image-meta=\"{&quot;aperture&quot;:&quot;0&quot;,&quot;credit&quot;:&quot;&quot;,&quot;camera&quot;:&quot;&quot;,&quot;caption&quot;:&quot;&quot;,&quot;created_timestamp&quot;:&quot;0&quot;,&quot;copyright&quot;:&quot;&quot;,&quot;focal_length&quot;:&quot;0&quot;,&quot;iso&quot;:&quot;0&quot;,&quot;shutter_speed&quot;:&quot;0&quot;,&quot;title&quot;:&quot;&quot;,&quot;orientation&quot;:&quot;0&quot;}\" data-image-title=\"Juanito DT\" data-image-description=\"\" data-image-caption=\"\" data-large-file=\"https:\/\/www.hoymercedes.com.ar\/principal\/wp-content\/uploads\/2016\/03\/Juanito-DT.jpg\" class=\"aligncenter size-medium wp-image-48076\" src=\"https:\/\/www.hoymercedes.com.ar\/principal\/wp-content\/uploads\/2016\/03\/Juanito-DT-618x620.jpg\" alt=\"\" width=\"618\" height=\"620\" srcset=\"https:\/\/www.hoymercedes.com.ar\/principal\/wp-content\/uploads\/2016\/03\/Juanito-DT-618x620.jpg 618w, https:\/\/www.hoymercedes.com.ar\/principal\/wp-content\/uploads\/2016\/03\/Juanito-DT-150x150.jpg 150w, https:\/\/www.hoymercedes.com.ar\/principal\/wp-content\/uploads\/2016\/03\/Juanito-DT-768x770.jpg 768w, https:\/\/www.hoymercedes.com.ar\/principal\/wp-content\/uploads\/2016\/03\/Juanito-DT.jpg 957w\" sizes=\"auto, (max-width: 618px) 100vw, 618px\" \/><\/p>\n<p>El radiopasillo siempre dijo que la estad\u00eda de Vola en el banco del Pincha era hasta fin de a\u00f1o y luego la Sub Comisi\u00f3n de F\u00fatbol, de la que Vola forma parte, buscar\u00eda rumbear un equipo que hace mucho tiempo no obtiene alegr\u00edas (se van a cumplir diez a\u00f1os de la \u00faltima vuelta ol\u00edmpica). Fue as\u00ed que Carlos Dell\u00b4Oro y compa\u00f1\u00eda salieron a buscar DT y uno de los que siempre son\u00f3 fue el DT del \u00faltimo campe\u00f3n, Quilmes, aunque tambi\u00e9n hubo charlas con otros con los cuales por diferentes motivos quedaron truncas.<\/p>\n<p>Menendez hab\u00eda sido sondeado por algunos equipos de Mercedes y Chivilcoy y hab\u00eda llegado a un acuerdo con Club Mercedes, para ser parte del Cuerpo T\u00e9cnico de Walter D\u00edaz, pero en pocas horas firm\u00f3 con el Pincha, el equipo de sus amores, donde jug\u00f3 en Infieriores y obtuvo varios t\u00edtulos. Una vez cerrado el v\u00ednculo de com\u00fan acuerdo con el blanquinegro, puso la firma en Estudiantes.<\/p>\n<p>La pretemporada de cara al torneo de Primera Divisi\u00f3n que se inicia el 4 de marzo comenzar\u00e1 el 1 de febrero. Adem\u00e1s de la Mayor, se har\u00e1 cargo de Reserva y Quinta. En los pr\u00f3ximos d\u00edas tendr\u00e1 conformado su cuerpo t\u00e9cnico, al que sumar\u00e1 un ayudante, un entrenador de arqueros y un preparador f\u00edsico. Guillermo Vola ser\u00e1 el Coordinador del F\u00fatbol de Estudiantes, acompa\u00f1ado por Carlos Dell\u00b4Oro, Hern\u00e1n Albanese, Marcelo Mansilla y Pablo Lossino.<\/p>\n<p>Ahora, se vendr\u00e1 el ensamblado de un equipo que no dej\u00f3 la mejor imagen en el 2016 y que si bien tuvo un resonante triunfo ante Club Mercedes por 4 a 2 en el Clausura, no logr\u00f3 restarle puntos a los equipos que pelearon el torneo durante el a\u00f1o, por lo que seguramente de la mano de Menendez vendr\u00e1n refuerzos.<\/p>\n<p>&nbsp;<\/p>\n","protected":false},"excerpt":{"rendered":"<p>Se termina el a\u00f1o pero las novedades en el f\u00fatbol mercedino siguen estando. Cuando normalmente suelen llegar por parte de &#8230; <a title=\"Juan Ignacio Menendez, nuevo DT de Estudiantes\" class=\"read-more\" href=\"https:\/\/www.hoymercedes.com.ar\/principal\/2016\/12\/30\/juan-ignacio-menendez-nuevo-dt-de-estudiantes\/\" aria-label=\"Leer m\u00e1s sobre Juan Ignacio Menendez, nuevo DT de Estudiantes\">Leer m\u00e1s<\/a><\/p>\n","protected":false},"author":1,"featured_media":48076,"comment_status":"closed","ping_status":"open","sticky":false,"template":"","format":"standard","meta":{"_monsterinsights_skip_tracking":false,"_monsterinsights_sitenote_active":false,"_monsterinsights_sitenote_note":"","_monsterinsights_sitenote_category":0,"jetpack_post_was_ever_published":false,"_jetpack_newsletter_access":"","_jetpack_dont_email_post_to_subs":false,"_jetpack_newsletter_tier_id":0,"_jetpack_memberships_contains_paywalled_content":false,"_jetpack_memberships_contains_paid_content":false,"footnotes":"","jetpack_publicize_message":"","jetpack_publicize_feature_enabled":true,"jetpack_social_post_already_shared":true,"jetpack_social_options":{"image_generator_settings":{"template":"highway","default_image_id":0,"font":"","enabled":false},"version":2},"_wpas_customize_per_network":false},"categories":[21],"tags":[204,829,1003,3554],"class_list":["post-58566","post","type-post","status-publish","format-standard","has-post-thumbnail","hentry","category-deportes","tag-deportes-2","tag-estudiantes","tag-futbol","tag-juan-ignacio-menendez","generate-columns","tablet-grid-50","mobile-grid-100","grid-parent","grid-50"],"jetpack_publicize_connections":[],"jetpack_featured_media_url":"https:\/\/www.hoymercedes.com.ar\/principal\/wp-content\/uploads\/2016\/03\/Juanito-DT.jpg","wps_subtitle":"Liga Mercedina","jetpack_sharing_enabled":true,"_links":{"self":[{"href":"https:\/\/www.hoymercedes.com.ar\/principal\/wp-json\/wp\/v2\/posts\/58566","targetHints":{"allow":["GET"]}}],"collection":[{"href":"https:\/\/www.hoymercedes.com.ar\/principal\/wp-json\/wp\/v2\/posts"}],"about":[{"href":"https:\/\/www.hoymercedes.com.ar\/principal\/wp-json\/wp\/v2\/types\/post"}],"author":[{"embeddable":true,"href":"https:\/\/www.hoymercedes.com.ar\/principal\/wp-json\/wp\/v2\/users\/1"}],"replies":[{"embeddable":true,"href":"https:\/\/www.hoymercedes.com.ar\/principal\/wp-json\/wp\/v2\/comments?post=58566"}],"version-history":[{"count":0,"href":"https:\/\/www.hoymercedes.com.ar\/principal\/wp-json\/wp\/v2\/posts\/58566\/revisions"}],"wp:featuredmedia":[{"embeddable":true,"href":"https:\/\/www.hoymercedes.com.ar\/principal\/wp-json\/wp\/v2\/media\/48076"}],"wp:attachment":[{"href":"https:\/\/www.hoymercedes.com.ar\/principal\/wp-json\/wp\/v2\/media?parent=58566"}],"wp:term":[{"taxonomy":"category","embeddable":true,"href":"https:\/\/www.hoymercedes.com.ar\/principal\/wp-json\/wp\/v2\/categories?post=58566"},{"taxonomy":"post_tag","embeddable":true,"href":"https:\/\/www.hoymercedes.com.ar\/principal\/wp-json\/wp\/v2\/tags?post=58566"}],"curies":[{"name":"wp","href":"https:\/\/api.w.org\/{rel}","templated":true}]}}