{"id":58578,"date":"2016-12-30T10:10:59","date_gmt":"2016-12-30T13:10:59","guid":{"rendered":"http:\/\/www.hoymercedes.com.ar\/principal\/?p=58578"},"modified":"2016-12-30T09:17:36","modified_gmt":"2016-12-30T12:17:36","slug":"entregan-nuevos-subsidios-y-apoyos-economicos","status":"publish","type":"post","link":"https:\/\/www.hoymercedes.com.ar\/principal\/2016\/12\/30\/entregan-nuevos-subsidios-y-apoyos-economicos\/","title":{"rendered":"Entregan nuevos subsidios y apoyos econ\u00f3micos"},"content":{"rendered":"<p>La Municipalidad de Mercedes contin\u00faa apoyando a distintos sectores y actores de la comunidad. En las \u00faltimas jornadas se dieron subsidios y entrega de bienes desde \u00e1reas como Deportes, Desarrollo Social, Cultura y Discapacidad.<\/p>\n<p>La deportista mercedina Romina Fern\u00e1ndez recibi\u00f3 un subsidio para que se pueda federar y competir a nivel nacional a la vez que se le realiz\u00f3 una silla especial, o taburete, para que pueda efectuar mejor el lanzamiento de bala. \u201cElla asisti\u00f3 al Cenard y all\u00ed le explicaron que mejor si lo hab\u00eda en una silla porque tendr\u00eda mayor perspectiva futura. Fue as\u00ed que en los talleres municipales se la realizamos y podr\u00e1 continuar entrenando en nuestro predio con el apoyo de nuestros profesores\u201d, coment\u00f3 Mart\u00edn Silvestre, Director de Deportes. Romina es una talentosa mercedina que le esta manera da un paso m\u00e1s en la disciplina que tanto le apasiona. Discapacidad es un \u00e1rea que tambi\u00e9n interviene.<\/p>\n<p>Por otra parte Federico Lione (Payaso Pelambre) tambi\u00e9n recibi\u00f3 un subsidio gestionado ante la Secretar\u00eda de Desarrollo Social. El artista mercedino pronto se sumar\u00e1, a su vez, a efectuar algunas presentaciones para toda la comunidad con el acompa\u00f1amiento del \u00e1rea mencionada.<\/p>\n<p>En el predio del ex Unzu\u00e9 las manzaneras que tanta dedicaci\u00f3n y acompa\u00f1amiento dan a todos los vecinos de la ciudad en distintas barriadas fueron esta vez objeto del agasajo y recibieron un sentido regalo de fin de a\u00f1o al entregarles canastas navide\u00f1as.<\/p>\n<p>&nbsp;<\/p>\n<p>Fuente: Prensa Municipal<\/p>\n<p>&nbsp;<\/p>\n","protected":false},"excerpt":{"rendered":"<p>La Municipalidad de Mercedes contin\u00faa apoyando a distintos sectores y actores de la comunidad. En las \u00faltimas jornadas se dieron &#8230; <a title=\"Entregan nuevos subsidios y apoyos econ\u00f3micos\" class=\"read-more\" href=\"https:\/\/www.hoymercedes.com.ar\/principal\/2016\/12\/30\/entregan-nuevos-subsidios-y-apoyos-economicos\/\" aria-label=\"Leer m\u00e1s sobre Entregan nuevos subsidios y apoyos econ\u00f3micos\">Leer m\u00e1s<\/a><\/p>\n","protected":false},"author":1,"featured_media":58579,"comment_status":"closed","ping_status":"open","sticky":false,"template":"","format":"standard","meta":{"_monsterinsights_skip_tracking":false,"_monsterinsights_sitenote_active":false,"_monsterinsights_sitenote_note":"","_monsterinsights_sitenote_category":0,"jetpack_post_was_ever_published":false,"_jetpack_newsletter_access":"","_jetpack_dont_email_post_to_subs":false,"_jetpack_newsletter_tier_id":0,"_jetpack_memberships_contains_paywalled_content":false,"_jetpack_memberships_contains_paid_content":false,"footnotes":"","jetpack_publicize_message":"","jetpack_publicize_feature_enabled":true,"jetpack_social_post_already_shared":true,"jetpack_social_options":{"image_generator_settings":{"template":"highway","default_image_id":0,"font":"","enabled":false},"version":2},"_wpas_customize_per_network":false},"categories":[30],"tags":[10376,244,285],"class_list":["post-58578","post","type-post","status-publish","format-standard","has-post-thumbnail","hentry","category-municipio","tag-apoyos-economicos","tag-municipio-2","tag-subsidios","generate-columns","tablet-grid-50","mobile-grid-100","grid-parent","grid-50"],"jetpack_publicize_connections":[],"jetpack_featured_media_url":"https:\/\/www.hoymercedes.com.ar\/principal\/wp-content\/uploads\/2016\/12\/30muni-subsidios.jpg","wps_subtitle":"Deportes, Discapacidad y Cultura","jetpack_sharing_enabled":true,"_links":{"self":[{"href":"https:\/\/www.hoymercedes.com.ar\/principal\/wp-json\/wp\/v2\/posts\/58578","targetHints":{"allow":["GET"]}}],"collection":[{"href":"https:\/\/www.hoymercedes.com.ar\/principal\/wp-json\/wp\/v2\/posts"}],"about":[{"href":"https:\/\/www.hoymercedes.com.ar\/principal\/wp-json\/wp\/v2\/types\/post"}],"author":[{"embeddable":true,"href":"https:\/\/www.hoymercedes.com.ar\/principal\/wp-json\/wp\/v2\/users\/1"}],"replies":[{"embeddable":true,"href":"https:\/\/www.hoymercedes.com.ar\/principal\/wp-json\/wp\/v2\/comments?post=58578"}],"version-history":[{"count":0,"href":"https:\/\/www.hoymercedes.com.ar\/principal\/wp-json\/wp\/v2\/posts\/58578\/revisions"}],"wp:featuredmedia":[{"embeddable":true,"href":"https:\/\/www.hoymercedes.com.ar\/principal\/wp-json\/wp\/v2\/media\/58579"}],"wp:attachment":[{"href":"https:\/\/www.hoymercedes.com.ar\/principal\/wp-json\/wp\/v2\/media?parent=58578"}],"wp:term":[{"taxonomy":"category","embeddable":true,"href":"https:\/\/www.hoymercedes.com.ar\/principal\/wp-json\/wp\/v2\/categories?post=58578"},{"taxonomy":"post_tag","embeddable":true,"href":"https:\/\/www.hoymercedes.com.ar\/principal\/wp-json\/wp\/v2\/tags?post=58578"}],"curies":[{"name":"wp","href":"https:\/\/api.w.org\/{rel}","templated":true}]}}