{"id":58584,"date":"2016-12-30T11:16:35","date_gmt":"2016-12-30T14:16:35","guid":{"rendered":"http:\/\/www.hoymercedes.com.ar\/principal\/?p=58584"},"modified":"2017-01-06T09:31:49","modified_gmt":"2017-01-06T12:31:49","slug":"el-federal-c-cambio-de-fecha-inicia-el-5-de-febrero","status":"publish","type":"post","link":"https:\/\/www.hoymercedes.com.ar\/principal\/2016\/12\/30\/el-federal-c-cambio-de-fecha-inicia-el-5-de-febrero\/","title":{"rendered":"El Federal C cambi\u00f3 de fecha: inicia el 5 de febrero"},"content":{"rendered":"<p><em><strong>Por primera vez en muchos a\u00f1os el torneo Federal C (Ex Argentino C y Torneo del Interior) no empezar\u00e1 en enero. Seg\u00fan dio a conocer hoy la web Ascenso del Interior, el certamen m\u00e1s federal del pa\u00eds comenzar\u00e1 a jugarse el fin de semana del 4 y 5 de febrero y de acuerdo al fixture propuesto, la primera fecha tendr\u00e1 el choque entre Club Mercedes y Trocha por un lado y el de Atl\u00e9tico Luj\u00e1n y San Miguel de Las Heras por el otro.<\/strong><\/em><\/p>\n<p><img loading=\"lazy\" decoding=\"async\" data-attachment-id=\"58587\" data-permalink=\"https:\/\/www.hoymercedes.com.ar\/principal\/2016\/12\/30\/el-federal-c-cambio-de-fecha-inicia-el-5-de-febrero\/consejo-federal\/#main\" data-orig-file=\"https:\/\/www.hoymercedes.com.ar\/principal\/wp-content\/uploads\/2016\/12\/consejo-federal.jpg\" data-orig-size=\"680,690\" data-comments-opened=\"0\" data-image-meta=\"{&quot;aperture&quot;:&quot;0&quot;,&quot;credit&quot;:&quot;&quot;,&quot;camera&quot;:&quot;&quot;,&quot;caption&quot;:&quot;&quot;,&quot;created_timestamp&quot;:&quot;0&quot;,&quot;copyright&quot;:&quot;&quot;,&quot;focal_length&quot;:&quot;0&quot;,&quot;iso&quot;:&quot;0&quot;,&quot;shutter_speed&quot;:&quot;0&quot;,&quot;title&quot;:&quot;&quot;,&quot;orientation&quot;:&quot;0&quot;}\" data-image-title=\"consejo federal\" data-image-description=\"\" data-image-caption=\"\" data-large-file=\"https:\/\/www.hoymercedes.com.ar\/principal\/wp-content\/uploads\/2016\/12\/consejo-federal.jpg\" class=\"aligncenter size-medium wp-image-58587\" src=\"https:\/\/www.hoymercedes.com.ar\/principal\/wp-content\/uploads\/2016\/12\/consejo-federal-611x620.jpg\" alt=\"\" width=\"611\" height=\"620\" srcset=\"https:\/\/www.hoymercedes.com.ar\/principal\/wp-content\/uploads\/2016\/12\/consejo-federal-611x620.jpg 611w, https:\/\/www.hoymercedes.com.ar\/principal\/wp-content\/uploads\/2016\/12\/consejo-federal-148x150.jpg 148w, https:\/\/www.hoymercedes.com.ar\/principal\/wp-content\/uploads\/2016\/12\/consejo-federal.jpg 680w\" sizes=\"auto, (max-width: 611px) 100vw, 611px\" \/><\/p>\n<p>En cuanto a la diagramaci\u00f3n del f\u00edxuture de la zona 8 de la Regi\u00f3n Bonaerense Pampeana Norte, Mercedes ser\u00e1 local de Trocha en el debut y luego visitar\u00e1 a San Miguel de Las Heras. La tercera fecha lo tendr\u00e1 nuevamente como visitante de Atl\u00e9tico Luj\u00e1n. En la cuarta reci\u00e9n volver\u00e1 a jugar en la Liga Mercedina siendo visitante de Trocha y cerrar\u00e1 como local de San Miguel y luego de Luj\u00e1n.<\/p>\n<p>Por el lado de Trocha, ser\u00e1 visitante en la primera fecha de Mercedes y se quedar\u00e1 en la ciudad para recibir en la segunda a Luj\u00e1n, en la tercera a San Miguel y en la cuarta a Mercedes. Reci\u00e9n saldr\u00e1 de la ciudad en la quinta para ir a Luj\u00e1n y en la sexta para visitar a San Miguel.<\/p>\n<p>En esta regi\u00f3n hay 40 equipos distribuidos en 10 zonas de 4, de donde clasificar\u00e1n 22 a la fase eliminatoria. Los mejores diez ir\u00e1n directo a cuartos de final, los segundos diez m\u00e1s los dos mejores terceros ir\u00e1n a octavos, de donde quedar\u00e1n los 6 que se suman a cuartos de final. Los ocho que queden en cuartos se eliminar\u00e1n para quedar 4 y de esos cuatro, quedar\u00e1n los dos ascendidos al Federal B.<\/p>\n<p><strong>Fixture<br \/>\n1ra. Fecha \u2013 05\/02\/2017<\/strong><br \/>\nAtl\u00e9tico Lujan vs. San Miguel (Las Heras).<br \/>\nClub Mercedes vs. Trocha.<\/p>\n<p><strong>2da. Fecha <\/strong><strong>\u2013<\/strong><strong> 12\/02\/2017<\/strong><br \/>\nTrocha vs. Atl\u00e9tico Luj\u00e1n.<br \/>\nSan Miguel vs. Club Mercedes.<\/p>\n<p>3ra. Fecha \u2013 19\/02\/2017<br \/>\nAtl\u00e9tico Luj\u00e1n vs. Club Mercedes.<br \/>\nTrocha vs. San Miguel.<\/p>\n<p><strong>4ta. Fecha <\/strong><strong>\u2013<\/strong><strong> 26\/02\/2017<\/strong><br \/>\nSan Miguel vs. Atl\u00e9tico Luj\u00e1n<br \/>\nTrocha vs. Club Mercedes.<strong><br \/>\n<\/strong><br \/>\n<strong>5ta. Fecha <\/strong><strong>\u2013<\/strong><strong> 05\/03\/2017<\/strong><br \/>\nAtl\u00e9tico Luj\u00e1n vs. Trocha.<br \/>\nClub Mercedes vs. San Miguel.<\/p>\n<p><strong>6ta. Fecha <\/strong><strong>\u2013<\/strong><strong> 12\/03\/2017<\/strong><br \/>\nClub Mercedes vs. Atl\u00e9tico Luj\u00e1n.<br \/>\nSan Miguel vs. Trocha.<\/p>\n","protected":false},"excerpt":{"rendered":"<p>Por primera vez en muchos a\u00f1os el torneo Federal C (Ex Argentino C y Torneo del Interior) no empezar\u00e1 en &#8230; <a title=\"El Federal C cambi\u00f3 de fecha: inicia el 5 de febrero\" class=\"read-more\" href=\"https:\/\/www.hoymercedes.com.ar\/principal\/2016\/12\/30\/el-federal-c-cambio-de-fecha-inicia-el-5-de-febrero\/\" aria-label=\"Leer m\u00e1s sobre El Federal C cambi\u00f3 de fecha: inicia el 5 de febrero\">Leer m\u00e1s<\/a><\/p>\n","protected":false},"author":1,"featured_media":58587,"comment_status":"closed","ping_status":"open","sticky":false,"template":"","format":"standard","meta":{"_monsterinsights_skip_tracking":false,"_monsterinsights_sitenote_active":false,"_monsterinsights_sitenote_note":"","_monsterinsights_sitenote_category":0,"jetpack_post_was_ever_published":false,"_jetpack_newsletter_access":"","_jetpack_dont_email_post_to_subs":false,"_jetpack_newsletter_tier_id":0,"_jetpack_memberships_contains_paywalled_content":false,"_jetpack_memberships_contains_paid_content":false,"footnotes":"","jetpack_publicize_message":"","jetpack_publicize_feature_enabled":true,"jetpack_social_post_already_shared":true,"jetpack_social_options":{"image_generator_settings":{"template":"highway","default_image_id":0,"font":"","enabled":false},"version":2},"_wpas_customize_per_network":false},"categories":[21],"tags":[204,10399,1003,1379],"class_list":["post-58584","post","type-post","status-publish","format-standard","has-post-thumbnail","hentry","category-deportes","tag-deportes-2","tag-federal-c-club-mercedes","tag-futbol","tag-trocha","generate-columns","tablet-grid-50","mobile-grid-100","grid-parent","grid-50"],"jetpack_publicize_connections":[],"jetpack_featured_media_url":"https:\/\/www.hoymercedes.com.ar\/principal\/wp-content\/uploads\/2016\/12\/consejo-federal.jpg","wps_subtitle":"Mercedes Vs. Trocha en el debut","jetpack_sharing_enabled":true,"_links":{"self":[{"href":"https:\/\/www.hoymercedes.com.ar\/principal\/wp-json\/wp\/v2\/posts\/58584","targetHints":{"allow":["GET"]}}],"collection":[{"href":"https:\/\/www.hoymercedes.com.ar\/principal\/wp-json\/wp\/v2\/posts"}],"about":[{"href":"https:\/\/www.hoymercedes.com.ar\/principal\/wp-json\/wp\/v2\/types\/post"}],"author":[{"embeddable":true,"href":"https:\/\/www.hoymercedes.com.ar\/principal\/wp-json\/wp\/v2\/users\/1"}],"replies":[{"embeddable":true,"href":"https:\/\/www.hoymercedes.com.ar\/principal\/wp-json\/wp\/v2\/comments?post=58584"}],"version-history":[{"count":0,"href":"https:\/\/www.hoymercedes.com.ar\/principal\/wp-json\/wp\/v2\/posts\/58584\/revisions"}],"wp:featuredmedia":[{"embeddable":true,"href":"https:\/\/www.hoymercedes.com.ar\/principal\/wp-json\/wp\/v2\/media\/58587"}],"wp:attachment":[{"href":"https:\/\/www.hoymercedes.com.ar\/principal\/wp-json\/wp\/v2\/media?parent=58584"}],"wp:term":[{"taxonomy":"category","embeddable":true,"href":"https:\/\/www.hoymercedes.com.ar\/principal\/wp-json\/wp\/v2\/categories?post=58584"},{"taxonomy":"post_tag","embeddable":true,"href":"https:\/\/www.hoymercedes.com.ar\/principal\/wp-json\/wp\/v2\/tags?post=58584"}],"curies":[{"name":"wp","href":"https:\/\/api.w.org\/{rel}","templated":true}]}}