{"id":58608,"date":"2016-12-31T09:42:52","date_gmt":"2016-12-31T12:42:52","guid":{"rendered":"http:\/\/www.hoymercedes.com.ar\/principal\/?p=58608"},"modified":"2016-12-30T13:51:46","modified_gmt":"2016-12-30T16:51:46","slug":"la-liga-de-madres-dono-pan-dulce-y-budines-a-las-internas-de-la-unidad-no-5","status":"publish","type":"post","link":"https:\/\/www.hoymercedes.com.ar\/principal\/2016\/12\/31\/la-liga-de-madres-dono-pan-dulce-y-budines-a-las-internas-de-la-unidad-no-5\/","title":{"rendered":"La Liga de Madres don\u00f3 pan dulce y budines a las internas de la Unidad N\u00ba 5"},"content":{"rendered":"<p>D\u00edas pasados, integrantes de la Liga de Madres de Familia, de la Catedral de Mercedes pertenecientes a la Arquidi\u00f3cesis Mercedes &#8211; Luj\u00e1n, se acercaron hasta la Unidad\u00a0Penitenciaria N\u00ba\u00a05, con pan dulce, budines caseros, y turrones para que tengan las internas del anexo femenino y poder\u00a0compartirlos entre ellas.<\/p>\n<p>Las se\u00f1oras\u00a0Mar\u00eda In\u00e9s Sarria,\u00a0y la actual Presidenta Chichi Toledo\u00a0saludaron al Director Adolfo Cers\u00f3simo, reconoci\u00e9ndole el trabajo que se \u00e9sta haciendo en la Unidad y\u00a0 rec\u00edprocamente se les agradeci\u00f3 a estas representantes de la Liga de Madres de Familia la compa\u00f1\u00eda, y el trabajo solidario que hacen con las internas.<\/p>\n<p>Durante este a\u00f1o han realizado varias acciones en la Unidad , como encuentros de charlas, compartir meriendas, consiguieron dos televisores para los espacios en com\u00fan que comparten todas las mujeres privadas de la libertad, bolsitas de crochet con elementos personales adentro, entre otras cosas.<\/p>\n<p>&nbsp;<\/p>\n<p>Fuente: Prensa Unidad 5<\/p>\n","protected":false},"excerpt":{"rendered":"<p>D\u00edas pasados, integrantes de la Liga de Madres de Familia, de la Catedral de Mercedes pertenecientes a la Arquidi\u00f3cesis Mercedes &#8230; <a title=\"La Liga de Madres don\u00f3 pan dulce y budines a las internas de la Unidad N\u00ba 5\" class=\"read-more\" href=\"https:\/\/www.hoymercedes.com.ar\/principal\/2016\/12\/31\/la-liga-de-madres-dono-pan-dulce-y-budines-a-las-internas-de-la-unidad-no-5\/\" aria-label=\"Leer m\u00e1s sobre La Liga de Madres don\u00f3 pan dulce y budines a las internas de la Unidad N\u00ba 5\">Leer m\u00e1s<\/a><\/p>\n","protected":false},"author":1,"featured_media":58610,"comment_status":"closed","ping_status":"open","sticky":false,"template":"","format":"standard","meta":{"_monsterinsights_skip_tracking":false,"_monsterinsights_sitenote_active":false,"_monsterinsights_sitenote_note":"","_monsterinsights_sitenote_category":0,"jetpack_post_was_ever_published":false,"_jetpack_newsletter_access":"","_jetpack_dont_email_post_to_subs":false,"_jetpack_newsletter_tier_id":0,"_jetpack_memberships_contains_paywalled_content":false,"_jetpack_memberships_contains_paid_content":false,"footnotes":"","jetpack_publicize_message":"","jetpack_publicize_feature_enabled":true,"jetpack_social_post_already_shared":true,"jetpack_social_options":{"image_generator_settings":{"template":"highway","default_image_id":0,"font":"","enabled":false},"version":2},"_wpas_customize_per_network":false},"categories":[5485,8],"tags":[1011,9783,409,10360,113],"class_list":["post-58608","post","type-post","status-publish","format-standard","has-post-thumbnail","hentry","category-comunidad","category-sociedad","tag-carcel","tag-donacion","tag-internas","tag-navidad","tag-unidad-5","generate-columns","tablet-grid-50","mobile-grid-100","grid-parent","grid-50"],"jetpack_publicize_connections":[],"jetpack_featured_media_url":"https:\/\/www.hoymercedes.com.ar\/principal\/wp-content\/uploads\/2016\/12\/31-carcel-internas.jpg","wps_subtitle":"Para el cierre del a\u00f1o","jetpack_sharing_enabled":true,"_links":{"self":[{"href":"https:\/\/www.hoymercedes.com.ar\/principal\/wp-json\/wp\/v2\/posts\/58608","targetHints":{"allow":["GET"]}}],"collection":[{"href":"https:\/\/www.hoymercedes.com.ar\/principal\/wp-json\/wp\/v2\/posts"}],"about":[{"href":"https:\/\/www.hoymercedes.com.ar\/principal\/wp-json\/wp\/v2\/types\/post"}],"author":[{"embeddable":true,"href":"https:\/\/www.hoymercedes.com.ar\/principal\/wp-json\/wp\/v2\/users\/1"}],"replies":[{"embeddable":true,"href":"https:\/\/www.hoymercedes.com.ar\/principal\/wp-json\/wp\/v2\/comments?post=58608"}],"version-history":[{"count":0,"href":"https:\/\/www.hoymercedes.com.ar\/principal\/wp-json\/wp\/v2\/posts\/58608\/revisions"}],"wp:featuredmedia":[{"embeddable":true,"href":"https:\/\/www.hoymercedes.com.ar\/principal\/wp-json\/wp\/v2\/media\/58610"}],"wp:attachment":[{"href":"https:\/\/www.hoymercedes.com.ar\/principal\/wp-json\/wp\/v2\/media?parent=58608"}],"wp:term":[{"taxonomy":"category","embeddable":true,"href":"https:\/\/www.hoymercedes.com.ar\/principal\/wp-json\/wp\/v2\/categories?post=58608"},{"taxonomy":"post_tag","embeddable":true,"href":"https:\/\/www.hoymercedes.com.ar\/principal\/wp-json\/wp\/v2\/tags?post=58608"}],"curies":[{"name":"wp","href":"https:\/\/api.w.org\/{rel}","templated":true}]}}