{"id":58625,"date":"2016-12-30T16:52:29","date_gmt":"2016-12-30T19:52:29","guid":{"rendered":"http:\/\/www.hoymercedes.com.ar\/principal\/?p=58625"},"modified":"2017-01-04T21:37:07","modified_gmt":"2017-01-05T00:37:07","slug":"el-partido-obrero-pide-respuesta-de-los-gremios-educativos","status":"publish","type":"post","link":"https:\/\/www.hoymercedes.com.ar\/principal\/2016\/12\/30\/el-partido-obrero-pide-respuesta-de-los-gremios-educativos\/","title":{"rendered":"El Partido Obrero pide respuesta de los gremios educativos"},"content":{"rendered":"<p>\u00ab3000 despidos en Educaci\u00f3n.\u00a0Necesitamos una respuesta de todo el gremio\u00a0urgente\u00bb, dicen desde el Partido Obrero y Tribuna Estatal para expresar su postura ante los reclamos que se est\u00e1n llevando a cabo en el Palacio Pizzurno, sede del Ministerio de Educaci\u00f3n de Naci\u00f3n.<\/p>\n<p>\u00abEl autoproclamado Gerente de Recursos Humanos Esteban Bullrich despidi\u00f3 a 3000 trabajadores del Ministerio de Educaci\u00f3n, frente a lo cual se ocup\u00f3 el edificio de la avenida Santa Fe el 29 de diciembre pasado.\u00a0El gobierno macrista pretende una sangr\u00eda de trabajadores del Estado; el nuevo ministro de Hacienda, Dujovne, declar\u00f3 hace poco que &#8216;sobran un mill\u00f3n'\u00bb, dicen desde el Partido Obrero.<\/p>\n<p>\u00abEste ataque a los estatales se est\u00e1 dando en todos los planos, desde los despidos antisindicales en Hacienda, pasando por las cesant\u00edas en Canciller\u00eda, hasta la paritaria bochornosa de Provincia de Buenos Aires (\u00a118% en cuotas para 2017!). Para despedir, se apoyan en la precariedad laboral que sirvi\u00f3 el gobierno anterior -por eso hablan de &#8216;cese de contratos&#8217;. Entre los trabajadores despedidos existen delegados de ATE, dato que agrega ilegalidad al salvaje ataque antiobrero de Bullrich\u00bb, agregan desde el partido pol\u00edtico de izquierda.<\/p>\n<p>\u00abLa toma del edificio ha sido una primera gran reacci\u00f3n de los trabajadores de Educaci\u00f3n. Con el m\u00e9todo de la asamblea, el paro y la ocupaci\u00f3n, los compa\u00f1eros del Conicet demostraron hace pocos d\u00edas que puede torcerle la mano al gobierno ajustador, y conquistaron m\u00e1s de 500 reincorporaciones. Si el ajuste puede progresar no es porque los trabajadores no podamos hacerle frente, sino por la complicidad de la burocracia sindical\u00bb, destacan.<\/p>\n<p>\u00abEntre los estatales, pasa lo mismo: UPCN colabora activamente con el gobierno. Las dos fracciones mayoritarias de ATE, por su parte, hicieron la plancha frente a una ofensiva que estaba cantada. Como denunciamos desde hace meses, era evidente que tendr\u00edamos despidos, y ni los Verdes ni los K-Verdiblancos prepararon ni organizaron un plan de lucha para enfrentarlos\u00bb, destacan.<\/p>\n<p>\u00abAhora, m\u00e1s que nunca, necesitamos un paro general del gremio, y un plan de lucha para derrotar los despidos, por el pase a planta de todos los contratados y la continuidad de todos los compa\u00f1eros. Rodeemos de solidaridad la ocupaci\u00f3n de Educaci\u00f3n, y preparemos la toma de toda dependencia donde se produzcan despidos. Con la unidad de los trabajadores, podemos parar la mano a este ajuste y defender nuestras fuentes de trabajo\u00bb concluyen desde Tribuna Estatal dentro del Partido Obrero.<\/p>\n<p>Fuente: Partido Obrero Mercedes<\/p>\n","protected":false},"excerpt":{"rendered":"<p>\u00ab3000 despidos en Educaci\u00f3n.\u00a0Necesitamos una respuesta de todo el gremio\u00a0urgente\u00bb, dicen desde el Partido Obrero y Tribuna Estatal para expresar &#8230; <a title=\"El Partido Obrero pide respuesta de los gremios educativos\" class=\"read-more\" href=\"https:\/\/www.hoymercedes.com.ar\/principal\/2016\/12\/30\/el-partido-obrero-pide-respuesta-de-los-gremios-educativos\/\" aria-label=\"Leer m\u00e1s sobre El Partido Obrero pide respuesta de los gremios educativos\">Leer m\u00e1s<\/a><\/p>\n","protected":false},"author":1,"featured_media":0,"comment_status":"closed","ping_status":"open","sticky":false,"template":"","format":"standard","meta":{"_monsterinsights_skip_tracking":false,"_monsterinsights_sitenote_active":false,"_monsterinsights_sitenote_note":"","_monsterinsights_sitenote_category":0,"jetpack_post_was_ever_published":false,"_jetpack_newsletter_access":"","_jetpack_dont_email_post_to_subs":false,"_jetpack_newsletter_tier_id":0,"_jetpack_memberships_contains_paywalled_content":false,"_jetpack_memberships_contains_paid_content":false,"footnotes":"","jetpack_publicize_message":"","jetpack_publicize_feature_enabled":true,"jetpack_social_post_already_shared":true,"jetpack_social_options":{"image_generator_settings":{"template":"highway","default_image_id":0,"font":"","enabled":false},"version":2},"_wpas_customize_per_network":false},"categories":[5],"tags":[1045,5319],"class_list":["post-58625","post","type-post","status-publish","format-standard","hentry","category-politica","tag-partido-obrero","tag-politica-2","generate-columns","tablet-grid-50","mobile-grid-100","grid-parent","grid-50"],"jetpack_publicize_connections":[],"jetpack_featured_media_url":"","wps_subtitle":"Antes despidos naci\u00f3n","jetpack_sharing_enabled":true,"jetpack-related-posts":[{"id":145831,"url":"https:\/\/www.hoymercedes.com.ar\/principal\/2022\/03\/25\/partido-obrero-fit-repudia-el-ataque-en-la-vigilia-del-24-de-marzo\/","url_meta":{"origin":58625,"position":0},"title":"Partido Obrero &#8211; FIT repudia el ataque en la vigilia del 24 de marzo","author":"hoymercedes","date":"25 marzo, 2022","format":false,"excerpt":"Partido Obrero Mercedes en el FIT - La rotura de la bandera con los rostros de los compa\u00f1eros desaparecidos que fue perpetrada por un conocido violento de nuestra ciudad ha dejado en claro que este individuo est\u00e1 a favor del golpe de estado y las pol\u00edticas econ\u00f3micas que llev\u00f3 adelante\u2026","rel":"","context":"En \u00abPol\u00edtica\u00bb","block_context":{"text":"Pol\u00edtica","link":"https:\/\/www.hoymercedes.com.ar\/principal\/category\/politica\/"},"img":{"alt_text":"","src":"","width":0,"height":0},"classes":[]},{"id":72698,"url":"https:\/\/www.hoymercedes.com.ar\/principal\/2018\/02\/20\/el-partido-obrero-se-solidariza-con-los-trabajadores-de-guilford\/","url_meta":{"origin":58625,"position":1},"title":"El Partido Obrero se solidariza con los trabajadores de Guilford","author":"hoymercedes","date":"20 febrero, 2018","format":false,"excerpt":"A trav\u00e9s de una comunicaci\u00f3n enviada a los medios de comunicaci\u00f3n de la ciudad, el Partido Obrero de Mercedes expresa su solidaridad con los empleados de la empresa Guilford que desde hace unos meses est\u00e1n reclamando el pago de sus salarios: \"Desde el Partido Obrero de Mercedes expresamos nuestra solidaridad\u2026","rel":"","context":"En \u00abPol\u00edtica\u00bb","block_context":{"text":"Pol\u00edtica","link":"https:\/\/www.hoymercedes.com.ar\/principal\/category\/politica\/"},"img":{"alt_text":"","src":"https:\/\/i0.wp.com\/www.hoymercedes.com.ar\/principal\/wp-content\/uploads\/2018\/02\/20-guilford.jpg?resize=350%2C200&ssl=1","width":350,"height":200,"srcset":"https:\/\/i0.wp.com\/www.hoymercedes.com.ar\/principal\/wp-content\/uploads\/2018\/02\/20-guilford.jpg?resize=350%2C200&ssl=1 1x, https:\/\/i0.wp.com\/www.hoymercedes.com.ar\/principal\/wp-content\/uploads\/2018\/02\/20-guilford.jpg?resize=525%2C300&ssl=1 1.5x, https:\/\/i0.wp.com\/www.hoymercedes.com.ar\/principal\/wp-content\/uploads\/2018\/02\/20-guilford.jpg?resize=700%2C400&ssl=1 2x"},"classes":[]},{"id":180120,"url":"https:\/\/www.hoymercedes.com.ar\/principal\/2024\/10\/29\/partido-obrero-solidaridad-con-los-obreros-de-la-ex-nicotex\/","url_meta":{"origin":58625,"position":2},"title":"Partido Obrero: Solidaridad con los obreros de la ex Nicotex","author":"hoymercedes","date":"29 octubre, 2024","format":false,"excerpt":"El enorme ajuste sumado a las pol\u00edticas de desindustrializaci\u00f3n que lleva a cabo el gobierno de Milei est\u00e1 impactando en nuestra ciudad, con las primeras consecuencias a la vista. A esto se le suma la certeza de que, siguiendo la l\u00ednea de los libertarios, frente a los despidos y la\u2026","rel":"","context":"En \u00abSociedad\u00bb","block_context":{"text":"Sociedad","link":"https:\/\/www.hoymercedes.com.ar\/principal\/category\/sociedad\/"},"img":{"alt_text":"","src":"","width":0,"height":0},"classes":[]},{"id":36474,"url":"https:\/\/www.hoymercedes.com.ar\/principal\/2014\/09\/28\/importante-encuentro-del-frente-de-izquierda-en-mercedes\/","url_meta":{"origin":58625,"position":3},"title":"Importante encuentro del Frente de Izquierda en Mercedes","author":"hoymercedes","date":"28 septiembre, 2014","format":false,"excerpt":"Con la presencia del reconocido dirigente Daniel Rapanelli en el Club Comunicaciones se llev\u00f3 a cabo el encuentro del Frente de Izquierda de Mercedes con miras al gran acto que planean realizar en noviembre en el Luna Park. Debate, planificaci\u00f3n y acci\u00f3n pol\u00edtica. En el encuentro debatieron diversas problem\u00e1ticas locales\u2026","rel":"","context":"En \u00abPol\u00edtica\u00bb","block_context":{"text":"Pol\u00edtica","link":"https:\/\/www.hoymercedes.com.ar\/principal\/category\/politica\/"},"img":{"alt_text":"DSCN9079","src":"https:\/\/i0.wp.com\/www.hoymercedes.com.ar\/principal\/wp-content\/uploads\/2014\/09\/DSCN9079.jpg?resize=350%2C200","width":350,"height":200,"srcset":"https:\/\/i0.wp.com\/www.hoymercedes.com.ar\/principal\/wp-content\/uploads\/2014\/09\/DSCN9079.jpg?resize=350%2C200 1x, https:\/\/i0.wp.com\/www.hoymercedes.com.ar\/principal\/wp-content\/uploads\/2014\/09\/DSCN9079.jpg?resize=525%2C300 1.5x"},"classes":[]},{"id":36431,"url":"https:\/\/www.hoymercedes.com.ar\/principal\/2014\/09\/26\/convocatoria-a-asamblea-previa-al-congreso-de-la-izquierda-y-el-movimiento-obrero\/","url_meta":{"origin":58625,"position":4},"title":"Convocatoria a asamblea previa al congreso de la izquierda y el movimiento obrero","author":"hoymercedes","date":"26 septiembre, 2014","format":false,"excerpt":"Este s\u00e1bado se realizar\u00e1 una importante convocatoria del Partido Obrero de nuestra ciudad, en car\u00e1cter de asamblea y en pos del debate sobre la realidad argentina y local. La crisis econ\u00f3mica que estamos atravesando se traduce en despidos y suspensiones, Guilford ha sido el ensayo de una pol\u00edtica econ\u00f3mica en\u2026","rel":"","context":"En \u00abPol\u00edtica\u00bb","block_context":{"text":"Pol\u00edtica","link":"https:\/\/www.hoymercedes.com.ar\/principal\/category\/politica\/"},"img":{"alt_text":"PartidoObreroMercedes","src":"https:\/\/i0.wp.com\/www.hoymercedes.com.ar\/principal\/wp-content\/uploads\/2014\/09\/PartidoObreroMercedes.jpg?resize=350%2C200","width":350,"height":200,"srcset":"https:\/\/i0.wp.com\/www.hoymercedes.com.ar\/principal\/wp-content\/uploads\/2014\/09\/PartidoObreroMercedes.jpg?resize=350%2C200 1x, https:\/\/i0.wp.com\/www.hoymercedes.com.ar\/principal\/wp-content\/uploads\/2014\/09\/PartidoObreroMercedes.jpg?resize=525%2C300 1.5x"},"classes":[]},{"id":46600,"url":"https:\/\/www.hoymercedes.com.ar\/principal\/2015\/12\/25\/partido-obrero-solicita-reunion-con-ustarroz-para-tratar-diversos-problemas\/","url_meta":{"origin":58625,"position":5},"title":"Partido Obrero solicita reuni\u00f3n con Ustarroz para tratar diversos problemas","author":"hoymercedes","date":"25 diciembre, 2015","format":false,"excerpt":"El Partido Obrero de nuestra ciudad llev\u00f3 adelante una solicitud formal para llevar a cabo un encuentro con el intendente Juan Ustarroz\u00a0en pos de dialogar sobre la realidad local y en particular de los trabajares. El pedido fue por medio de una nota formal presentada el pasado 23 de diciembre.\u2026","rel":"","context":"En \u00abPol\u00edtica\u00bb","block_context":{"text":"Pol\u00edtica","link":"https:\/\/www.hoymercedes.com.ar\/principal\/category\/politica\/"},"img":{"alt_text":"","src":"https:\/\/i0.wp.com\/www.hoymercedes.com.ar\/principal\/wp-content\/uploads\/2015\/07\/PabloDemarco.jpg?resize=350%2C200&ssl=1","width":350,"height":200,"srcset":"https:\/\/i0.wp.com\/www.hoymercedes.com.ar\/principal\/wp-content\/uploads\/2015\/07\/PabloDemarco.jpg?resize=350%2C200&ssl=1 1x, https:\/\/i0.wp.com\/www.hoymercedes.com.ar\/principal\/wp-content\/uploads\/2015\/07\/PabloDemarco.jpg?resize=525%2C300&ssl=1 1.5x"},"classes":[]}],"_links":{"self":[{"href":"https:\/\/www.hoymercedes.com.ar\/principal\/wp-json\/wp\/v2\/posts\/58625","targetHints":{"allow":["GET"]}}],"collection":[{"href":"https:\/\/www.hoymercedes.com.ar\/principal\/wp-json\/wp\/v2\/posts"}],"about":[{"href":"https:\/\/www.hoymercedes.com.ar\/principal\/wp-json\/wp\/v2\/types\/post"}],"author":[{"embeddable":true,"href":"https:\/\/www.hoymercedes.com.ar\/principal\/wp-json\/wp\/v2\/users\/1"}],"replies":[{"embeddable":true,"href":"https:\/\/www.hoymercedes.com.ar\/principal\/wp-json\/wp\/v2\/comments?post=58625"}],"version-history":[{"count":0,"href":"https:\/\/www.hoymercedes.com.ar\/principal\/wp-json\/wp\/v2\/posts\/58625\/revisions"}],"wp:attachment":[{"href":"https:\/\/www.hoymercedes.com.ar\/principal\/wp-json\/wp\/v2\/media?parent=58625"}],"wp:term":[{"taxonomy":"category","embeddable":true,"href":"https:\/\/www.hoymercedes.com.ar\/principal\/wp-json\/wp\/v2\/categories?post=58625"},{"taxonomy":"post_tag","embeddable":true,"href":"https:\/\/www.hoymercedes.com.ar\/principal\/wp-json\/wp\/v2\/tags?post=58625"}],"curies":[{"name":"wp","href":"https:\/\/api.w.org\/{rel}","templated":true}]}}