{"id":58627,"date":"2016-12-31T10:43:07","date_gmt":"2016-12-31T13:43:07","guid":{"rendered":"http:\/\/www.hoymercedes.com.ar\/principal\/?p=58627"},"modified":"2016-12-31T11:44:40","modified_gmt":"2016-12-31T14:44:40","slug":"dieta-de-concejales-frente-renovador-impulso-consulta-al-tribunal-de-cuentas","status":"publish","type":"post","link":"https:\/\/www.hoymercedes.com.ar\/principal\/2016\/12\/31\/dieta-de-concejales-frente-renovador-impulso-consulta-al-tribunal-de-cuentas\/","title":{"rendered":"Dieta de Concejales: Frente Renovador impuls\u00f3 consulta al Tribunal de Cuentas"},"content":{"rendered":"<p>Mediante una nota dirigida al presidente del Concejo Deliberante, Mat\u00edas Dematei los concejales del Frente Renovador pidieron que \u201cde manera urgente realice la consulta al Honorable Tribunal de Cuentas de la provincia de Buenos Aires, respecto de la correcta liquidaci\u00f3n de dietas a los se\u00f1ores concejales de nuestro partido, teniendo en cuenta la aplicaci\u00f3n de la legislaci\u00f3n vigente\u201d.<\/p>\n<p>Asimismo,, pidieron que se adjunte a la consulta \u201clas distintas posturas evidenciadas en la \u00faltima sesi\u00f3n de tratamiento del presupuesto para el a\u00f1o 2017 de este Concejo, que motivara la abstinencia del bloque del Frente Renovador quedando a la espera de respuesta formal del Tribunal de Cuentas, as\u00ed como toda documentaci\u00f3n que usted crea pertinente y necesaria para obtener dicha respuesta\u201d.<\/p>\n<p>La nota fue elevada el jueves pasado por el presidente del bloque del Frente Renovador, Carlos Milhomme, qui\u00e9n est\u00e1 acompa\u00f1ado por los concejales Sabrina Selva y Ricardo Bozzini.<\/p>\n<p>Cabe recordar que este bloque, junto al monobloque de Jos\u00e9 Cestari, se abstuvieron al votar la modificaci\u00f3n propuesta por el Frente Cambiemos en el marco de la sesi\u00f3n del <a href=\"https:\/\/www.hoymercedes.com.ar\/principal\/2016\/12\/29\/concejales-aprobaron-presupuesto-para-el-ejercicio-2017\/\" target=\"_blank\">Presupuesto 2017<\/a>.<\/p>\n","protected":false},"excerpt":{"rendered":"<p>Mediante una nota dirigida al presidente del Concejo Deliberante, Mat\u00edas Dematei los concejales del Frente Renovador pidieron que \u201cde manera &#8230; <a title=\"Dieta de Concejales: Frente Renovador impuls\u00f3 consulta al Tribunal de Cuentas\" class=\"read-more\" href=\"https:\/\/www.hoymercedes.com.ar\/principal\/2016\/12\/31\/dieta-de-concejales-frente-renovador-impulso-consulta-al-tribunal-de-cuentas\/\" aria-label=\"Leer m\u00e1s sobre Dieta de Concejales: Frente Renovador impuls\u00f3 consulta al Tribunal de Cuentas\">Leer m\u00e1s<\/a><\/p>\n","protected":false},"author":1,"featured_media":58630,"comment_status":"closed","ping_status":"open","sticky":false,"template":"","format":"standard","meta":{"_monsterinsights_skip_tracking":false,"_monsterinsights_sitenote_active":false,"_monsterinsights_sitenote_note":"","_monsterinsights_sitenote_category":0,"jetpack_post_was_ever_published":false,"_jetpack_newsletter_access":"","_jetpack_dont_email_post_to_subs":false,"_jetpack_newsletter_tier_id":0,"_jetpack_memberships_contains_paywalled_content":false,"_jetpack_memberships_contains_paid_content":false,"footnotes":"","jetpack_publicize_message":"","jetpack_publicize_feature_enabled":true,"jetpack_social_post_already_shared":true,"jetpack_social_options":{"image_generator_settings":{"template":"highway","default_image_id":0,"font":"","enabled":false},"version":2},"_wpas_customize_per_network":false},"categories":[5],"tags":[10379,3537,10380],"class_list":["post-58627","post","type-post","status-publish","format-standard","has-post-thumbnail","hentry","category-politica","tag-dieta-concejales","tag-frente-renovador","tag-tribunal-de-cuentas","generate-columns","tablet-grid-50","mobile-grid-100","grid-parent","grid-50"],"jetpack_publicize_connections":[],"jetpack_featured_media_url":"https:\/\/www.hoymercedes.com.ar\/principal\/wp-content\/uploads\/2016\/12\/31-Frente-Renovador.jpg","wps_subtitle":"Tras la sesi\u00f3n de presupuesto","jetpack_sharing_enabled":true,"jetpack-related-posts":[{"id":60083,"url":"https:\/\/www.hoymercedes.com.ar\/principal\/2017\/02\/24\/el-veto-a-los-articulos-del-presupuesto-quedo-en-comision\/","url_meta":{"origin":58627,"position":0},"title":"El veto a los art\u00edculos del presupuesto qued\u00f3 en comisi\u00f3n","author":"hoymercedes","date":"24 febrero, 2017","format":false,"excerpt":"A pedido del Frente Renovador, por mayor\u00eda, los concejales decidieron no ratificar ni rectificar el veto del Intendente hasta tanto no llegue la respuesta a la consulta hecha al Tribunal de Cuentas sobre los art\u00edculos cuestionados en el Presupuesto 2017. \u00a0 En la tarde noche del\u00a0mi\u00e9rcoles se\u00a0llev\u00f3 adelante la primera\u00a0sesi\u00f3n\u2026","rel":"","context":"En \u00abPol\u00edtica\u00bb","block_context":{"text":"Pol\u00edtica","link":"https:\/\/www.hoymercedes.com.ar\/principal\/category\/politica\/"},"img":{"alt_text":"","src":"https:\/\/i0.wp.com\/www.hoymercedes.com.ar\/principal\/wp-content\/uploads\/2017\/02\/24-sesion-hcd.jpg?resize=350%2C200&ssl=1","width":350,"height":200,"srcset":"https:\/\/i0.wp.com\/www.hoymercedes.com.ar\/principal\/wp-content\/uploads\/2017\/02\/24-sesion-hcd.jpg?resize=350%2C200&ssl=1 1x, https:\/\/i0.wp.com\/www.hoymercedes.com.ar\/principal\/wp-content\/uploads\/2017\/02\/24-sesion-hcd.jpg?resize=525%2C300&ssl=1 1.5x"},"classes":[]},{"id":58667,"url":"https:\/\/www.hoymercedes.com.ar\/principal\/2017\/01\/03\/cestari-creo-que-el-intendente-debe-considerar-el-veto\/","url_meta":{"origin":58627,"position":1},"title":"Cestari: \u00abCreo que el Intendente  debe considerar el veto\u00bb","author":"hoymercedes","date":"3 enero, 2017","format":false,"excerpt":"Antes de la sesi\u00f3n preparatoria, el concejal Jos\u00e9 Cestari \u2013quien se hab\u00eda abstenido de votar el aumento- critic\u00f3 a sus pares del Frente Cambiemos y adelant\u00f3 que el aumento desproporcionado de las dietas \u201cpuede generar un desfinanciamiento al Estado Municipal\u201d, Sin embargo, repetimos, durante la abstenci\u00f3n se abstuvo acompa\u00f1ando la\u2026","rel":"","context":"En \u00abPol\u00edtica\u00bb","block_context":{"text":"Pol\u00edtica","link":"https:\/\/www.hoymercedes.com.ar\/principal\/category\/politica\/"},"img":{"alt_text":"","src":"https:\/\/i0.wp.com\/www.hoymercedes.com.ar\/principal\/wp-content\/uploads\/2017\/01\/03-Cestari.jpg?resize=350%2C200&ssl=1","width":350,"height":200,"srcset":"https:\/\/i0.wp.com\/www.hoymercedes.com.ar\/principal\/wp-content\/uploads\/2017\/01\/03-Cestari.jpg?resize=350%2C200&ssl=1 1x, https:\/\/i0.wp.com\/www.hoymercedes.com.ar\/principal\/wp-content\/uploads\/2017\/01\/03-Cestari.jpg?resize=525%2C300&ssl=1 1.5x"},"classes":[]},{"id":63331,"url":"https:\/\/www.hoymercedes.com.ar\/principal\/2017\/05\/31\/mayoria-de-concejales-rechazaron-las-cuentas-del-ejecutivo\/","url_meta":{"origin":58627,"position":2},"title":"Mayor\u00eda de Concejales rechazaron las cuentas del Ejecutivo","author":"hoymercedes","date":"31 mayo, 2017","format":false,"excerpt":"Los bloques del Frente Renovador y Frente Cambiemos no aprobaron alegando\u00a0sub-ejecuci\u00f3n en algunas de las partidas. Sus dict\u00e1menes ser\u00e1n enviados al Tribunal de Cuentas. S\u00ed aprobaron los n\u00fameros del Cuerpo Legislativo, es decir, a ellos mismos.\u00a0 En una nueva sesi\u00f3n extraordinaria, el Concejo Deliberante de Mercedes sesion\u00f3 en la noche\u2026","rel":"","context":"En \u00abPol\u00edtica\u00bb","block_context":{"text":"Pol\u00edtica","link":"https:\/\/www.hoymercedes.com.ar\/principal\/category\/politica\/"},"img":{"alt_text":"","src":"https:\/\/i0.wp.com\/www.hoymercedes.com.ar\/principal\/wp-content\/uploads\/2017\/05\/31-cuentas2016.jpg?resize=350%2C200&ssl=1","width":350,"height":200,"srcset":"https:\/\/i0.wp.com\/www.hoymercedes.com.ar\/principal\/wp-content\/uploads\/2017\/05\/31-cuentas2016.jpg?resize=350%2C200&ssl=1 1x, https:\/\/i0.wp.com\/www.hoymercedes.com.ar\/principal\/wp-content\/uploads\/2017\/05\/31-cuentas2016.jpg?resize=525%2C300&ssl=1 1.5x"},"classes":[]},{"id":48141,"url":"https:\/\/www.hoymercedes.com.ar\/principal\/2016\/03\/24\/tratamiento-para-comision\/","url_meta":{"origin":58627,"position":3},"title":"El legislativo trat\u00f3 proyecto de municipalizaci\u00f3n de la Escuela El Pampero","author":"hoymercedes","date":"24 marzo, 2016","format":false,"excerpt":"En la tarde noche de este mi\u00e9rcoles, el Concejo Deliberante realiz\u00f3 una sesi\u00f3n extraordinaria con un \u00fanico tema: la municipalizaci\u00f3n de la Escuela El Pampero. Aunque el proyecto presentado por el Ejecutivo habla de \u201ccreaci\u00f3n de la escuela municipal El Pampero\u201d. Precisamente los alcances del proyecto fue el punto m\u00e1s\u2026","rel":"","context":"En \u00abPol\u00edtica\u00bb","block_context":{"text":"Pol\u00edtica","link":"https:\/\/www.hoymercedes.com.ar\/principal\/category\/politica\/"},"img":{"alt_text":"","src":"https:\/\/i0.wp.com\/www.hoymercedes.com.ar\/principal\/wp-content\/uploads\/2016\/03\/pampero1.jpg?resize=350%2C200&ssl=1","width":350,"height":200,"srcset":"https:\/\/i0.wp.com\/www.hoymercedes.com.ar\/principal\/wp-content\/uploads\/2016\/03\/pampero1.jpg?resize=350%2C200&ssl=1 1x, https:\/\/i0.wp.com\/www.hoymercedes.com.ar\/principal\/wp-content\/uploads\/2016\/03\/pampero1.jpg?resize=525%2C300&ssl=1 1.5x"},"classes":[]},{"id":103498,"url":"https:\/\/www.hoymercedes.com.ar\/principal\/2019\/12\/06\/hoy-los-concejales-tendran-una-nueva-sesion-extraordinaria\/","url_meta":{"origin":58627,"position":4},"title":"Hoy los concejales tendr\u00e1n una nueva sesi\u00f3n extraordinaria","author":"hoymercedes","date":"6 diciembre, 2019","format":false,"excerpt":"En la ma\u00f1ana de este viernes, el cuerpo legislativo fue convocado para tratar en el recinto uno de los anexos del proyecto de ampliaci\u00f3n del presupuesto 2019. Adem\u00e1s, acordaron enviar una nota pidiendo informaci\u00f3n al Tribunal de Cuentas. Por su parte, la concejala Vi\u00f1ales se anunciar\u00e1 como monobloque. En los\u2026","rel":"","context":"En \u00abPol\u00edtica\u00bb","block_context":{"text":"Pol\u00edtica","link":"https:\/\/www.hoymercedes.com.ar\/principal\/category\/politica\/"},"img":{"alt_text":"","src":"https:\/\/i0.wp.com\/www.hoymercedes.com.ar\/principal\/wp-content\/uploads\/2018\/10\/26-recinto-HCD.jpg?resize=350%2C200&ssl=1","width":350,"height":200,"srcset":"https:\/\/i0.wp.com\/www.hoymercedes.com.ar\/principal\/wp-content\/uploads\/2018\/10\/26-recinto-HCD.jpg?resize=350%2C200&ssl=1 1x, https:\/\/i0.wp.com\/www.hoymercedes.com.ar\/principal\/wp-content\/uploads\/2018\/10\/26-recinto-HCD.jpg?resize=525%2C300&ssl=1 1.5x, https:\/\/i0.wp.com\/www.hoymercedes.com.ar\/principal\/wp-content\/uploads\/2018\/10\/26-recinto-HCD.jpg?resize=700%2C400&ssl=1 2x"},"classes":[]},{"id":58559,"url":"https:\/\/www.hoymercedes.com.ar\/principal\/2016\/12\/29\/concejales-aprobaron-presupuesto-para-el-ejercicio-2017\/","url_meta":{"origin":58627,"position":5},"title":"Concejales aprobaron presupuesto para el ejercicio 2017","author":"hoymercedes","date":"29 diciembre, 2016","format":false,"excerpt":"La cifra final aprobada fue de 453.511.455 de pesos. Por propuesta y mayor\u00eda de votos del Frente Cambiemos se aprob\u00f3 una modificaci\u00f3n que implica un aumento de casi el 40 % para el salario de los Concejales.\u00a0 En la tarde noche de este mi\u00e9rcoles se realiz\u00f3 una nueva sesi\u00f3n extraordinaria\u2026","rel":"","context":"En \u00abPol\u00edtica\u00bb","block_context":{"text":"Pol\u00edtica","link":"https:\/\/www.hoymercedes.com.ar\/principal\/category\/politica\/"},"img":{"alt_text":"","src":"https:\/\/i0.wp.com\/www.hoymercedes.com.ar\/principal\/wp-content\/uploads\/2016\/12\/29-Presupuesto-2017-1.jpg?resize=350%2C200&ssl=1","width":350,"height":200,"srcset":"https:\/\/i0.wp.com\/www.hoymercedes.com.ar\/principal\/wp-content\/uploads\/2016\/12\/29-Presupuesto-2017-1.jpg?resize=350%2C200&ssl=1 1x, https:\/\/i0.wp.com\/www.hoymercedes.com.ar\/principal\/wp-content\/uploads\/2016\/12\/29-Presupuesto-2017-1.jpg?resize=525%2C300&ssl=1 1.5x"},"classes":[]}],"_links":{"self":[{"href":"https:\/\/www.hoymercedes.com.ar\/principal\/wp-json\/wp\/v2\/posts\/58627","targetHints":{"allow":["GET"]}}],"collection":[{"href":"https:\/\/www.hoymercedes.com.ar\/principal\/wp-json\/wp\/v2\/posts"}],"about":[{"href":"https:\/\/www.hoymercedes.com.ar\/principal\/wp-json\/wp\/v2\/types\/post"}],"author":[{"embeddable":true,"href":"https:\/\/www.hoymercedes.com.ar\/principal\/wp-json\/wp\/v2\/users\/1"}],"replies":[{"embeddable":true,"href":"https:\/\/www.hoymercedes.com.ar\/principal\/wp-json\/wp\/v2\/comments?post=58627"}],"version-history":[{"count":0,"href":"https:\/\/www.hoymercedes.com.ar\/principal\/wp-json\/wp\/v2\/posts\/58627\/revisions"}],"wp:featuredmedia":[{"embeddable":true,"href":"https:\/\/www.hoymercedes.com.ar\/principal\/wp-json\/wp\/v2\/media\/58630"}],"wp:attachment":[{"href":"https:\/\/www.hoymercedes.com.ar\/principal\/wp-json\/wp\/v2\/media?parent=58627"}],"wp:term":[{"taxonomy":"category","embeddable":true,"href":"https:\/\/www.hoymercedes.com.ar\/principal\/wp-json\/wp\/v2\/categories?post=58627"},{"taxonomy":"post_tag","embeddable":true,"href":"https:\/\/www.hoymercedes.com.ar\/principal\/wp-json\/wp\/v2\/tags?post=58627"}],"curies":[{"name":"wp","href":"https:\/\/api.w.org\/{rel}","templated":true}]}}