{"id":58648,"date":"2017-01-02T09:58:51","date_gmt":"2017-01-02T12:58:51","guid":{"rendered":"http:\/\/www.hoymercedes.com.ar\/principal\/?p=58648"},"modified":"2017-01-02T09:58:51","modified_gmt":"2017-01-02T12:58:51","slug":"se-amplio-la-flota-de-camiones-para-servicios-publicos","status":"publish","type":"post","link":"https:\/\/www.hoymercedes.com.ar\/principal\/2017\/01\/02\/se-amplio-la-flota-de-camiones-para-servicios-publicos\/","title":{"rendered":"Se ampli\u00f3 la flota de camiones para servicios p\u00fablicos"},"content":{"rendered":"<p>Prensa Municipal \/ Durante el 2016\u00a0la ampliaci\u00f3n de los servicios p\u00fablicos de la ciudad requiri\u00f3 una fuerte inversi\u00f3n en equipamiento y herramientas. D\u00edas atr\u00e1s lleg\u00f3 un nuevo cami\u00f3n para sumarse al \u00e1rea de Servicios P\u00fablicos adquirido a la empresa Agrale.<\/p>\n<p>En el play\u00f3n de La Trocha el pasado viernes los mercedinos pudieron ver estacionados no s\u00f3lo el nuevo cami\u00f3n, sino tambi\u00e9n los anteriores, pero, con otra novedad que beneficia a la comunidad y es ni m\u00e1s ni menos que la colocaci\u00f3n de las cajas a cada uno de ellos, todas realizadas \u201ccero kil\u00f3metros\u201d, es decir, cajas nueva para camiones nuevos.<\/p>\n<p>Por su parte, el intendente Ustarroz remarc\u00f3 la importancia que tiene \u201cla incorporaci\u00f3n de nuevos camiones\u201d porque \u201ces la manera que podemos capitalizar el municipio y dar herramientas genuinas para la mejora en las prestaciones de servicios para todos los vecinos\u201d sin dejar de lado que \u201ces parte de nuestra manera de optimizar recursos y utilizar eficaz y eficientemente los recursos p\u00fablicos\u201d.<\/p>\n<p>El nuevo veh\u00edculo, desde los primeros d\u00edas del a\u00f1o, estar\u00e1 prestando servicios.<\/p>\n<p>&nbsp;<\/p>\n","protected":false},"excerpt":{"rendered":"<p>Prensa Municipal \/ Durante el 2016\u00a0la ampliaci\u00f3n de los servicios p\u00fablicos de la ciudad requiri\u00f3 una fuerte inversi\u00f3n en equipamiento &#8230; <a title=\"Se ampli\u00f3 la flota de camiones para servicios p\u00fablicos\" class=\"read-more\" href=\"https:\/\/www.hoymercedes.com.ar\/principal\/2017\/01\/02\/se-amplio-la-flota-de-camiones-para-servicios-publicos\/\" aria-label=\"Leer m\u00e1s sobre Se ampli\u00f3 la flota de camiones para servicios p\u00fablicos\">Leer m\u00e1s<\/a><\/p>\n","protected":false},"author":1,"featured_media":58649,"comment_status":"closed","ping_status":"open","sticky":false,"template":"","format":"standard","meta":{"_monsterinsights_skip_tracking":false,"_monsterinsights_sitenote_active":false,"_monsterinsights_sitenote_note":"","_monsterinsights_sitenote_category":0,"jetpack_post_was_ever_published":false,"_jetpack_newsletter_access":"","_jetpack_dont_email_post_to_subs":false,"_jetpack_newsletter_tier_id":0,"_jetpack_memberships_contains_paywalled_content":false,"_jetpack_memberships_contains_paid_content":false,"footnotes":"","jetpack_publicize_message":"","jetpack_publicize_feature_enabled":true,"jetpack_social_post_already_shared":true,"jetpack_social_options":{"image_generator_settings":{"template":"highway","default_image_id":0,"font":"","enabled":false},"version":2},"_wpas_customize_per_network":false},"categories":[30],"tags":[2610,8628],"class_list":["post-58648","post","type-post","status-publish","format-standard","has-post-thumbnail","hentry","category-municipio","tag-camiones","tag-servicios-publicos","generate-columns","tablet-grid-50","mobile-grid-100","grid-parent","grid-50"],"jetpack_publicize_connections":[],"jetpack_featured_media_url":"https:\/\/www.hoymercedes.com.ar\/principal\/wp-content\/uploads\/2017\/01\/02-camiones-muncipales.jpg","wps_subtitle":"Adquisici\u00f3n municipal","jetpack_sharing_enabled":true,"_links":{"self":[{"href":"https:\/\/www.hoymercedes.com.ar\/principal\/wp-json\/wp\/v2\/posts\/58648","targetHints":{"allow":["GET"]}}],"collection":[{"href":"https:\/\/www.hoymercedes.com.ar\/principal\/wp-json\/wp\/v2\/posts"}],"about":[{"href":"https:\/\/www.hoymercedes.com.ar\/principal\/wp-json\/wp\/v2\/types\/post"}],"author":[{"embeddable":true,"href":"https:\/\/www.hoymercedes.com.ar\/principal\/wp-json\/wp\/v2\/users\/1"}],"replies":[{"embeddable":true,"href":"https:\/\/www.hoymercedes.com.ar\/principal\/wp-json\/wp\/v2\/comments?post=58648"}],"version-history":[{"count":0,"href":"https:\/\/www.hoymercedes.com.ar\/principal\/wp-json\/wp\/v2\/posts\/58648\/revisions"}],"wp:featuredmedia":[{"embeddable":true,"href":"https:\/\/www.hoymercedes.com.ar\/principal\/wp-json\/wp\/v2\/media\/58649"}],"wp:attachment":[{"href":"https:\/\/www.hoymercedes.com.ar\/principal\/wp-json\/wp\/v2\/media?parent=58648"}],"wp:term":[{"taxonomy":"category","embeddable":true,"href":"https:\/\/www.hoymercedes.com.ar\/principal\/wp-json\/wp\/v2\/categories?post=58648"},{"taxonomy":"post_tag","embeddable":true,"href":"https:\/\/www.hoymercedes.com.ar\/principal\/wp-json\/wp\/v2\/tags?post=58648"}],"curies":[{"name":"wp","href":"https:\/\/api.w.org\/{rel}","templated":true}]}}