{"id":58679,"date":"2017-01-03T20:32:43","date_gmt":"2017-01-03T23:32:43","guid":{"rendered":"http:\/\/www.hoymercedes.com.ar\/principal\/?p=58679"},"modified":"2017-01-06T19:06:10","modified_gmt":"2017-01-06T22:06:10","slug":"atletico-lujan-presenta-jugadores-con-experiencia-en-el-ascenso","status":"publish","type":"post","link":"https:\/\/www.hoymercedes.com.ar\/principal\/2017\/01\/03\/atletico-lujan-presenta-jugadores-con-experiencia-en-el-ascenso\/","title":{"rendered":"Atl\u00e9tico Luj\u00e1n presenta jugadores con experiencia en el ascenso"},"content":{"rendered":"<p><em><strong>Uno de los rivales de Mercedes y Trocha en la zona 8 de la Regi\u00f3n Pampeana Norte del Federal C es Atl\u00e9tico Luj\u00e1n. El \u00faltimo campe\u00f3n de la Liga Lujanense de F\u00fatbol, que venci\u00f3 a Sindicato de la TV por 2 a 1 el 13 de diciembre pasado, tiene algunas caras conocidas de Mercedes y del ascenso.<\/strong><\/em><\/p>\n<p><img loading=\"lazy\" decoding=\"async\" data-attachment-id=\"58680\" data-permalink=\"https:\/\/www.hoymercedes.com.ar\/principal\/2017\/01\/03\/atletico-lujan-presenta-jugadores-con-experiencia-en-el-ascenso\/atletico-lujan\/#main\" data-orig-file=\"https:\/\/www.hoymercedes.com.ar\/principal\/wp-content\/uploads\/2017\/01\/Atletico-Lujan.jpg\" data-orig-size=\"480,480\" data-comments-opened=\"0\" data-image-meta=\"{&quot;aperture&quot;:&quot;0&quot;,&quot;credit&quot;:&quot;&quot;,&quot;camera&quot;:&quot;&quot;,&quot;caption&quot;:&quot;&quot;,&quot;created_timestamp&quot;:&quot;0&quot;,&quot;copyright&quot;:&quot;&quot;,&quot;focal_length&quot;:&quot;0&quot;,&quot;iso&quot;:&quot;0&quot;,&quot;shutter_speed&quot;:&quot;0&quot;,&quot;title&quot;:&quot;&quot;,&quot;orientation&quot;:&quot;0&quot;}\" data-image-title=\"Atletico Lujan\" data-image-description=\"\" data-image-caption=\"\" data-large-file=\"https:\/\/www.hoymercedes.com.ar\/principal\/wp-content\/uploads\/2017\/01\/Atletico-Lujan.jpg\" class=\"aligncenter size-full wp-image-58680\" src=\"https:\/\/www.hoymercedes.com.ar\/principal\/wp-content\/uploads\/2017\/01\/Atletico-Lujan.jpg\" alt=\"\" width=\"480\" height=\"480\" srcset=\"https:\/\/www.hoymercedes.com.ar\/principal\/wp-content\/uploads\/2017\/01\/Atletico-Lujan.jpg 480w, https:\/\/www.hoymercedes.com.ar\/principal\/wp-content\/uploads\/2017\/01\/Atletico-Lujan-150x150.jpg 150w\" sizes=\"auto, (max-width: 480px) 100vw, 480px\" \/><\/p>\n<p>Una de ellas es su arquero, Emilio Rose, quien atajara para Club Mercedes durante el Torneo del Interior 2014 y quien estuviera en algunos partidos de esa temporada en el torneo local. Con Rose en el arco, Club Mercedes lleg\u00f3 a la final de ese regional ante Baradero, donde perdi\u00f3 los dos partidos tras una gran campa\u00f1a.<\/p>\n<p>Luego, tiene algunos que pasaron por la Primera C con Club Luj\u00e1n, y ellos son el delantero Leandro Maiza, su volante central, Hugo Bordi y el defensor central Luciano L\u00f3pez. Tambi\u00e9n cuenta en el plantel con Jonathan Molina, un punta ex Luj\u00e1n y Alem, pero est\u00e1 lesionado y es reemplazado por Jerem\u00edas Rey, goleador en la pasada temporada.<\/p>\n","protected":false},"excerpt":{"rendered":"<p>Uno de los rivales de Mercedes y Trocha en la zona 8 de la Regi\u00f3n Pampeana Norte del Federal C &#8230; <a title=\"Atl\u00e9tico Luj\u00e1n presenta jugadores con experiencia en el ascenso\" class=\"read-more\" href=\"https:\/\/www.hoymercedes.com.ar\/principal\/2017\/01\/03\/atletico-lujan-presenta-jugadores-con-experiencia-en-el-ascenso\/\" aria-label=\"Leer m\u00e1s sobre Atl\u00e9tico Luj\u00e1n presenta jugadores con experiencia en el ascenso\">Leer m\u00e1s<\/a><\/p>\n","protected":false},"author":1,"featured_media":58680,"comment_status":"closed","ping_status":"open","sticky":false,"template":"","format":"standard","meta":{"_monsterinsights_skip_tracking":false,"_monsterinsights_sitenote_active":false,"_monsterinsights_sitenote_note":"","_monsterinsights_sitenote_category":0,"jetpack_post_was_ever_published":false,"_jetpack_newsletter_access":"","_jetpack_dont_email_post_to_subs":false,"_jetpack_newsletter_tier_id":0,"_jetpack_memberships_contains_paywalled_content":false,"_jetpack_memberships_contains_paid_content":false,"footnotes":"","jetpack_publicize_message":"","jetpack_publicize_feature_enabled":true,"jetpack_social_post_already_shared":true,"jetpack_social_options":{"image_generator_settings":{"template":"highway","default_image_id":0,"font":"","enabled":false},"version":2},"_wpas_customize_per_network":false},"categories":[21],"tags":[204,8412,1003],"class_list":["post-58679","post","type-post","status-publish","format-standard","has-post-thumbnail","hentry","category-deportes","tag-deportes-2","tag-federal-c","tag-futbol","generate-columns","tablet-grid-50","mobile-grid-100","grid-parent","grid-50"],"jetpack_publicize_connections":[],"jetpack_featured_media_url":"https:\/\/www.hoymercedes.com.ar\/principal\/wp-content\/uploads\/2017\/01\/Atletico-Lujan.jpg","wps_subtitle":"Federal C","jetpack_sharing_enabled":true,"_links":{"self":[{"href":"https:\/\/www.hoymercedes.com.ar\/principal\/wp-json\/wp\/v2\/posts\/58679","targetHints":{"allow":["GET"]}}],"collection":[{"href":"https:\/\/www.hoymercedes.com.ar\/principal\/wp-json\/wp\/v2\/posts"}],"about":[{"href":"https:\/\/www.hoymercedes.com.ar\/principal\/wp-json\/wp\/v2\/types\/post"}],"author":[{"embeddable":true,"href":"https:\/\/www.hoymercedes.com.ar\/principal\/wp-json\/wp\/v2\/users\/1"}],"replies":[{"embeddable":true,"href":"https:\/\/www.hoymercedes.com.ar\/principal\/wp-json\/wp\/v2\/comments?post=58679"}],"version-history":[{"count":0,"href":"https:\/\/www.hoymercedes.com.ar\/principal\/wp-json\/wp\/v2\/posts\/58679\/revisions"}],"wp:featuredmedia":[{"embeddable":true,"href":"https:\/\/www.hoymercedes.com.ar\/principal\/wp-json\/wp\/v2\/media\/58680"}],"wp:attachment":[{"href":"https:\/\/www.hoymercedes.com.ar\/principal\/wp-json\/wp\/v2\/media?parent=58679"}],"wp:term":[{"taxonomy":"category","embeddable":true,"href":"https:\/\/www.hoymercedes.com.ar\/principal\/wp-json\/wp\/v2\/categories?post=58679"},{"taxonomy":"post_tag","embeddable":true,"href":"https:\/\/www.hoymercedes.com.ar\/principal\/wp-json\/wp\/v2\/tags?post=58679"}],"curies":[{"name":"wp","href":"https:\/\/api.w.org\/{rel}","templated":true}]}}