{"id":58687,"date":"2017-01-04T09:15:04","date_gmt":"2017-01-04T12:15:04","guid":{"rendered":"http:\/\/www.hoymercedes.com.ar\/principal\/?p=58687"},"modified":"2017-01-04T09:15:04","modified_gmt":"2017-01-04T12:15:04","slug":"municipio-firmo-convenio-con-el-tiro-federal-para-trasladar-la-policia-cientifica","status":"publish","type":"post","link":"https:\/\/www.hoymercedes.com.ar\/principal\/2017\/01\/04\/municipio-firmo-convenio-con-el-tiro-federal-para-trasladar-la-policia-cientifica\/","title":{"rendered":"Municipio firm\u00f3 convenio con el Tiro Federal para  trasladar la Polic\u00eda Cient\u00edfica"},"content":{"rendered":"<p>Antes de tomarse vacaciones, el Intendente Juan Ustarroz firm\u00f3 un acuerdo con el\u00a0Dr. Marcelo Valle representando al Tiro Federal para poner en valor y trasladar hacia el predio del Tiro Federal, la Polic\u00eda Cient\u00edfica,<\/p>\n<p>Con este convenio el Municipio se compromete a colaborar con la instituci\u00f3n para poner en valor el Tiro Federal de la ciudad y volver a recuperar a pleno su funcionamiento, permitiendo un reordenamiento institucional que finalice con un nuevo armado de su comisi\u00f3n interna.<\/p>\n<p><img loading=\"lazy\" decoding=\"async\" data-attachment-id=\"58688\" data-permalink=\"https:\/\/www.hoymercedes.com.ar\/principal\/2017\/01\/04\/municipio-firmo-convenio-con-el-tiro-federal-para-trasladar-la-policia-cientifica\/04-muni-tiro-federal\/#main\" data-orig-file=\"https:\/\/www.hoymercedes.com.ar\/principal\/wp-content\/uploads\/2017\/01\/04-Muni-tiro-federal.jpg\" data-orig-size=\"630,420\" data-comments-opened=\"0\" data-image-meta=\"{&quot;aperture&quot;:&quot;4.2&quot;,&quot;credit&quot;:&quot;&quot;,&quot;camera&quot;:&quot;NIKON D3100&quot;,&quot;caption&quot;:&quot;&quot;,&quot;created_timestamp&quot;:&quot;1483093261&quot;,&quot;copyright&quot;:&quot;&quot;,&quot;focal_length&quot;:&quot;26&quot;,&quot;iso&quot;:&quot;3200&quot;,&quot;shutter_speed&quot;:&quot;0.016666666666667&quot;,&quot;title&quot;:&quot;&quot;,&quot;orientation&quot;:&quot;1&quot;}\" data-image-title=\"04 Muni tiro federal\" data-image-description=\"\" data-image-caption=\"\" data-large-file=\"https:\/\/www.hoymercedes.com.ar\/principal\/wp-content\/uploads\/2017\/01\/04-Muni-tiro-federal.jpg\" class=\"aligncenter size-medium wp-image-58688\" src=\"https:\/\/www.hoymercedes.com.ar\/principal\/wp-content\/uploads\/2017\/01\/04-Muni-tiro-federal-630x420.jpg\" alt=\"\" width=\"630\" height=\"420\" srcset=\"https:\/\/www.hoymercedes.com.ar\/principal\/wp-content\/uploads\/2017\/01\/04-Muni-tiro-federal.jpg 630w, https:\/\/www.hoymercedes.com.ar\/principal\/wp-content\/uploads\/2017\/01\/04-Muni-tiro-federal-150x100.jpg 150w, https:\/\/www.hoymercedes.com.ar\/principal\/wp-content\/uploads\/2017\/01\/04-Muni-tiro-federal-300x200.jpg 300w\" sizes=\"auto, (max-width: 630px) 100vw, 630px\" \/><\/p>\n<p>\u201cQuer\u00eda agradecer a vos (sobre Ustarroz) y al Municipio por la colaboraci\u00f3n que nos prestan, el Tiro federal es una instituci\u00f3n que estaba pasando un momento muy complejo, est\u00e1 renaciendo de las cenizas, los que amamos la disciplina la queremos y adem\u00e1s como mercedinos tenemos que responder a algo que est\u00e1 en nuestra ciudad desde 1895\u201d afirm\u00f3 Valle, siendo nuestro Tiro el primer de la Provincia de Buenos Aires.<\/p>\n<p>El intendente Ustarroz, a la hora de dar a conocer la noticia, expresaba que es \u201cuna cuesti\u00f3n muy importante, en esta pol\u00edtica de optimizar los recursos existentes, va a funcionar la Polic\u00eda Cient\u00edfica, dado as\u00ed una presencia policial en el lugar y adem\u00e1s dejamos de pagar el alquiler de la dependencia policial, pudiendo armarles un mejor espacio de trabajo para todos.\u201d, sostuvo el primer mandatario local.<\/p>\n<p>Ustarroz agreg\u00f3 que \u201cEntendemos que haciendo la puesta en valor del predio m\u00e1s la Polic\u00eda Cient\u00edfica va a contribuir en mejorar la seguridad de nuestra ciudad, tiene un doble prop\u00f3sito, por un lado estamos generando el espacio que ellos necesitan y por el otro lado, en una actitud colaborativa y pensando en el bien com\u00fan, la instituci\u00f3n Tiro Federal le cede una parte de su espacio para la Polic\u00eda Cient\u00edfica, son esos convenios en donde todas las partes salen beneficiadas\u201d<\/p>\n<p>La noticia fue muy bien recibida dado que se genera as\u00ed todo un movimiento en una zona que requiere m\u00e1s atenci\u00f3n, mantenimiento, seguridad, adem\u00e1s de nuevamente la Municipalidad apoyar a las instituciones locales, como vino haci\u00e9ndolo durante todo el 2016.<\/p>\n<p>&nbsp;<\/p>\n","protected":false},"excerpt":{"rendered":"<p>Antes de tomarse vacaciones, el Intendente Juan Ustarroz firm\u00f3 un acuerdo con el\u00a0Dr. Marcelo Valle representando al Tiro Federal para &#8230; <a title=\"Municipio firm\u00f3 convenio con el Tiro Federal para  trasladar la Polic\u00eda Cient\u00edfica\" class=\"read-more\" href=\"https:\/\/www.hoymercedes.com.ar\/principal\/2017\/01\/04\/municipio-firmo-convenio-con-el-tiro-federal-para-trasladar-la-policia-cientifica\/\" aria-label=\"Leer m\u00e1s sobre Municipio firm\u00f3 convenio con el Tiro Federal para  trasladar la Polic\u00eda Cient\u00edfica\">Leer m\u00e1s<\/a><\/p>\n","protected":false},"author":1,"featured_media":58688,"comment_status":"closed","ping_status":"open","sticky":false,"template":"","format":"standard","meta":{"_monsterinsights_skip_tracking":false,"_monsterinsights_sitenote_active":false,"_monsterinsights_sitenote_note":"","_monsterinsights_sitenote_category":0,"jetpack_post_was_ever_published":false,"_jetpack_newsletter_access":"","_jetpack_dont_email_post_to_subs":false,"_jetpack_newsletter_tier_id":0,"_jetpack_memberships_contains_paywalled_content":false,"_jetpack_memberships_contains_paid_content":false,"footnotes":"","jetpack_publicize_message":"","jetpack_publicize_feature_enabled":true,"jetpack_social_post_already_shared":true,"jetpack_social_options":{"image_generator_settings":{"template":"highway","default_image_id":0,"font":"","enabled":false},"version":2},"_wpas_customize_per_network":false},"categories":[30],"tags":[9504,244,2984],"class_list":["post-58687","post","type-post","status-publish","format-standard","has-post-thumbnail","hentry","category-municipio","tag-convenio","tag-municipio-2","tag-tiro-federal","generate-columns","tablet-grid-50","mobile-grid-100","grid-parent","grid-50"],"jetpack_publicize_connections":[],"jetpack_featured_media_url":"https:\/\/www.hoymercedes.com.ar\/principal\/wp-content\/uploads\/2017\/01\/04-Muni-tiro-federal.jpg","wps_subtitle":"Antes de tomarse vacaciones","jetpack_sharing_enabled":true,"_links":{"self":[{"href":"https:\/\/www.hoymercedes.com.ar\/principal\/wp-json\/wp\/v2\/posts\/58687","targetHints":{"allow":["GET"]}}],"collection":[{"href":"https:\/\/www.hoymercedes.com.ar\/principal\/wp-json\/wp\/v2\/posts"}],"about":[{"href":"https:\/\/www.hoymercedes.com.ar\/principal\/wp-json\/wp\/v2\/types\/post"}],"author":[{"embeddable":true,"href":"https:\/\/www.hoymercedes.com.ar\/principal\/wp-json\/wp\/v2\/users\/1"}],"replies":[{"embeddable":true,"href":"https:\/\/www.hoymercedes.com.ar\/principal\/wp-json\/wp\/v2\/comments?post=58687"}],"version-history":[{"count":0,"href":"https:\/\/www.hoymercedes.com.ar\/principal\/wp-json\/wp\/v2\/posts\/58687\/revisions"}],"wp:featuredmedia":[{"embeddable":true,"href":"https:\/\/www.hoymercedes.com.ar\/principal\/wp-json\/wp\/v2\/media\/58688"}],"wp:attachment":[{"href":"https:\/\/www.hoymercedes.com.ar\/principal\/wp-json\/wp\/v2\/media?parent=58687"}],"wp:term":[{"taxonomy":"category","embeddable":true,"href":"https:\/\/www.hoymercedes.com.ar\/principal\/wp-json\/wp\/v2\/categories?post=58687"},{"taxonomy":"post_tag","embeddable":true,"href":"https:\/\/www.hoymercedes.com.ar\/principal\/wp-json\/wp\/v2\/tags?post=58687"}],"curies":[{"name":"wp","href":"https:\/\/api.w.org\/{rel}","templated":true}]}}