{"id":58701,"date":"2017-01-04T21:17:53","date_gmt":"2017-01-05T00:17:53","guid":{"rendered":"http:\/\/www.hoymercedes.com.ar\/principal\/?p=58701"},"modified":"2017-01-06T09:27:15","modified_gmt":"2017-01-06T12:27:15","slug":"fallecio-vecina-que-protagonizo-accidente-en-bicicleta","status":"publish","type":"post","link":"https:\/\/www.hoymercedes.com.ar\/principal\/2017\/01\/04\/fallecio-vecina-que-protagonizo-accidente-en-bicicleta\/","title":{"rendered":"Falleci\u00f3 vecina que protagoniz\u00f3 accidente en bicicleta"},"content":{"rendered":"<p>El pasado martes 28, y tras casi una semana de estar internada en el nosocomio local en grave estado, falleci\u00f3 la vecina N\u00e9lida Godoy, de 64 a\u00f1os. La mujer hab\u00eda sufrido un accidente de tr\u00e1nsito el pasado mi\u00e9rcoles 21, a las 20 horas en la intersecci\u00f3n de calle 25 y 14. Fue atropellada por una camioneta Toyota Hilux mientras iba en bicicleta. A la fecha solo se ha podido establecer que la camioneta iba\u00a0 por la 25 de 14 a 16, y por causas que son materia de investigaci\u00f3n impact\u00f3 a la mujer que iba en bicicleta. Aunque no se pudo saber si la mujer iba en igual sentido, o si estaba cruzando la arteria.<\/p>\n<p>En el siniestro la mujer sufri\u00f3 un traumatismo de cr\u00e1neo severo y estaba en estado reservado.<\/p>\n<p>Sus restos fueron velados trasladados al cementerio local el d\u00eda mi\u00e9rcoles 28, a las 17 horas, previo responso oficiado en Iglesia San Luis.<\/p>\n<p>&nbsp;<\/p>\n<p><strong>Dos personas en grave estado <\/strong><\/p>\n<p>En la madrugada del lunes se produjo un accidente en el ingreso a la ruta nacional N\u00ba 5 a la altura del Palomar, en el kil\u00f3metro 94.500.<\/p>\n<p>De acuerdo a lo que pudo saberse, dos mujeres que fueron identificadas como Olga In\u00e9s Paez (63) oriunda de nuestra ciudad y Eleonora N\u00fa\u00f1ez (41) de Escobar, iban a bordo de una motocicleta marca Mondial 150 cc cuando, por causas que son materia de investigaci\u00f3n, perdieron el control del veh\u00edculo y cayeron a la cinta asf\u00e1ltica.<\/p>\n<p>Al parecer, ven\u00edan circulando por colectora en sentido Luj\u00e1n-Mercedes y una mala maniobra al intentar acceder a la ruta en el Palomar fue el causante del siniestro.<\/p>\n<p>De acuerdo a los datos suministrados desde el hospital Blas L. Dubarry, Paez sufri\u00f3 politraumatismos y hasta el cierre de esta edici\u00f3n se encontraba en estado reservado en terapia intensiva en el nosocomio local. En tanto, N\u00fa\u00f1ez fue\u00a0intervenida por una hemorragia abdominal, que presuntamente ser\u00eda una lesi\u00f3n interna.<\/p>\n","protected":false},"excerpt":{"rendered":"<p>El pasado martes 28, y tras casi una semana de estar internada en el nosocomio local en grave estado, falleci\u00f3 &#8230; <a title=\"Falleci\u00f3 vecina que protagoniz\u00f3 accidente en bicicleta\" class=\"read-more\" href=\"https:\/\/www.hoymercedes.com.ar\/principal\/2017\/01\/04\/fallecio-vecina-que-protagonizo-accidente-en-bicicleta\/\" aria-label=\"Leer m\u00e1s sobre Falleci\u00f3 vecina que protagoniz\u00f3 accidente en bicicleta\">Leer m\u00e1s<\/a><\/p>\n","protected":false},"author":1,"featured_media":41413,"comment_status":"closed","ping_status":"open","sticky":false,"template":"","format":"standard","meta":{"_monsterinsights_skip_tracking":false,"_monsterinsights_sitenote_active":false,"_monsterinsights_sitenote_note":"","_monsterinsights_sitenote_category":0,"jetpack_post_was_ever_published":false,"_jetpack_newsletter_access":"","_jetpack_dont_email_post_to_subs":false,"_jetpack_newsletter_tier_id":0,"_jetpack_memberships_contains_paywalled_content":false,"_jetpack_memberships_contains_paid_content":false,"footnotes":"","jetpack_publicize_message":"","jetpack_publicize_feature_enabled":true,"jetpack_social_post_already_shared":true,"jetpack_social_options":{"image_generator_settings":{"template":"highway","default_image_id":0,"font":"","enabled":false},"version":2},"_wpas_customize_per_network":false},"categories":[85],"tags":[8777,96,10395],"class_list":["post-58701","post","type-post","status-publish","format-standard","has-post-thumbnail","hentry","category-policial","tag-fallecimiento","tag-policial-2","tag-siniestro-vial","generate-columns","tablet-grid-50","mobile-grid-100","grid-parent","grid-50"],"jetpack_publicize_connections":[],"jetpack_featured_media_url":"https:\/\/www.hoymercedes.com.ar\/principal\/wp-content\/uploads\/2015\/05\/bonaerense-policia.jpg","wps_subtitle":"En 25 y 14","jetpack_sharing_enabled":true,"_links":{"self":[{"href":"https:\/\/www.hoymercedes.com.ar\/principal\/wp-json\/wp\/v2\/posts\/58701","targetHints":{"allow":["GET"]}}],"collection":[{"href":"https:\/\/www.hoymercedes.com.ar\/principal\/wp-json\/wp\/v2\/posts"}],"about":[{"href":"https:\/\/www.hoymercedes.com.ar\/principal\/wp-json\/wp\/v2\/types\/post"}],"author":[{"embeddable":true,"href":"https:\/\/www.hoymercedes.com.ar\/principal\/wp-json\/wp\/v2\/users\/1"}],"replies":[{"embeddable":true,"href":"https:\/\/www.hoymercedes.com.ar\/principal\/wp-json\/wp\/v2\/comments?post=58701"}],"version-history":[{"count":0,"href":"https:\/\/www.hoymercedes.com.ar\/principal\/wp-json\/wp\/v2\/posts\/58701\/revisions"}],"wp:featuredmedia":[{"embeddable":true,"href":"https:\/\/www.hoymercedes.com.ar\/principal\/wp-json\/wp\/v2\/media\/41413"}],"wp:attachment":[{"href":"https:\/\/www.hoymercedes.com.ar\/principal\/wp-json\/wp\/v2\/media?parent=58701"}],"wp:term":[{"taxonomy":"category","embeddable":true,"href":"https:\/\/www.hoymercedes.com.ar\/principal\/wp-json\/wp\/v2\/categories?post=58701"},{"taxonomy":"post_tag","embeddable":true,"href":"https:\/\/www.hoymercedes.com.ar\/principal\/wp-json\/wp\/v2\/tags?post=58701"}],"curies":[{"name":"wp","href":"https:\/\/api.w.org\/{rel}","templated":true}]}}