{"id":58708,"date":"2017-01-05T09:36:06","date_gmt":"2017-01-05T12:36:06","guid":{"rendered":"http:\/\/www.hoymercedes.com.ar\/principal\/?p=58708"},"modified":"2017-01-05T09:36:06","modified_gmt":"2017-01-05T12:36:06","slug":"discapacidad-y-empleo-reunidas-para-ayudar-en-insercion-laboral","status":"publish","type":"post","link":"https:\/\/www.hoymercedes.com.ar\/principal\/2017\/01\/05\/discapacidad-y-empleo-reunidas-para-ayudar-en-insercion-laboral\/","title":{"rendered":"Discapacidad y Empleo reunidas para ayudar en inserci\u00f3n laboral"},"content":{"rendered":"<p>En la jornada de este mi\u00e9rcoles, el\u00a0\u00e1rea de Discapacidad y la Oficina de Empleo Municipal mantuvieron un encuentro para darle forma a un proyecto que tiene como fin la inserci\u00f3n laboral de personas con discapacidad a trav\u00e9s de los distintos programas y ofertas vigentes en ambas \u00e1reas.<\/p>\n<p>Los puntos claves a trabajar en conjunto es la colaboraci\u00f3n con las personas con discapacidad para la realizaci\u00f3n de entrevistas y el ingreso a los programas del Ministerio de Trabajo, \u00a8Microemprendimientos\u00a8 y\u00a0\u00a8J\u00f3venes con m\u00e1s y mejor Trabajo\u00a8. Actividades que se llevar\u00e1n a\u00a0cabo en le Secretar\u00eda de Desarrollo Social, sita en el Instituto Unzu\u00e9, ingresando por la esquina de 47 y 26.<\/p>\n<p>En la reuni\u00f3n estuvieron presentes; Tatiana L\u00f3pez de la Direcci\u00f3n de Discapacidad, Marcela Vita, Nicol\u00e1s Laurino y Carolina Galeano de la Oficina de Empleo de la Direcci\u00f3n de Producci\u00f3n.<\/p>\n","protected":false},"excerpt":{"rendered":"<p>En la jornada de este mi\u00e9rcoles, el\u00a0\u00e1rea de Discapacidad y la Oficina de Empleo Municipal mantuvieron un encuentro para darle &#8230; <a title=\"Discapacidad y Empleo reunidas para ayudar en inserci\u00f3n laboral\" class=\"read-more\" href=\"https:\/\/www.hoymercedes.com.ar\/principal\/2017\/01\/05\/discapacidad-y-empleo-reunidas-para-ayudar-en-insercion-laboral\/\" aria-label=\"Leer m\u00e1s sobre Discapacidad y Empleo reunidas para ayudar en inserci\u00f3n laboral\">Leer m\u00e1s<\/a><\/p>\n","protected":false},"author":1,"featured_media":58709,"comment_status":"closed","ping_status":"open","sticky":false,"template":"","format":"standard","meta":{"_monsterinsights_skip_tracking":false,"_monsterinsights_sitenote_active":false,"_monsterinsights_sitenote_note":"","_monsterinsights_sitenote_category":0,"jetpack_post_was_ever_published":false,"_jetpack_newsletter_access":"","_jetpack_dont_email_post_to_subs":false,"_jetpack_newsletter_tier_id":0,"_jetpack_memberships_contains_paywalled_content":false,"_jetpack_memberships_contains_paid_content":false,"footnotes":"","jetpack_publicize_message":"","jetpack_publicize_feature_enabled":true,"jetpack_social_post_already_shared":true,"jetpack_social_options":{"image_generator_settings":{"template":"highway","default_image_id":0,"font":"","enabled":false},"version":2},"_wpas_customize_per_network":false},"categories":[30],"tags":[1422,9125],"class_list":["post-58708","post","type-post","status-publish","format-standard","has-post-thumbnail","hentry","category-municipio","tag-discapacidad","tag-empleo","generate-columns","tablet-grid-50","mobile-grid-100","grid-parent","grid-50"],"jetpack_publicize_connections":[],"jetpack_featured_media_url":"https:\/\/www.hoymercedes.com.ar\/principal\/wp-content\/uploads\/2017\/01\/05-discap-empleo.jpg","wps_subtitle":"Trabajo conjunto","jetpack_sharing_enabled":true,"_links":{"self":[{"href":"https:\/\/www.hoymercedes.com.ar\/principal\/wp-json\/wp\/v2\/posts\/58708","targetHints":{"allow":["GET"]}}],"collection":[{"href":"https:\/\/www.hoymercedes.com.ar\/principal\/wp-json\/wp\/v2\/posts"}],"about":[{"href":"https:\/\/www.hoymercedes.com.ar\/principal\/wp-json\/wp\/v2\/types\/post"}],"author":[{"embeddable":true,"href":"https:\/\/www.hoymercedes.com.ar\/principal\/wp-json\/wp\/v2\/users\/1"}],"replies":[{"embeddable":true,"href":"https:\/\/www.hoymercedes.com.ar\/principal\/wp-json\/wp\/v2\/comments?post=58708"}],"version-history":[{"count":0,"href":"https:\/\/www.hoymercedes.com.ar\/principal\/wp-json\/wp\/v2\/posts\/58708\/revisions"}],"wp:featuredmedia":[{"embeddable":true,"href":"https:\/\/www.hoymercedes.com.ar\/principal\/wp-json\/wp\/v2\/media\/58709"}],"wp:attachment":[{"href":"https:\/\/www.hoymercedes.com.ar\/principal\/wp-json\/wp\/v2\/media?parent=58708"}],"wp:term":[{"taxonomy":"category","embeddable":true,"href":"https:\/\/www.hoymercedes.com.ar\/principal\/wp-json\/wp\/v2\/categories?post=58708"},{"taxonomy":"post_tag","embeddable":true,"href":"https:\/\/www.hoymercedes.com.ar\/principal\/wp-json\/wp\/v2\/tags?post=58708"}],"curies":[{"name":"wp","href":"https:\/\/api.w.org\/{rel}","templated":true}]}}