{"id":58712,"date":"2017-01-05T07:47:14","date_gmt":"2017-01-05T10:47:14","guid":{"rendered":"http:\/\/www.hoymercedes.com.ar\/principal\/?p=58712"},"modified":"2017-01-05T10:06:33","modified_gmt":"2017-01-05T13:06:33","slug":"diferentes-obras-y-trabajos-en-servicios-publicos","status":"publish","type":"post","link":"https:\/\/www.hoymercedes.com.ar\/principal\/2017\/01\/05\/diferentes-obras-y-trabajos-en-servicios-publicos\/","title":{"rendered":"Diferentes obras y trabajos en Servicios P\u00fablicos"},"content":{"rendered":"<p>Por Prensa Municipal \/ Las \u00faltimas jornadas, primeros d\u00edas del a\u00f1o, permitieron a los vecinos ver la continuidad de trabajos y acciones del \u00e1rea de servicios p\u00fablicos en distintos barrios de la ciudad. Desde zanjeo al paso de la motoniveladora, acciones viales y limpieza.<\/p>\n<p>Nivelaci\u00f3n de calles:\u00a0La conocida \u201cchampion\u201d efectu\u00f3 trabajos en distintas calles de tierra de la ciudad. El cuidado de las calles internas de los barrios es parte de las tareas que tiene programada y continuar\u00e1 efectuando. La idea es cubrir el mayor espacio posible esperando el tiempo acompa\u00f1e.<\/p>\n<p>Otras tareas viales:\u00a0Desde \u00e9ste martes, primera jornada h\u00e1bil para el municipio del 2017,\u00a0 varios grupos del equipo vial\u00a0 realizan tareas de reparaci\u00f3n de calles con el apoyo de un cami\u00f3n y una retropala. Algunas de las tareas se efectuaron en la entrada de 113 y 40. Tambi\u00e9n con el apoyo de la motoniveladora \u00a0trabajan en zona de Franklin. Con el apoyo de otra motoniveladora y un tractor trabajan en camino a Navarro bajada de escuela 31. La motoniveladora y un tractor \u00a0trabajan en zona de Garc\u00eda. A su vez dos tractores trabajan en Km. 113. En la zona de La Florida tambi\u00e9n dos tractores efect\u00faan tareas.<\/p>\n<p>147:\u00a0Fueron varias las atenciones de pedidos al tel\u00e9fono de atenci\u00f3n al ciudadano que demandaron tareas de un grupo grande con apoyo de motoniveladora 21, la motoniveladora 184, el cami\u00f3n 82, el cami\u00f3n 85 y una retropala mientras que una cuadrilla trabaja con una retropala y un cami\u00f3n levantado desmonte de calle 11 prolongaci\u00f3n a escuela 19.<\/p>\n<p>Reparaciones:\u00a0Un grupo de operarios trabaja con la provisi\u00f3n de 4 ca\u00f1os de 60 en el barrio Favaloro acceso sur y 134 bis y tambi\u00e9n en la bajada de calle 10 camino a San Jacinto.<\/p>\n<p>Limpieza post fiesta:\u00a0Varios grupos realizan tareas de recolecci\u00f3n de residuos con el apoyo de\u00a0 compactadoras trabajan en\u00a0 Av. 40 a calle 10 de Av. 1 a Av.\u00a017 calles impares,\u00a0 en Av. 40 a calle 10 de Av. 1 a Av. 17 calles pares y\u00a0 trabajan en los distintos barrios de nuestra ciudad y zonas de escuelas. Otro grupo trabaja con la pala 280 y dos camiones dando respuestas a los pedidos hechos al 147.<\/p>\n<p>De esta manera, el \u00e1rea de Servicios P\u00fablicos contin\u00faa exponiendo un despliegue tan fruct\u00edfero como en el pasado a\u00f1o, sabiendo que siempre puede faltar alg\u00fan detalle, pero, a la vez, que la dedicaci\u00f3n, la voluntad y la decisi\u00f3n pol\u00edtica de dar todo el esfuerzo est\u00e1 firme, en especial con una decisi\u00f3n que acompa\u00f1a como es la tomada por el Ejecutivo de ir capitalizando el \u00e1rea con camiones, tractores, barredoras y distintos elementos sumamente necesarios.<\/p>\n<p>&nbsp;<\/p>\n<p><span class=\"embed-youtube\" style=\"text-align:center; display: block;\"><iframe loading=\"lazy\" class=\"youtube-player\" width=\"1200\" height=\"675\" src=\"https:\/\/www.youtube.com\/embed\/I080ga9tceI?version=3&#038;rel=1&#038;showsearch=0&#038;showinfo=1&#038;iv_load_policy=1&#038;fs=1&#038;hl=es-ES&#038;autohide=2&#038;wmode=transparent\" allowfullscreen=\"true\" style=\"border:0;\" sandbox=\"allow-scripts allow-same-origin allow-popups allow-presentation allow-popups-to-escape-sandbox\"><\/iframe><\/span><\/p>\n","protected":false},"excerpt":{"rendered":"<p>Por Prensa Municipal \/ Las \u00faltimas jornadas, primeros d\u00edas del a\u00f1o, permitieron a los vecinos ver la continuidad de trabajos &#8230; <a title=\"Diferentes obras y trabajos en Servicios P\u00fablicos\" class=\"read-more\" href=\"https:\/\/www.hoymercedes.com.ar\/principal\/2017\/01\/05\/diferentes-obras-y-trabajos-en-servicios-publicos\/\" aria-label=\"Leer m\u00e1s sobre Diferentes obras y trabajos en Servicios P\u00fablicos\">Leer m\u00e1s<\/a><\/p>\n","protected":false},"author":1,"featured_media":58713,"comment_status":"closed","ping_status":"open","sticky":false,"template":"","format":"standard","meta":{"_monsterinsights_skip_tracking":false,"_monsterinsights_sitenote_active":false,"_monsterinsights_sitenote_note":"","_monsterinsights_sitenote_category":0,"jetpack_post_was_ever_published":false,"_jetpack_newsletter_access":"","_jetpack_dont_email_post_to_subs":false,"_jetpack_newsletter_tier_id":0,"_jetpack_memberships_contains_paywalled_content":false,"_jetpack_memberships_contains_paid_content":false,"footnotes":"","jetpack_publicize_message":"","jetpack_publicize_feature_enabled":true,"jetpack_social_post_already_shared":true,"jetpack_social_options":{"image_generator_settings":{"template":"highway","default_image_id":0,"font":"","enabled":false},"version":2},"_wpas_customize_per_network":false},"categories":[30],"tags":[244,8628],"class_list":["post-58712","post","type-post","status-publish","format-standard","has-post-thumbnail","hentry","category-municipio","tag-municipio-2","tag-servicios-publicos","generate-columns","tablet-grid-50","mobile-grid-100","grid-parent","grid-50"],"jetpack_publicize_connections":[],"jetpack_featured_media_url":"https:\/\/www.hoymercedes.com.ar\/principal\/wp-content\/uploads\/2017\/01\/05-serv-public.jpg","wps_subtitle":"Inicio de a\u00f1o","jetpack_sharing_enabled":true,"_links":{"self":[{"href":"https:\/\/www.hoymercedes.com.ar\/principal\/wp-json\/wp\/v2\/posts\/58712","targetHints":{"allow":["GET"]}}],"collection":[{"href":"https:\/\/www.hoymercedes.com.ar\/principal\/wp-json\/wp\/v2\/posts"}],"about":[{"href":"https:\/\/www.hoymercedes.com.ar\/principal\/wp-json\/wp\/v2\/types\/post"}],"author":[{"embeddable":true,"href":"https:\/\/www.hoymercedes.com.ar\/principal\/wp-json\/wp\/v2\/users\/1"}],"replies":[{"embeddable":true,"href":"https:\/\/www.hoymercedes.com.ar\/principal\/wp-json\/wp\/v2\/comments?post=58712"}],"version-history":[{"count":0,"href":"https:\/\/www.hoymercedes.com.ar\/principal\/wp-json\/wp\/v2\/posts\/58712\/revisions"}],"wp:featuredmedia":[{"embeddable":true,"href":"https:\/\/www.hoymercedes.com.ar\/principal\/wp-json\/wp\/v2\/media\/58713"}],"wp:attachment":[{"href":"https:\/\/www.hoymercedes.com.ar\/principal\/wp-json\/wp\/v2\/media?parent=58712"}],"wp:term":[{"taxonomy":"category","embeddable":true,"href":"https:\/\/www.hoymercedes.com.ar\/principal\/wp-json\/wp\/v2\/categories?post=58712"},{"taxonomy":"post_tag","embeddable":true,"href":"https:\/\/www.hoymercedes.com.ar\/principal\/wp-json\/wp\/v2\/tags?post=58712"}],"curies":[{"name":"wp","href":"https:\/\/api.w.org\/{rel}","templated":true}]}}