{"id":58715,"date":"2017-01-05T17:27:35","date_gmt":"2017-01-05T20:27:35","guid":{"rendered":"http:\/\/www.hoymercedes.com.ar\/principal\/?p=58715"},"modified":"2017-01-05T17:27:35","modified_gmt":"2017-01-05T20:27:35","slug":"partido-vecinal-los-vecinos-se-hicieron-escuchar-en-contra-del-aumento","status":"publish","type":"post","link":"https:\/\/www.hoymercedes.com.ar\/principal\/2017\/01\/05\/partido-vecinal-los-vecinos-se-hicieron-escuchar-en-contra-del-aumento\/","title":{"rendered":"Partido Vecinal: \u201cLos vecinos se hicieron escuchar en contra del aumento\u201d"},"content":{"rendered":"<p>Por Prensa MIC \/ Tras la propuesta del excesivo aumento de sueldo que propusieron los concejales del Frente Cambiemos, fueron miles los vecinos que se mostraron indignados en las redes sociales. Tambi\u00e9n el descontento produjo que los trabajadores municipales se hagan presentes en la \u00faltima sesi\u00f3n del Concejo Deliberante expres\u00e1ndose en contra del vergonzoso aumento.<\/p>\n<p>\u201cHemos visto una vez m\u00e1s que la fuerza de la opini\u00f3n p\u00fablica ha puesto entre las cuerdas a quienes nos gobiernan y legislan, por tanto los pol\u00edticos han echado atr\u00e1s una medida que en el contexto que nos encontramos era vergonzosa. Hay muchos municipales que su sueldo es una miseria, la ciudad sufre una gran falta de obra p\u00fablica y el salario a los trabajadores le rinde cada vez menos, aumentarse la dieta en esta situaci\u00f3n es faltarle el respeto a los ciudadanos\u201d coment\u00f3 el referente vecinalista Hugo Valenzuela.<\/p>\n<p>Se acab\u00f3 la impunidad con la que se manejaban, basta de gobernar a espaldas de los vecinos. Los concejales deben saber que se los sienta en una banca para representarnos, para que trabajen y propongan proyectos para mejorar la ciudad, no para llenarse los bolsillos durante cuatro a\u00f1os\u201d concluy\u00f3 Valenzuela.<\/p>\n","protected":false},"excerpt":{"rendered":"<p>Por Prensa MIC \/ Tras la propuesta del excesivo aumento de sueldo que propusieron los concejales del Frente Cambiemos, fueron &#8230; <a title=\"Partido Vecinal: \u201cLos vecinos se hicieron escuchar en contra del aumento\u201d\" class=\"read-more\" href=\"https:\/\/www.hoymercedes.com.ar\/principal\/2017\/01\/05\/partido-vecinal-los-vecinos-se-hicieron-escuchar-en-contra-del-aumento\/\" aria-label=\"Leer m\u00e1s sobre Partido Vecinal: \u201cLos vecinos se hicieron escuchar en contra del aumento\u201d\">Leer m\u00e1s<\/a><\/p>\n","protected":false},"author":1,"featured_media":53858,"comment_status":"closed","ping_status":"open","sticky":false,"template":"","format":"standard","meta":{"_monsterinsights_skip_tracking":false,"_monsterinsights_sitenote_active":false,"_monsterinsights_sitenote_note":"","_monsterinsights_sitenote_category":0,"jetpack_post_was_ever_published":false,"_jetpack_newsletter_access":"","_jetpack_dont_email_post_to_subs":false,"_jetpack_newsletter_tier_id":0,"_jetpack_memberships_contains_paywalled_content":false,"_jetpack_memberships_contains_paid_content":false,"footnotes":"","jetpack_publicize_message":"","jetpack_publicize_feature_enabled":true,"jetpack_social_post_already_shared":true,"jetpack_social_options":{"image_generator_settings":{"template":"highway","default_image_id":0,"font":"","enabled":false},"version":2},"_wpas_customize_per_network":false},"categories":[5],"tags":[10379,1972,8748],"class_list":["post-58715","post","type-post","status-publish","format-standard","has-post-thumbnail","hentry","category-politica","tag-dieta-concejales","tag-mic","tag-opinion","generate-columns","tablet-grid-50","mobile-grid-100","grid-parent","grid-50"],"jetpack_publicize_connections":[],"jetpack_featured_media_url":"https:\/\/www.hoymercedes.com.ar\/principal\/wp-content\/uploads\/2016\/08\/23-Valenzuela-MIC.jpg","wps_subtitle":"Dieta de Concejales","jetpack_sharing_enabled":true,"jetpack-related-posts":[{"id":58643,"url":"https:\/\/www.hoymercedes.com.ar\/principal\/2016\/12\/31\/municipales-reclamaron-aumento-y-rechazaron-incremento-en-la-dieta-de-concejales\/","url_meta":{"origin":58715,"position":0},"title":"Municipales reclamaron aumento y rechazaron incremento en la dieta de concejales","author":"hoymercedes","date":"31 diciembre, 2016","format":false,"excerpt":"En el marco de la Asamblea entre los Concejales y los Mayores Contribuyentes, un grupo de Municipales nucleados en el Sindicato que lidera Mar\u00eda Florencia \"Flora\" Balsategui interrumpieron la sesi\u00f3n para reclamar un aumento salarial y para rechazar la modificaci\u00f3n en el presupuesto que implica un incremento en la dieta\u2026","rel":"","context":"En \u00abPol\u00edtica\u00bb","block_context":{"text":"Pol\u00edtica","link":"https:\/\/www.hoymercedes.com.ar\/principal\/category\/politica\/"},"img":{"alt_text":"","src":"https:\/\/i0.wp.com\/www.hoymercedes.com.ar\/principal\/wp-content\/uploads\/2017\/01\/31-municipales.jpg?resize=350%2C200&ssl=1","width":350,"height":200,"srcset":"https:\/\/i0.wp.com\/www.hoymercedes.com.ar\/principal\/wp-content\/uploads\/2017\/01\/31-municipales.jpg?resize=350%2C200&ssl=1 1x, https:\/\/i0.wp.com\/www.hoymercedes.com.ar\/principal\/wp-content\/uploads\/2017\/01\/31-municipales.jpg?resize=525%2C300&ssl=1 1.5x"},"classes":[]},{"id":59033,"url":"https:\/\/www.hoymercedes.com.ar\/principal\/2017\/01\/19\/ustarroz-le-responde-a-benitez-por-el-veto-al-presupuesto-2017\/","url_meta":{"origin":58715,"position":1},"title":"Ustarroz le responde a Benitez por el veto al Presupuesto 2017","author":"hoymercedes","date":"19 enero, 2017","format":false,"excerpt":"Minutos despu\u00e9s de haberse hecho p\u00fablica la denuncia del Concejal Ben\u00edtez, el Intendente Juan Ignacio Ustarroz hal\u00f3 con\u00a0los medios para brindar sus\u00a0explicaciones. \u201cEn primer lugar hay que clarificar que estamos hablando de la sesi\u00f3n del 28 de diciembre. El d\u00eda 29, de manera informal, se bajaron algunas modificaciones a la\u2026","rel":"","context":"En \u00abPol\u00edtica\u00bb","block_context":{"text":"Pol\u00edtica","link":"https:\/\/www.hoymercedes.com.ar\/principal\/category\/politica\/"},"img":{"alt_text":"","src":"https:\/\/i0.wp.com\/www.hoymercedes.com.ar\/principal\/wp-content\/uploads\/2017\/01\/18-Juan-Ignacio-Ustarroz.jpg?resize=350%2C200&ssl=1","width":350,"height":200,"srcset":"https:\/\/i0.wp.com\/www.hoymercedes.com.ar\/principal\/wp-content\/uploads\/2017\/01\/18-Juan-Ignacio-Ustarroz.jpg?resize=350%2C200&ssl=1 1x, https:\/\/i0.wp.com\/www.hoymercedes.com.ar\/principal\/wp-content\/uploads\/2017\/01\/18-Juan-Ignacio-Ustarroz.jpg?resize=525%2C300&ssl=1 1.5x"},"classes":[]},{"id":63541,"url":"https:\/\/www.hoymercedes.com.ar\/principal\/2017\/06\/06\/altube-cuando-quisieron-aumentarse-el-sueldo-no-les-preocupaban-las-cuentas\/","url_meta":{"origin":58715,"position":2},"title":"Altube: \u201ccuando quisieron aumentarse el sueldo no les preocupaban las cuentas\u00bb","author":"hoymercedes","date":"6 junio, 2017","format":false,"excerpt":"El presidente del bloque de concejales del FMpV, Santiago Altube, record\u00f3 hoy que \u201clos bloques que ahora objetan las cuentas presentadas por el Ejecutivo son los mismos que hace unos meses quisieron triplicarse el sueldo\u201d, y mostr\u00f3 su orgullo \u201cpor una gesti\u00f3n, encabezada por el intendente Juan Ignacio Ustarroz, que\u2026","rel":"","context":"En \u00abPol\u00edtica\u00bb","block_context":{"text":"Pol\u00edtica","link":"https:\/\/www.hoymercedes.com.ar\/principal\/category\/politica\/"},"img":{"alt_text":"","src":"https:\/\/i0.wp.com\/www.hoymercedes.com.ar\/principal\/wp-content\/uploads\/2015\/11\/santiago-altube.jpg?resize=350%2C200&ssl=1","width":350,"height":200,"srcset":"https:\/\/i0.wp.com\/www.hoymercedes.com.ar\/principal\/wp-content\/uploads\/2015\/11\/santiago-altube.jpg?resize=350%2C200&ssl=1 1x, https:\/\/i0.wp.com\/www.hoymercedes.com.ar\/principal\/wp-content\/uploads\/2015\/11\/santiago-altube.jpg?resize=525%2C300&ssl=1 1.5x"},"classes":[]},{"id":58667,"url":"https:\/\/www.hoymercedes.com.ar\/principal\/2017\/01\/03\/cestari-creo-que-el-intendente-debe-considerar-el-veto\/","url_meta":{"origin":58715,"position":3},"title":"Cestari: \u00abCreo que el Intendente  debe considerar el veto\u00bb","author":"hoymercedes","date":"3 enero, 2017","format":false,"excerpt":"Antes de la sesi\u00f3n preparatoria, el concejal Jos\u00e9 Cestari \u2013quien se hab\u00eda abstenido de votar el aumento- critic\u00f3 a sus pares del Frente Cambiemos y adelant\u00f3 que el aumento desproporcionado de las dietas \u201cpuede generar un desfinanciamiento al Estado Municipal\u201d, Sin embargo, repetimos, durante la abstenci\u00f3n se abstuvo acompa\u00f1ando la\u2026","rel":"","context":"En \u00abPol\u00edtica\u00bb","block_context":{"text":"Pol\u00edtica","link":"https:\/\/www.hoymercedes.com.ar\/principal\/category\/politica\/"},"img":{"alt_text":"","src":"https:\/\/i0.wp.com\/www.hoymercedes.com.ar\/principal\/wp-content\/uploads\/2017\/01\/03-Cestari.jpg?resize=350%2C200&ssl=1","width":350,"height":200,"srcset":"https:\/\/i0.wp.com\/www.hoymercedes.com.ar\/principal\/wp-content\/uploads\/2017\/01\/03-Cestari.jpg?resize=350%2C200&ssl=1 1x, https:\/\/i0.wp.com\/www.hoymercedes.com.ar\/principal\/wp-content\/uploads\/2017\/01\/03-Cestari.jpg?resize=525%2C300&ssl=1 1.5x"},"classes":[]},{"id":58581,"url":"https:\/\/www.hoymercedes.com.ar\/principal\/2016\/12\/30\/el-partido-vecinal-pide-que-se-de-marcha-atras-al-aumento-de-los-concejales\/","url_meta":{"origin":58715,"position":4},"title":"El Partido Vecinal pide que se d\u00e9 marcha atr\u00e1s al aumento de los concejales","author":"hoymercedes","date":"30 diciembre, 2016","format":false,"excerpt":"Referentes del Partido Vecinal MIC, le piden al Intendente que vete el art\u00edculo 13 del Presupuesto 2017, modificado en la \u00faltima sesi\u00f3n con los votos de siete concejales. \"Este aumento es vergonzoso y demuestra que est\u00e1n ajenos a lo que sucede en la ciudad y el pa\u00eds\", dicen desde el\u2026","rel":"","context":"En \u00abPol\u00edtica\u00bb","block_context":{"text":"Pol\u00edtica","link":"https:\/\/www.hoymercedes.com.ar\/principal\/category\/politica\/"},"img":{"alt_text":"","src":"https:\/\/i0.wp.com\/www.hoymercedes.com.ar\/principal\/wp-content\/uploads\/2016\/06\/08-nicolas-quiroga.jpg?resize=350%2C200&ssl=1","width":350,"height":200},"classes":[]},{"id":150396,"url":"https:\/\/www.hoymercedes.com.ar\/principal\/2022\/07\/06\/concejales-se-reunieron-con-jubiladas-municipales-por-sus-tramites-previsionales\/","url_meta":{"origin":58715,"position":5},"title":"Concejales se reunieron con jubiladas municipales por sus tr\u00e1mites previsionales","author":"hoymercedes","date":"6 julio, 2022","format":false,"excerpt":"Concejales se reunieron con jubiladas municipales por sus tr\u00e1mites previsionales","rel":"","context":"En \u00abHCD Mercedes\u00bb","block_context":{"text":"HCD Mercedes","link":"https:\/\/www.hoymercedes.com.ar\/principal\/category\/hcd-mercedes\/"},"img":{"alt_text":"","src":"https:\/\/i0.wp.com\/www.hoymercedes.com.ar\/principal\/wp-content\/uploads\/2022\/07\/HCD-jubiladas-munic.jpg?resize=350%2C200&ssl=1","width":350,"height":200,"srcset":"https:\/\/i0.wp.com\/www.hoymercedes.com.ar\/principal\/wp-content\/uploads\/2022\/07\/HCD-jubiladas-munic.jpg?resize=350%2C200&ssl=1 1x, https:\/\/i0.wp.com\/www.hoymercedes.com.ar\/principal\/wp-content\/uploads\/2022\/07\/HCD-jubiladas-munic.jpg?resize=525%2C300&ssl=1 1.5x, https:\/\/i0.wp.com\/www.hoymercedes.com.ar\/principal\/wp-content\/uploads\/2022\/07\/HCD-jubiladas-munic.jpg?resize=700%2C400&ssl=1 2x"},"classes":[]}],"_links":{"self":[{"href":"https:\/\/www.hoymercedes.com.ar\/principal\/wp-json\/wp\/v2\/posts\/58715","targetHints":{"allow":["GET"]}}],"collection":[{"href":"https:\/\/www.hoymercedes.com.ar\/principal\/wp-json\/wp\/v2\/posts"}],"about":[{"href":"https:\/\/www.hoymercedes.com.ar\/principal\/wp-json\/wp\/v2\/types\/post"}],"author":[{"embeddable":true,"href":"https:\/\/www.hoymercedes.com.ar\/principal\/wp-json\/wp\/v2\/users\/1"}],"replies":[{"embeddable":true,"href":"https:\/\/www.hoymercedes.com.ar\/principal\/wp-json\/wp\/v2\/comments?post=58715"}],"version-history":[{"count":0,"href":"https:\/\/www.hoymercedes.com.ar\/principal\/wp-json\/wp\/v2\/posts\/58715\/revisions"}],"wp:featuredmedia":[{"embeddable":true,"href":"https:\/\/www.hoymercedes.com.ar\/principal\/wp-json\/wp\/v2\/media\/53858"}],"wp:attachment":[{"href":"https:\/\/www.hoymercedes.com.ar\/principal\/wp-json\/wp\/v2\/media?parent=58715"}],"wp:term":[{"taxonomy":"category","embeddable":true,"href":"https:\/\/www.hoymercedes.com.ar\/principal\/wp-json\/wp\/v2\/categories?post=58715"},{"taxonomy":"post_tag","embeddable":true,"href":"https:\/\/www.hoymercedes.com.ar\/principal\/wp-json\/wp\/v2\/tags?post=58715"}],"curies":[{"name":"wp","href":"https:\/\/api.w.org\/{rel}","templated":true}]}}