{"id":58762,"date":"2017-01-09T10:22:50","date_gmt":"2017-01-09T13:22:50","guid":{"rendered":"http:\/\/www.hoymercedes.com.ar\/principal\/?p=58762"},"modified":"2017-01-09T17:17:49","modified_gmt":"2017-01-09T20:17:49","slug":"concejales-del-fmpv-visitaron-escuelas-de-verano","status":"publish","type":"post","link":"https:\/\/www.hoymercedes.com.ar\/principal\/2017\/01\/09\/concejales-del-fmpv-visitaron-escuelas-de-verano\/","title":{"rendered":"Concejales del FMPV visitaron escuelas de verano"},"content":{"rendered":"<p>&nbsp;<\/p>\n<p>Con el fin de mantener un trabajo de acci\u00f3n social y\u00a0\u00a0acompa\u00f1ando a las instituciones municipales, los concejales Celeste Burone y Ceferino Costa, del Frente Mercedino para la Victoria, visitaron a los chicos y trabajadores de la Casa del Ni\u00f1o quienes est\u00e1n llevando a cabo actividades de verano.<\/p>\n<p>\u201cNos sorprendimos gratamente con lo que vimos en Casa del Ni\u00f1o. Las autoridades nos acompa\u00f1aron a recorrer las instalaciones donde m\u00e1s de 100 chicos realizan actividades. Notamos un gran trabajo y, lo mejor de todo, vimos ni\u00f1os jugando. Un rato en el agua fresca de la pileta, otro rato jugando en el SUM con proyectos integradores; y los chicos estaban en movimiento que es lo principal para una vida saludable\u201d, coment\u00f3 Burone.<\/p>\n<p>La Escuela de Verano de la Casa del Ni\u00f1o cuenta con un gran equipo de trabajo que integra varias \u00e1reas municipales. Adem\u00e1s de los profesores que aporta el CEF N\u00b0 40, durante el verano tambi\u00e9n se suman m\u00e1s profesionales de la Direcci\u00f3n de Deportes, un ba\u00f1ero para cuidar a los chicos durante las actividades en la pileta, una enfermera y los operadores estables con los cuales cuenta esta reconocida instituci\u00f3n de nuestra ciudad.<\/p>\n<p><img loading=\"lazy\" decoding=\"async\" data-attachment-id=\"58764\" data-permalink=\"https:\/\/www.hoymercedes.com.ar\/principal\/2017\/01\/09\/concejales-del-fmpv-visitaron-escuelas-de-verano\/09-fmpv-casa-nino-2\/#main\" data-orig-file=\"https:\/\/www.hoymercedes.com.ar\/principal\/wp-content\/uploads\/2017\/01\/09-FMPV-casa-nino-2.jpg\" data-orig-size=\"630,420\" data-comments-opened=\"0\" data-image-meta=\"{&quot;aperture&quot;:&quot;6.3&quot;,&quot;credit&quot;:&quot;&quot;,&quot;camera&quot;:&quot;NIKON D3100&quot;,&quot;caption&quot;:&quot;&quot;,&quot;created_timestamp&quot;:&quot;1483613843&quot;,&quot;copyright&quot;:&quot;&quot;,&quot;focal_length&quot;:&quot;35&quot;,&quot;iso&quot;:&quot;100&quot;,&quot;shutter_speed&quot;:&quot;0.00625&quot;,&quot;title&quot;:&quot;&quot;,&quot;orientation&quot;:&quot;1&quot;}\" data-image-title=\"09 FMPV casa nino 2\" data-image-description=\"\" data-image-caption=\"\" data-large-file=\"https:\/\/www.hoymercedes.com.ar\/principal\/wp-content\/uploads\/2017\/01\/09-FMPV-casa-nino-2.jpg\" class=\"aligncenter size-medium wp-image-58764\" src=\"https:\/\/www.hoymercedes.com.ar\/principal\/wp-content\/uploads\/2017\/01\/09-FMPV-casa-nino-2-630x420.jpg\" alt=\"\" width=\"630\" height=\"420\" srcset=\"https:\/\/www.hoymercedes.com.ar\/principal\/wp-content\/uploads\/2017\/01\/09-FMPV-casa-nino-2.jpg 630w, https:\/\/www.hoymercedes.com.ar\/principal\/wp-content\/uploads\/2017\/01\/09-FMPV-casa-nino-2-150x100.jpg 150w, https:\/\/www.hoymercedes.com.ar\/principal\/wp-content\/uploads\/2017\/01\/09-FMPV-casa-nino-2-300x200.jpg 300w\" sizes=\"auto, (max-width: 630px) 100vw, 630px\" \/><\/p>\n<p>\u201cLa cocina es otro de los sectores a destacar de Casa del Ni\u00f1o. Los alumnos cuentan con una variada alimentaci\u00f3n y un equipo de cocineros y ayudantes que trabajan muy bien. Esto nos llen\u00f3 de satisfacci\u00f3n. Saber que una instituci\u00f3n que depende de la Comuna est\u00e1 trabajando de esta manera, nos enorgullece. Esta gesti\u00f3n se ha comprometido mucho en el desarrollo de todo de los vecinos pero aportando fuertemente a los ni\u00f1os\u201d, agreg\u00f3 la concejal.<\/p>\n<p>Cabe destacar que la Secretar\u00eda de Desarrollo Social trabaja incansablemente para que la Casa del Ni\u00f1o funcione de esta manera, dedicada a los chicos que all\u00ed asisten y comprometidos con su crecimiento saludable.<\/p>\n<p>Burone, integrante de la Comisi\u00f3n de Acci\u00f3n Social del HCD estuvo acompa\u00f1ada en esta oportunidad por el concejal (suplente)\u00a0Ceferino Costas quien asumi\u00f3 su\u00a0banca al asumir como Intendente Interino\u00a0Mat\u00edas Dematei<\/p>\n<p><img loading=\"lazy\" decoding=\"async\" data-attachment-id=\"58763\" data-permalink=\"https:\/\/www.hoymercedes.com.ar\/principal\/2017\/01\/09\/concejales-del-fmpv-visitaron-escuelas-de-verano\/09-fmpv-casa-nino-1\/#main\" data-orig-file=\"https:\/\/www.hoymercedes.com.ar\/principal\/wp-content\/uploads\/2017\/01\/09-FMPV-casa-nino-1.jpg\" data-orig-size=\"630,420\" data-comments-opened=\"0\" data-image-meta=\"{&quot;aperture&quot;:&quot;6.3&quot;,&quot;credit&quot;:&quot;&quot;,&quot;camera&quot;:&quot;NIKON D3100&quot;,&quot;caption&quot;:&quot;&quot;,&quot;created_timestamp&quot;:&quot;1483613720&quot;,&quot;copyright&quot;:&quot;&quot;,&quot;focal_length&quot;:&quot;18&quot;,&quot;iso&quot;:&quot;100&quot;,&quot;shutter_speed&quot;:&quot;0.00625&quot;,&quot;title&quot;:&quot;&quot;,&quot;orientation&quot;:&quot;1&quot;}\" data-image-title=\"09 FMPV casa nino 1\" data-image-description=\"\" data-image-caption=\"\" data-large-file=\"https:\/\/www.hoymercedes.com.ar\/principal\/wp-content\/uploads\/2017\/01\/09-FMPV-casa-nino-1.jpg\" class=\"aligncenter size-medium wp-image-58763\" src=\"https:\/\/www.hoymercedes.com.ar\/principal\/wp-content\/uploads\/2017\/01\/09-FMPV-casa-nino-1-630x420.jpg\" alt=\"\" width=\"630\" height=\"420\" srcset=\"https:\/\/www.hoymercedes.com.ar\/principal\/wp-content\/uploads\/2017\/01\/09-FMPV-casa-nino-1.jpg 630w, https:\/\/www.hoymercedes.com.ar\/principal\/wp-content\/uploads\/2017\/01\/09-FMPV-casa-nino-1-150x100.jpg 150w, https:\/\/www.hoymercedes.com.ar\/principal\/wp-content\/uploads\/2017\/01\/09-FMPV-casa-nino-1-300x200.jpg 300w\" sizes=\"auto, (max-width: 630px) 100vw, 630px\" \/><\/p>\n<p>Fuente: Prensa FMPV<\/p>\n<p>&nbsp;<\/p>\n","protected":false},"excerpt":{"rendered":"<p>&nbsp; Con el fin de mantener un trabajo de acci\u00f3n social y\u00a0\u00a0acompa\u00f1ando a las instituciones municipales, los concejales Celeste Burone &#8230; <a title=\"Concejales del FMPV visitaron escuelas de verano\" class=\"read-more\" href=\"https:\/\/www.hoymercedes.com.ar\/principal\/2017\/01\/09\/concejales-del-fmpv-visitaron-escuelas-de-verano\/\" aria-label=\"Leer m\u00e1s sobre Concejales del FMPV visitaron escuelas de verano\">Leer m\u00e1s<\/a><\/p>\n","protected":false},"author":1,"featured_media":58763,"comment_status":"closed","ping_status":"open","sticky":false,"template":"","format":"standard","meta":{"_monsterinsights_skip_tracking":false,"_monsterinsights_sitenote_active":false,"_monsterinsights_sitenote_note":"","_monsterinsights_sitenote_category":0,"jetpack_post_was_ever_published":false,"_jetpack_newsletter_access":"","_jetpack_dont_email_post_to_subs":false,"_jetpack_newsletter_tier_id":0,"_jetpack_memberships_contains_paywalled_content":false,"_jetpack_memberships_contains_paid_content":false,"footnotes":"","jetpack_publicize_message":"","jetpack_publicize_feature_enabled":true,"jetpack_social_post_already_shared":true,"jetpack_social_options":{"image_generator_settings":{"template":"highway","default_image_id":0,"font":"","enabled":false},"version":2},"_wpas_customize_per_network":false},"categories":[5],"tags":[296,10381,2810,5319],"class_list":["post-58762","post","type-post","status-publish","format-standard","has-post-thumbnail","hentry","category-politica","tag-casa-del-nino","tag-escuelas-de-verano","tag-fmpv","tag-politica-2","generate-columns","tablet-grid-50","mobile-grid-100","grid-parent","grid-50"],"jetpack_publicize_connections":[],"jetpack_featured_media_url":"https:\/\/www.hoymercedes.com.ar\/principal\/wp-content\/uploads\/2017\/01\/09-FMPV-casa-nino-1.jpg","wps_subtitle":"Burone y Costas","jetpack_sharing_enabled":true,"jetpack-related-posts":[{"id":106825,"url":"https:\/\/www.hoymercedes.com.ar\/principal\/2020\/03\/01\/casa-del-nino-cierre-de-verano-con-su-propia-murga-los-reciclados\/","url_meta":{"origin":58762,"position":0},"title":"Casa del Ni\u00f1o: cierre de verano con su propia murga \u201cLos Reciclados\u201d","author":"hoymercedes","date":"1 marzo, 2020","format":false,"excerpt":"En Casa del Ni\u00f1o se vivi\u00f3 un verano repleto de actividades y propuestas para los ni\u00f1os y ni\u00f1as que asisten a la instituci\u00f3n. El cierre del verano, previo al inicio de clases, fue una gran fiesta con murga incluida. Desde la Direcci\u00f3n de Ni\u00f1ez y Adolescencia narraron que \u201cel viernes\u2026","rel":"","context":"En \u00abMunicipio\u00bb","block_context":{"text":"Municipio","link":"https:\/\/www.hoymercedes.com.ar\/principal\/category\/municipio\/"},"img":{"alt_text":"","src":"https:\/\/i0.wp.com\/www.hoymercedes.com.ar\/principal\/wp-content\/uploads\/2020\/03\/01-murga.jpeg?resize=350%2C200&ssl=1","width":350,"height":200,"srcset":"https:\/\/i0.wp.com\/www.hoymercedes.com.ar\/principal\/wp-content\/uploads\/2020\/03\/01-murga.jpeg?resize=350%2C200&ssl=1 1x, https:\/\/i0.wp.com\/www.hoymercedes.com.ar\/principal\/wp-content\/uploads\/2020\/03\/01-murga.jpeg?resize=525%2C300&ssl=1 1.5x, https:\/\/i0.wp.com\/www.hoymercedes.com.ar\/principal\/wp-content\/uploads\/2020\/03\/01-murga.jpeg?resize=700%2C400&ssl=1 2x"},"classes":[]},{"id":191204,"url":"https:\/\/www.hoymercedes.com.ar\/principal\/2026\/01\/26\/casi-500-chicos-disfrutaron-del-programa-escuelas-abiertas-de-verano\/","url_meta":{"origin":58762,"position":1},"title":"Casi 500 chicos disfrutaron del programa Escuelas Abiertas de Verano","author":"Ariel Musante","date":"26 enero, 2026","format":false,"excerpt":"Casi 500 chicos participaron de las actividades de Escuelas Abiertas en Verano y ejercieron su derecho a \u201cseguir jugando y aprendiendo\u201d a trav\u00e9s del programa provincial, que en Mercedes se desarroll\u00f3 en 20 sedes diferentes y tuvo su cierre formal\u00a0este lunes\u00a0en la pileta del Parque Municipal Independencia con la presencia\u2026","rel":"","context":"En \u00abSociedad\u00bb","block_context":{"text":"Sociedad","link":"https:\/\/www.hoymercedes.com.ar\/principal\/category\/sociedad\/"},"img":{"alt_text":"","src":"https:\/\/i0.wp.com\/www.hoymercedes.com.ar\/principal\/wp-content\/uploads\/2026\/01\/IMG_7987.jpeg?resize=350%2C200&ssl=1","width":350,"height":200,"srcset":"https:\/\/i0.wp.com\/www.hoymercedes.com.ar\/principal\/wp-content\/uploads\/2026\/01\/IMG_7987.jpeg?resize=350%2C200&ssl=1 1x, https:\/\/i0.wp.com\/www.hoymercedes.com.ar\/principal\/wp-content\/uploads\/2026\/01\/IMG_7987.jpeg?resize=525%2C300&ssl=1 1.5x, https:\/\/i0.wp.com\/www.hoymercedes.com.ar\/principal\/wp-content\/uploads\/2026\/01\/IMG_7987.jpeg?resize=700%2C400&ssl=1 2x, https:\/\/i0.wp.com\/www.hoymercedes.com.ar\/principal\/wp-content\/uploads\/2026\/01\/IMG_7987.jpeg?resize=1050%2C600&ssl=1 3x, https:\/\/i0.wp.com\/www.hoymercedes.com.ar\/principal\/wp-content\/uploads\/2026\/01\/IMG_7987.jpeg?resize=1400%2C800&ssl=1 4x"},"classes":[]},{"id":157742,"url":"https:\/\/www.hoymercedes.com.ar\/principal\/2023\/01\/27\/finaliza-el-ciclo-escuelas-abiertas-de-verano\/","url_meta":{"origin":58762,"position":2},"title":"Finaliza el ciclo Escuelas Abiertas de Verano","author":"hoymercedes","date":"27 enero, 2023","format":false,"excerpt":"En los \u00faltimos d\u00edas se realiz\u00f3 el cierre del Programa Escuelas Abiertas de Verano. \u00a0Se realizaron en el ex instituto Unzu\u00e9, Parque Municipal, Casa del Ni\u00f1o y el C\u00edrculo de Suboficiales de Altamira.\u00a0\u00a0","rel":"","context":"En \u00abMunicipio\u00bb","block_context":{"text":"Municipio","link":"https:\/\/www.hoymercedes.com.ar\/principal\/category\/municipio\/"},"img":{"alt_text":"","src":"https:\/\/i0.wp.com\/www.hoymercedes.com.ar\/principal\/wp-content\/uploads\/2023\/01\/323408092_557452893108787_2962453980463260966_n.jpg?resize=350%2C200&ssl=1","width":350,"height":200,"srcset":"https:\/\/i0.wp.com\/www.hoymercedes.com.ar\/principal\/wp-content\/uploads\/2023\/01\/323408092_557452893108787_2962453980463260966_n.jpg?resize=350%2C200&ssl=1 1x, https:\/\/i0.wp.com\/www.hoymercedes.com.ar\/principal\/wp-content\/uploads\/2023\/01\/323408092_557452893108787_2962453980463260966_n.jpg?resize=525%2C300&ssl=1 1.5x, https:\/\/i0.wp.com\/www.hoymercedes.com.ar\/principal\/wp-content\/uploads\/2023\/01\/323408092_557452893108787_2962453980463260966_n.jpg?resize=700%2C400&ssl=1 2x"},"classes":[]},{"id":39745,"url":"https:\/\/www.hoymercedes.com.ar\/principal\/2015\/02\/24\/el-acompanamiento-del-gobierno-local-sigue-creciendo-en-casa-del-nino\/","url_meta":{"origin":58762,"position":3},"title":"El acompa\u00f1amiento del gobierno local sigue creciendo en  Casa del Ni\u00f1o","author":"hoymercedes","date":"24 febrero, 2015","format":false,"excerpt":"(MM) La casa del Ni\u00f1o sigue creciendo y comprometi\u00e9ndose con los chicos de la ciudad y cada vez son m\u00e1s las actividades que les proponen. Al hogar asisten chicos de entre tres a doce a\u00f1os de edad cuyos pap\u00e1s trabajan y est\u00e1n fuera de sus casas. All\u00ed, los alumnos realizan\u2026","rel":"","context":"En \u00abMunicipio\u00bb","block_context":{"text":"Municipio","link":"https:\/\/www.hoymercedes.com.ar\/principal\/category\/municipio\/"},"img":{"alt_text":"","src":"","width":0,"height":0},"classes":[]},{"id":87619,"url":"https:\/\/www.hoymercedes.com.ar\/principal\/2019\/02\/02\/cerca-de-290-chicos-disfrutaron-de-las-escuelas-abiertas-de-verano\/","url_meta":{"origin":58762,"position":4},"title":"Cerca de 290 chicos disfrutaron de las Escuelas Abiertas de Verano","author":"hoymercedes","date":"2 febrero, 2019","format":false,"excerpt":"Entre el 2 de enero y el 1 de febrero, diecis\u00e9is establecimientos educativos se mantuvieron abiertos para que la comunidad educativa, en especial los m\u00e1s peque\u00f1os disfruten del verano. Entre 260 y 290 ni\u00f1os, ni\u00f1as, adolescentes y adultos participaron de actividades art\u00edsticas, deportivas y recreativas. El cierre de la Escuela\u2026","rel":"","context":"En \u00abEducaci\u00f3n\u00bb","block_context":{"text":"Educaci\u00f3n","link":"https:\/\/www.hoymercedes.com.ar\/principal\/category\/educacion\/"},"img":{"alt_text":"","src":"https:\/\/i0.wp.com\/www.hoymercedes.com.ar\/principal\/wp-content\/uploads\/2019\/02\/02-esc-Verano-3.jpg?resize=350%2C200&ssl=1","width":350,"height":200,"srcset":"https:\/\/i0.wp.com\/www.hoymercedes.com.ar\/principal\/wp-content\/uploads\/2019\/02\/02-esc-Verano-3.jpg?resize=350%2C200&ssl=1 1x, https:\/\/i0.wp.com\/www.hoymercedes.com.ar\/principal\/wp-content\/uploads\/2019\/02\/02-esc-Verano-3.jpg?resize=525%2C300&ssl=1 1.5x, https:\/\/i0.wp.com\/www.hoymercedes.com.ar\/principal\/wp-content\/uploads\/2019\/02\/02-esc-Verano-3.jpg?resize=700%2C400&ssl=1 2x"},"classes":[]},{"id":82351,"url":"https:\/\/www.hoymercedes.com.ar\/principal\/2018\/10\/11\/concejales-preocupados-por-la-falta-de-gas-en-la-casa-del-nino\/","url_meta":{"origin":58762,"position":5},"title":"Concejales preocupados por la falta de gas en la Casa del Ni\u00f1o","author":"hoymercedes","date":"11 octubre, 2018","format":false,"excerpt":"El bloque de Concejales del Frente Cambiemos realiza una serie de visitas por distintas dependencias municipales. En su recorrida por la Casa del Ni\u00f1o y en el di\u00e1logo con la Coordinadora del lugar, Mariana Alfred, tomaron conocimiento de que el lugar hace un mes no tiene activo el servicio de\u2026","rel":"","context":"En \u00abPol\u00edtica\u00bb","block_context":{"text":"Pol\u00edtica","link":"https:\/\/www.hoymercedes.com.ar\/principal\/category\/politica\/"},"img":{"alt_text":"","src":"https:\/\/i0.wp.com\/www.hoymercedes.com.ar\/principal\/wp-content\/uploads\/2018\/10\/11-casa-del-ni%C3%B1o-3.jpg?resize=350%2C200&ssl=1","width":350,"height":200,"srcset":"https:\/\/i0.wp.com\/www.hoymercedes.com.ar\/principal\/wp-content\/uploads\/2018\/10\/11-casa-del-ni%C3%B1o-3.jpg?resize=350%2C200&ssl=1 1x, https:\/\/i0.wp.com\/www.hoymercedes.com.ar\/principal\/wp-content\/uploads\/2018\/10\/11-casa-del-ni%C3%B1o-3.jpg?resize=525%2C300&ssl=1 1.5x, https:\/\/i0.wp.com\/www.hoymercedes.com.ar\/principal\/wp-content\/uploads\/2018\/10\/11-casa-del-ni%C3%B1o-3.jpg?resize=700%2C400&ssl=1 2x"},"classes":[]}],"_links":{"self":[{"href":"https:\/\/www.hoymercedes.com.ar\/principal\/wp-json\/wp\/v2\/posts\/58762","targetHints":{"allow":["GET"]}}],"collection":[{"href":"https:\/\/www.hoymercedes.com.ar\/principal\/wp-json\/wp\/v2\/posts"}],"about":[{"href":"https:\/\/www.hoymercedes.com.ar\/principal\/wp-json\/wp\/v2\/types\/post"}],"author":[{"embeddable":true,"href":"https:\/\/www.hoymercedes.com.ar\/principal\/wp-json\/wp\/v2\/users\/1"}],"replies":[{"embeddable":true,"href":"https:\/\/www.hoymercedes.com.ar\/principal\/wp-json\/wp\/v2\/comments?post=58762"}],"version-history":[{"count":0,"href":"https:\/\/www.hoymercedes.com.ar\/principal\/wp-json\/wp\/v2\/posts\/58762\/revisions"}],"wp:featuredmedia":[{"embeddable":true,"href":"https:\/\/www.hoymercedes.com.ar\/principal\/wp-json\/wp\/v2\/media\/58763"}],"wp:attachment":[{"href":"https:\/\/www.hoymercedes.com.ar\/principal\/wp-json\/wp\/v2\/media?parent=58762"}],"wp:term":[{"taxonomy":"category","embeddable":true,"href":"https:\/\/www.hoymercedes.com.ar\/principal\/wp-json\/wp\/v2\/categories?post=58762"},{"taxonomy":"post_tag","embeddable":true,"href":"https:\/\/www.hoymercedes.com.ar\/principal\/wp-json\/wp\/v2\/tags?post=58762"}],"curies":[{"name":"wp","href":"https:\/\/api.w.org\/{rel}","templated":true}]}}