{"id":58771,"date":"2017-01-07T17:25:44","date_gmt":"2017-01-07T20:25:44","guid":{"rendered":"http:\/\/www.hoymercedes.com.ar\/principal\/?p=58771"},"modified":"2017-01-09T17:27:32","modified_gmt":"2017-01-09T20:27:32","slug":"reyes-de-verdad","status":"publish","type":"post","link":"https:\/\/www.hoymercedes.com.ar\/principal\/2017\/01\/07\/reyes-de-verdad\/","title":{"rendered":"Reyes&#8230;. de verdad"},"content":{"rendered":"<p>Por Oscar Dinova \/<\/p>\n<p>Confieso que de peque\u00f1o era hincha fan\u00e1tico de los Reyes Magos.<\/p>\n<p>Pese al color rojo que ostenta, y a ser hincha de Independiente, poco me vincul\u00f3 con el barbado Noel.<\/p>\n<p>No se\u00f1or. El tiempo ha afianzado esa intuici\u00f3n infantil. S\u00f3lo que ahora puedo darle razones a esa intensa admiraci\u00f3n.<br \/>\nSon, quiz\u00e1s, los \u00fanicos soberanos que despiertan una justificada devoci\u00f3n de parte de sus s\u00fabditos.<\/p>\n<p>Majestades de un territorio equivalente a un viaje sin tiempo, con el \u00fanico prop\u00f3sito de homenajear un ni\u00f1o.<\/p>\n<p>\u00bfPuede haber m\u00e1s alto cometido en las metas de nuestra fr\u00e1gil humanidad?<br \/>\nSu itinerario, reiniciado con obstinaci\u00f3n cada enero, nos transporta al reconocimiento de la llegada de la esperanza por sobre la frustraci\u00f3n y el abatimiento.<br \/>\n\u00bfHace falta ser un fiel creyente para adherir a su ritual procesi\u00f3n anual de homenajear a un chiquillo?<\/p>\n<p>En modo alguno, sino pertenecemos a la grey cristiana, s\u00ed integramos el multitudinario grupo de padres que aman a sus hijos.<\/p>\n<p>Esa condici\u00f3n deber\u00eda ser suficiente.<br \/>\nEn su admiraci\u00f3n al peque\u00f1o Cristo est\u00e1 el claro mensaje del cari\u00f1o a la ni\u00f1ez, que no es otra cosa que al futuro de la humanidad toda.<\/p>\n<p>Es, en cierto modo, un ofrenda a nosotros todos. Pero adem\u00e1s y m\u00e1s all\u00e1 de los regalos fortuitos que aparecen a la vera de los calzados, nos dejaron otro legado.<br \/>\nReyes, es compartir el m\u00e1s simple e inmenso secreto de la adultez para preservar la inocencia y la fantas\u00eda infantil.<\/p>\n<p>Atributos, que escasean en estos tiempos y que nos alejan de nuestros hijos, a veces, dram\u00e1ticamente.<\/p>\n<p>Ellos han compartido con nosotros la incre\u00edble tarea de mantener viva la magia de la ni\u00f1ez.<\/p>\n<p>Al alcanzarles el agua, pasto y arena para su m\u00e1gico viaje les estamos devolviendo un poco de la trascendental tarea de hacer feliz a nuestros hijos, sobrinos y nietos.<br \/>\n\u00bfQu\u00e9 es una f\u00e1bula? \u00bfQu\u00e9 pertenece al terreno de la superstici\u00f3n? \u00bfQu\u00e9 son s\u00f3lo una leyenda?<\/p>\n<p>Es posible, pero los invito a imaginar un mundo d\u00f3nde todo tuviera una explicaci\u00f3n racional, un argumento serio y una demostraci\u00f3n cient\u00edfica.<\/p>\n<p>Ese mundo, dif\u00edcilmente podr\u00eda contener la pasi\u00f3n y el amor de una persona por otra y por ende del deseo, \u00edntimo e incontenible de disfrutar de nuestros propios hijos, las nuevas generaciones.<br \/>\nMientras tanto, perviven. Deambulan detr\u00e1s de una estrella y nos indican un norte.<\/p>\n<p>Bastante m\u00e1s simple que los discursos y las palabras.<\/p>\n<p>Conservar la ilusi\u00f3n intacta de un mundo mejor, destinar momentos para las quimeras infantiles, no romper los sue\u00f1os ni los anhelos.<\/p>\n<p>Volver a creer junto con los m\u00e1s peque\u00f1os que a\u00fan tenemos un futuro digno de ser vivido y disfrutado.<br \/>\nEn definitiva, nos han dicho, durante siglos, que Reyes somos todos.<\/p>\n<p>Siempre que queramos serlo.<\/p>\n<p>De verdad.<\/p>\n<p>&nbsp;<\/p>\n<p>Oscar Dinova (Escritor)<\/p>\n","protected":false},"excerpt":{"rendered":"<p>Por Oscar Dinova \/ Confieso que de peque\u00f1o era hincha fan\u00e1tico de los Reyes Magos. Pese al color rojo que &#8230; <a title=\"Reyes&#8230;. de verdad\" class=\"read-more\" href=\"https:\/\/www.hoymercedes.com.ar\/principal\/2017\/01\/07\/reyes-de-verdad\/\" aria-label=\"Leer m\u00e1s sobre Reyes&#8230;. de verdad\">Leer m\u00e1s<\/a><\/p>\n","protected":false},"author":1,"featured_media":58772,"comment_status":"closed","ping_status":"open","sticky":false,"template":"","format":"standard","meta":{"_monsterinsights_skip_tracking":false,"_monsterinsights_sitenote_active":false,"_monsterinsights_sitenote_note":"","_monsterinsights_sitenote_category":0,"jetpack_post_was_ever_published":false,"_jetpack_newsletter_access":"","_jetpack_dont_email_post_to_subs":false,"_jetpack_newsletter_tier_id":0,"_jetpack_memberships_contains_paywalled_content":false,"_jetpack_memberships_contains_paid_content":false,"footnotes":"","jetpack_publicize_message":"","jetpack_publicize_feature_enabled":true,"jetpack_social_post_already_shared":true,"jetpack_social_options":{"image_generator_settings":{"template":"highway","default_image_id":0,"font":"","enabled":false},"version":2},"_wpas_customize_per_network":false},"categories":[11],"tags":[1734,1288,6773],"class_list":["post-58771","post","type-post","status-publish","format-standard","has-post-thumbnail","hentry","category-ciudad","tag-ciudad-2","tag-oscar-dinova","tag-reyes-magos","generate-columns","tablet-grid-50","mobile-grid-100","grid-parent","grid-50"],"jetpack_publicize_connections":[],"jetpack_featured_media_url":"https:\/\/www.hoymercedes.com.ar\/principal\/wp-content\/uploads\/2017\/01\/07-Reyes-Magos.jpg","wps_subtitle":"","jetpack_sharing_enabled":true,"_links":{"self":[{"href":"https:\/\/www.hoymercedes.com.ar\/principal\/wp-json\/wp\/v2\/posts\/58771","targetHints":{"allow":["GET"]}}],"collection":[{"href":"https:\/\/www.hoymercedes.com.ar\/principal\/wp-json\/wp\/v2\/posts"}],"about":[{"href":"https:\/\/www.hoymercedes.com.ar\/principal\/wp-json\/wp\/v2\/types\/post"}],"author":[{"embeddable":true,"href":"https:\/\/www.hoymercedes.com.ar\/principal\/wp-json\/wp\/v2\/users\/1"}],"replies":[{"embeddable":true,"href":"https:\/\/www.hoymercedes.com.ar\/principal\/wp-json\/wp\/v2\/comments?post=58771"}],"version-history":[{"count":0,"href":"https:\/\/www.hoymercedes.com.ar\/principal\/wp-json\/wp\/v2\/posts\/58771\/revisions"}],"wp:featuredmedia":[{"embeddable":true,"href":"https:\/\/www.hoymercedes.com.ar\/principal\/wp-json\/wp\/v2\/media\/58772"}],"wp:attachment":[{"href":"https:\/\/www.hoymercedes.com.ar\/principal\/wp-json\/wp\/v2\/media?parent=58771"}],"wp:term":[{"taxonomy":"category","embeddable":true,"href":"https:\/\/www.hoymercedes.com.ar\/principal\/wp-json\/wp\/v2\/categories?post=58771"},{"taxonomy":"post_tag","embeddable":true,"href":"https:\/\/www.hoymercedes.com.ar\/principal\/wp-json\/wp\/v2\/tags?post=58771"}],"curies":[{"name":"wp","href":"https:\/\/api.w.org\/{rel}","templated":true}]}}