{"id":58774,"date":"2017-01-08T17:29:33","date_gmt":"2017-01-08T20:29:33","guid":{"rendered":"http:\/\/www.hoymercedes.com.ar\/principal\/?p=58774"},"modified":"2017-01-09T17:32:20","modified_gmt":"2017-01-09T20:32:20","slug":"los-reyes-magos-tambien-pasaron-por-la-agrupacion-17-de-octubre","status":"publish","type":"post","link":"https:\/\/www.hoymercedes.com.ar\/principal\/2017\/01\/08\/los-reyes-magos-tambien-pasaron-por-la-agrupacion-17-de-octubre\/","title":{"rendered":"Los Reyes Magos tambi\u00e9n pasaron por la Agrupaci\u00f3n 17 de Octubre"},"content":{"rendered":"<p>A igual que Papa Noel y anticipando su llegada el viernes\u00a0 6 de enero,\u00a0 los Reyes Magos pasador \u00a0por la Agrupaci\u00f3n 17 de Octubre, del Frente Renovador, para recorrer junto a distintos grupos de militantes de esa agrupaci\u00f3n pol\u00edtica, varios puntos de la ciudad de Mercedes y localidades rurales del Partido.<\/p>\n<p>El primer grupo parti\u00f3 con Melchor, Gaspar y Baltasar desde \u00a0la sede de calle 30 entre 23 y 25. Los Reyes , caminaron por las calles c\u00e9ntricas de la ciudad\u00a0 repartiendo regalos y recibiendo las cartas\u00a0 de los ni\u00f1os y tambi\u00e9n de alg\u00fan adulto que a\u00fan conserva la ilusi\u00f3n y la fantas\u00eda. Luego de la caminata, se establecieron en la esquina de 24 y 25 donde repartieron unos 400 obsequios y posaron para las fotos.<\/p>\n<p>Los militantes que acompa\u00f1aron la recorrida de los Reyes mostraron su satisfacci\u00f3n y alegr\u00eda, \u201c es lindo vivir y compartir con los m\u00e1s peque\u00f1os la ilusi\u00f3n y la magia que genera la llegada de los Reyes Magos\u201d \u00a0destacaron al fin de la \u00a0recorrida que dur\u00f3 algo m\u00e1s de dos horas.<\/p>\n<p>Como por arte de magia, otro grupo acompa\u00f1\u00f3 la caravana m\u00e1gica por algunos puntos de las localidades rurales del Partido de Mercedes donde realmente se vivieron momentos muy emotivos.<\/p>\n<p>La recorrida rural comenz\u00f3 por la localidad de Altamira donde el la plaza, m\u00e1s de cincuenta ni\u00f1os acompa\u00f1ados por sus padre esperaban la llegada de los Reyes para dejar sus cartas, recibir su regalo y tomas alguna foto. De Altamira, los Reyes pasearon por un sector de Gowland para llegar hasta la Plaza de Agote donde esperaba otro nutrido grupo de padres con sus peque\u00f1os.<\/p>\n<p>Desde Agote, emprendieron la vuelta nuevamente por la localidad de Gowland y desde ah\u00ed unos quince kil\u00f3metros m\u00e1s para llegar a Goldney donde fueron recibidos con mucha alegr\u00eda. El recorrido rural termin\u00f3 en el barrio La Pampita, completando una vuelta de m\u00e1s de 50 kil\u00f3metros en la que se entregaron unos quinientos regalos.<\/p>\n<p>\u201c No hay nada que llene m\u00e1s el alma que la sonrisa de un ni\u00f1o\u201d, manifest\u00f3 uno de los que acompa\u00f1\u00f3 esta iniciativa, \u201c sobre todo llegar a estos lugares donde nadie llega, en Altamira y Goldney tambi\u00e9n hay ni\u00f1os que tiene ilusi\u00f3n, pero parece a \u00a0muchos eso no le importa\u201d, concluy\u00f3.<\/p>\n<p>Por su parte, el conductor pol\u00edtico de la Agrupaci\u00f3n, Diputado Nacional Carlos Selva, destac\u00f3 el esfuerzo y el compromiso militante de los integrantes de esa casa pol\u00edtica que desde hace mucho vienen programando y organizando esta celebraci\u00f3n tan importante para los m\u00e1s peque\u00f1os.<\/p>\n<p>&nbsp;<\/p>\n<p>Fuente: Prensa Agrupaci\u00f3n 17 de Octubre<\/p>\n","protected":false},"excerpt":{"rendered":"<p>A igual que Papa Noel y anticipando su llegada el viernes\u00a0 6 de enero,\u00a0 los Reyes Magos pasador \u00a0por la &#8230; <a title=\"Los Reyes Magos tambi\u00e9n pasaron por la Agrupaci\u00f3n 17 de Octubre\" class=\"read-more\" href=\"https:\/\/www.hoymercedes.com.ar\/principal\/2017\/01\/08\/los-reyes-magos-tambien-pasaron-por-la-agrupacion-17-de-octubre\/\" aria-label=\"Leer m\u00e1s sobre Los Reyes Magos tambi\u00e9n pasaron por la Agrupaci\u00f3n 17 de Octubre\">Leer m\u00e1s<\/a><\/p>\n","protected":false},"author":1,"featured_media":58765,"comment_status":"closed","ping_status":"open","sticky":false,"template":"","format":"standard","meta":{"_monsterinsights_skip_tracking":false,"_monsterinsights_sitenote_active":false,"_monsterinsights_sitenote_note":"","_monsterinsights_sitenote_category":0,"jetpack_post_was_ever_published":false,"_jetpack_newsletter_access":"","_jetpack_dont_email_post_to_subs":false,"_jetpack_newsletter_tier_id":0,"_jetpack_memberships_contains_paywalled_content":false,"_jetpack_memberships_contains_paid_content":false,"footnotes":"","jetpack_publicize_message":"","jetpack_publicize_feature_enabled":true,"jetpack_social_post_already_shared":true,"jetpack_social_options":{"image_generator_settings":{"template":"highway","default_image_id":0,"font":"","enabled":false},"version":2},"_wpas_customize_per_network":false},"categories":[5],"tags":[552,6773],"class_list":["post-58774","post","type-post","status-publish","format-standard","has-post-thumbnail","hentry","category-politica","tag-agrupacion-17-de-octubre","tag-reyes-magos","generate-columns","tablet-grid-50","mobile-grid-100","grid-parent","grid-50"],"jetpack_publicize_connections":[],"jetpack_featured_media_url":"https:\/\/www.hoymercedes.com.ar\/principal\/wp-content\/uploads\/2017\/01\/09-magos-FR-1.jpg","wps_subtitle":"Fin de Fiestas","jetpack_sharing_enabled":true,"jetpack-related-posts":[{"id":104813,"url":"https:\/\/www.hoymercedes.com.ar\/principal\/2020\/01\/06\/la-agrupacion-17-de-octubre-y-su-recorrida-de-reyes\/","url_meta":{"origin":58774,"position":0},"title":"La Agrupaci\u00f3n 17 de Octubre y su recorrida de Reyes","author":"hoymercedes","date":"6 enero, 2020","format":false,"excerpt":"Los integrantes de la Agrupaci\u00f3n 17 de Octubre, pasearon junto a los Reyes Magos el pasado s\u00e1bado 4 de enero. La recorrida incluy\u00f3 distintos puntos de la ciudad y la zona rural entregando algo m\u00e1s de 500 regalos para los ni\u00f1os. Como lo hacen cada a\u00f1o, integrantes de la Agrupaci\u00f3n\u2026","rel":"","context":"En \u00abPol\u00edtica\u00bb","block_context":{"text":"Pol\u00edtica","link":"https:\/\/www.hoymercedes.com.ar\/principal\/category\/politica\/"},"img":{"alt_text":"","src":"https:\/\/i0.wp.com\/www.hoymercedes.com.ar\/principal\/wp-content\/uploads\/2020\/01\/FB_IMG_15783395924787213-800x449-1.jpg?resize=350%2C200&ssl=1","width":350,"height":200,"srcset":"https:\/\/i0.wp.com\/www.hoymercedes.com.ar\/principal\/wp-content\/uploads\/2020\/01\/FB_IMG_15783395924787213-800x449-1.jpg?resize=350%2C200&ssl=1 1x, https:\/\/i0.wp.com\/www.hoymercedes.com.ar\/principal\/wp-content\/uploads\/2020\/01\/FB_IMG_15783395924787213-800x449-1.jpg?resize=525%2C300&ssl=1 1.5x, https:\/\/i0.wp.com\/www.hoymercedes.com.ar\/principal\/wp-content\/uploads\/2020\/01\/FB_IMG_15783395924787213-800x449-1.jpg?resize=700%2C400&ssl=1 2x"},"classes":[]},{"id":104798,"url":"https:\/\/www.hoymercedes.com.ar\/principal\/2020\/01\/06\/los-reyes-llegaron-de-la-mano-de-all-boys-solidario\/","url_meta":{"origin":58774,"position":1},"title":"Los Reyes llegaron de la mano de All Boys Solidario","author":"hoymercedes","date":"6 enero, 2020","format":false,"excerpt":"Durante la jornada del domingo, los Reyes Magos Melchor, Gaspar y Baltazar, hicieron su paso por distintos barrios de la ciudad de la mano de los integrantes de All Boys Solidario y el GAD de la Polic\u00eda bonaerense. Guiados por los mercedinos, recorrieron las calles de la ciudad, visitaron LPF\u2026","rel":"","context":"En \u00abSociedad\u00bb","block_context":{"text":"Sociedad","link":"https:\/\/www.hoymercedes.com.ar\/principal\/category\/sociedad\/"},"img":{"alt_text":"","src":"https:\/\/i0.wp.com\/www.hoymercedes.com.ar\/principal\/wp-content\/uploads\/2020\/01\/06-reyes-all-boys-1.jpg?resize=350%2C200&ssl=1","width":350,"height":200,"srcset":"https:\/\/i0.wp.com\/www.hoymercedes.com.ar\/principal\/wp-content\/uploads\/2020\/01\/06-reyes-all-boys-1.jpg?resize=350%2C200&ssl=1 1x, https:\/\/i0.wp.com\/www.hoymercedes.com.ar\/principal\/wp-content\/uploads\/2020\/01\/06-reyes-all-boys-1.jpg?resize=525%2C300&ssl=1 1.5x, https:\/\/i0.wp.com\/www.hoymercedes.com.ar\/principal\/wp-content\/uploads\/2020\/01\/06-reyes-all-boys-1.jpg?resize=700%2C400&ssl=1 2x"},"classes":[]},{"id":181627,"url":"https:\/\/www.hoymercedes.com.ar\/principal\/2025\/01\/02\/llegan-los-reyes-magos-a-estacion-juego\/","url_meta":{"origin":58774,"position":2},"title":"Llegan los Reyes Magos a Estaci\u00f3n Juego","author":"hoymercedes","date":"2 enero, 2025","format":false,"excerpt":"Los Reyes Magos llegan a Estaci\u00f3n Juego para el disfrute de las familias, ni\u00f1os y ni\u00f1os. Ser\u00e1 este domingo 5 de enero. Como siempre habr\u00e1 una propuesta integral para pasarla muy bien. La directora de ni\u00f1ez y adolescencia, Lic. Gabriela Olivella, coment\u00f3 que \u201cvan a Estaci\u00f3n Juego, donde vamos a\u2026","rel":"","context":"En \u00abCultura\u00bb","block_context":{"text":"Cultura","link":"https:\/\/www.hoymercedes.com.ar\/principal\/category\/cultura\/"},"img":{"alt_text":"Llegan los Reyes Magos a Estaci\u00f3n Juego","src":"https:\/\/i0.wp.com\/www.hoymercedes.com.ar\/principal\/wp-content\/uploads\/2025\/01\/ReyesMagos.jpg?resize=350%2C200&ssl=1","width":350,"height":200,"srcset":"https:\/\/i0.wp.com\/www.hoymercedes.com.ar\/principal\/wp-content\/uploads\/2025\/01\/ReyesMagos.jpg?resize=350%2C200&ssl=1 1x, https:\/\/i0.wp.com\/www.hoymercedes.com.ar\/principal\/wp-content\/uploads\/2025\/01\/ReyesMagos.jpg?resize=525%2C300&ssl=1 1.5x, https:\/\/i0.wp.com\/www.hoymercedes.com.ar\/principal\/wp-content\/uploads\/2025\/01\/ReyesMagos.jpg?resize=700%2C400&ssl=1 2x, https:\/\/i0.wp.com\/www.hoymercedes.com.ar\/principal\/wp-content\/uploads\/2025\/01\/ReyesMagos.jpg?resize=1050%2C600&ssl=1 3x"},"classes":[]},{"id":58529,"url":"https:\/\/www.hoymercedes.com.ar\/principal\/2016\/12\/28\/papa-noel-entrego-regalos-con-la-agrupacion-17-de-octubre\/","url_meta":{"origin":58774,"position":3},"title":"Pap\u00e1 Noel entreg\u00f3 regalos con la Agrupaci\u00f3n 17 de Octubre","author":"hoymercedes","date":"28 diciembre, 2016","format":false,"excerpt":"Anticipando su llegada en la nochebuena,\u00a0 el pasado viernes 23 de diciembre, Pap\u00e1\u00a0 Noel \u00a0pas\u00f3 por la Agrupaci\u00f3n 17 de Octubre, del Frente Renovador, para recorrer junto a los militantes de esa agrupaci\u00f3n pol\u00edtica, varios puntos de la ciudad de Mercedes. La caravana con \u201cSanta\u201d, parti\u00f3 de la sede de\u2026","rel":"","context":"En \u00abPol\u00edtica\u00bb","block_context":{"text":"Pol\u00edtica","link":"https:\/\/www.hoymercedes.com.ar\/principal\/category\/politica\/"},"img":{"alt_text":"","src":"https:\/\/i0.wp.com\/www.hoymercedes.com.ar\/principal\/wp-content\/uploads\/2016\/12\/28-agrup-17-de-octubre.jpg?resize=350%2C200&ssl=1","width":350,"height":200,"srcset":"https:\/\/i0.wp.com\/www.hoymercedes.com.ar\/principal\/wp-content\/uploads\/2016\/12\/28-agrup-17-de-octubre.jpg?resize=350%2C200&ssl=1 1x, https:\/\/i0.wp.com\/www.hoymercedes.com.ar\/principal\/wp-content\/uploads\/2016\/12\/28-agrup-17-de-octubre.jpg?resize=525%2C300&ssl=1 1.5x"},"classes":[]},{"id":190636,"url":"https:\/\/www.hoymercedes.com.ar\/principal\/2026\/01\/04\/los-reyes-magos-llegan-a-estacion-juego\/","url_meta":{"origin":58774,"position":4},"title":"Los Reyes Magos llegan a \u201cEstaci\u00f3n Juego\u00bb","author":"hoymercedes","date":"4 enero, 2026","format":false,"excerpt":"La ciudad se prepara para recibir a Melchor, Gaspar y Baltasar este lunes 5 de enero. La invitaci\u00f3n es abierta a toda la comunidad en el Galp\u00f3n de calle 6 y 25. La magia de las fiestas sigue encendida en Mercedes. Bajo el lema \"Quiero tiempo, pero tiempo no apurado\",\u2026","rel":"","context":"En \u00abSociedad\u00bb","block_context":{"text":"Sociedad","link":"https:\/\/www.hoymercedes.com.ar\/principal\/category\/sociedad\/"},"img":{"alt_text":"Los Reyes Magos llegan a \u201cEstaci\u00f3n Juego\"","src":"https:\/\/i0.wp.com\/www.hoymercedes.com.ar\/principal\/wp-content\/uploads\/2026\/01\/Reyes-Magos-Estacion-Juego.jpg?resize=350%2C200&ssl=1","width":350,"height":200,"srcset":"https:\/\/i0.wp.com\/www.hoymercedes.com.ar\/principal\/wp-content\/uploads\/2026\/01\/Reyes-Magos-Estacion-Juego.jpg?resize=350%2C200&ssl=1 1x, https:\/\/i0.wp.com\/www.hoymercedes.com.ar\/principal\/wp-content\/uploads\/2026\/01\/Reyes-Magos-Estacion-Juego.jpg?resize=525%2C300&ssl=1 1.5x, https:\/\/i0.wp.com\/www.hoymercedes.com.ar\/principal\/wp-content\/uploads\/2026\/01\/Reyes-Magos-Estacion-Juego.jpg?resize=700%2C400&ssl=1 2x, https:\/\/i0.wp.com\/www.hoymercedes.com.ar\/principal\/wp-content\/uploads\/2026\/01\/Reyes-Magos-Estacion-Juego.jpg?resize=1050%2C600&ssl=1 3x"},"classes":[]},{"id":157190,"url":"https:\/\/www.hoymercedes.com.ar\/principal\/2023\/01\/08\/los-reyes-magos-visitaron-la-ciudad\/","url_meta":{"origin":58774,"position":5},"title":"Los Reyes Magos visitaron la ciudad","author":"hoymercedes","date":"8 enero, 2023","format":false,"excerpt":"En el marco del D\u00eda de Reyes, el Municipio de Mercedes organiz\u00f3 un festejo para recibir a Melchor, Gaspar y Baltazar en la ciudad. Sobre la Avenida 29, delante de la plaza San Mart\u00edn y el Palacio Municipal juegos, inflables, actividades deportivas, show en vivo para las familias que se\u2026","rel":"","context":"En \u00abMunicipio\u00bb","block_context":{"text":"Municipio","link":"https:\/\/www.hoymercedes.com.ar\/principal\/category\/municipio\/"},"img":{"alt_text":"","src":"https:\/\/i0.wp.com\/www.hoymercedes.com.ar\/principal\/wp-content\/uploads\/2023\/01\/DSC03601.jpg?resize=350%2C200&ssl=1","width":350,"height":200,"srcset":"https:\/\/i0.wp.com\/www.hoymercedes.com.ar\/principal\/wp-content\/uploads\/2023\/01\/DSC03601.jpg?resize=350%2C200&ssl=1 1x, https:\/\/i0.wp.com\/www.hoymercedes.com.ar\/principal\/wp-content\/uploads\/2023\/01\/DSC03601.jpg?resize=525%2C300&ssl=1 1.5x, https:\/\/i0.wp.com\/www.hoymercedes.com.ar\/principal\/wp-content\/uploads\/2023\/01\/DSC03601.jpg?resize=700%2C400&ssl=1 2x"},"classes":[]}],"_links":{"self":[{"href":"https:\/\/www.hoymercedes.com.ar\/principal\/wp-json\/wp\/v2\/posts\/58774","targetHints":{"allow":["GET"]}}],"collection":[{"href":"https:\/\/www.hoymercedes.com.ar\/principal\/wp-json\/wp\/v2\/posts"}],"about":[{"href":"https:\/\/www.hoymercedes.com.ar\/principal\/wp-json\/wp\/v2\/types\/post"}],"author":[{"embeddable":true,"href":"https:\/\/www.hoymercedes.com.ar\/principal\/wp-json\/wp\/v2\/users\/1"}],"replies":[{"embeddable":true,"href":"https:\/\/www.hoymercedes.com.ar\/principal\/wp-json\/wp\/v2\/comments?post=58774"}],"version-history":[{"count":0,"href":"https:\/\/www.hoymercedes.com.ar\/principal\/wp-json\/wp\/v2\/posts\/58774\/revisions"}],"wp:featuredmedia":[{"embeddable":true,"href":"https:\/\/www.hoymercedes.com.ar\/principal\/wp-json\/wp\/v2\/media\/58765"}],"wp:attachment":[{"href":"https:\/\/www.hoymercedes.com.ar\/principal\/wp-json\/wp\/v2\/media?parent=58774"}],"wp:term":[{"taxonomy":"category","embeddable":true,"href":"https:\/\/www.hoymercedes.com.ar\/principal\/wp-json\/wp\/v2\/categories?post=58774"},{"taxonomy":"post_tag","embeddable":true,"href":"https:\/\/www.hoymercedes.com.ar\/principal\/wp-json\/wp\/v2\/tags?post=58774"}],"curies":[{"name":"wp","href":"https:\/\/api.w.org\/{rel}","templated":true}]}}