{"id":58780,"date":"2017-01-09T17:55:15","date_gmt":"2017-01-09T20:55:15","guid":{"rendered":"http:\/\/www.hoymercedes.com.ar\/principal\/?p=58780"},"modified":"2017-01-09T18:05:48","modified_gmt":"2017-01-09T21:05:48","slug":"allanamiento-en-general-rodriguez-por-narcoticos","status":"publish","type":"post","link":"https:\/\/www.hoymercedes.com.ar\/principal\/2017\/01\/09\/allanamiento-en-general-rodriguez-por-narcoticos\/","title":{"rendered":"Allanamientos en General Rodr\u00edguez por narc\u00f3ticos"},"content":{"rendered":"<p>El viernes de la samana pasada, 6 de enero, en horas de la tarde, el Personal de la Delegaci\u00f3n Mercedes Delitos Federales y Complejos de la Polic\u00eda Federal Argentina llev\u00f3 adelante un procedimiento por infracci\u00f3n a la Ley 23.737. Los\u00a0allanamientos se realizaron en la localidad rodriguense\u00a0Malvinas .<\/p>\n<p>Con la colaboraci\u00f3n de la Delegaci\u00f3n Mor\u00f3n, Delegaci\u00f3n Jun\u00edn, Divisi\u00f3n \u00abCanes detectores de Drogas\u00bb de la Polic\u00eda Federal Argentina llevaron a cabo tres allanamientos en la localidad de Malvinas, partido de General Rodr\u00edguez, \u00ablogr\u00e1ndose la aprehensi\u00f3n de cinco masculinos mayores de edad, importante cantidad de clorhidrato de coca\u00edna, ampollas de precursores qu\u00edmicos balanza y elementos para el estiramiento de la sustancia para la creaci\u00f3n de la pasta base y un arma denominada tumbera de acero inoxidable y cartuchos para la misma\u00bb.<\/p>\n<p>Interviene en el hecho la Unidad Funcional de Instrucci\u00f3n\u00a0 N\u00b0 10 del Departamento Judicial Moreno \u2013 Gral. Rodr\u00edguez, del Dr. Federico Luppi, causa caratulada \u201cINF. LEY 23737\u201d<\/p>\n<p>&nbsp;<\/p>\n<p>Fuente JUDICIAL.<\/p>\n<p><img loading=\"lazy\" decoding=\"async\" data-attachment-id=\"58783\" data-permalink=\"https:\/\/www.hoymercedes.com.ar\/principal\/2017\/01\/09\/allanamiento-en-general-rodriguez-por-narcoticos\/09-policia-federal-2\/#main\" data-orig-file=\"https:\/\/www.hoymercedes.com.ar\/principal\/wp-content\/uploads\/2017\/01\/09-Policia-Federal-2.jpg\" data-orig-size=\"630,483\" data-comments-opened=\"0\" data-image-meta=\"{&quot;aperture&quot;:&quot;0&quot;,&quot;credit&quot;:&quot;&quot;,&quot;camera&quot;:&quot;Cymera&quot;,&quot;caption&quot;:&quot;&quot;,&quot;created_timestamp&quot;:&quot;1483750081&quot;,&quot;copyright&quot;:&quot;&quot;,&quot;focal_length&quot;:&quot;0&quot;,&quot;iso&quot;:&quot;0&quot;,&quot;shutter_speed&quot;:&quot;0&quot;,&quot;title&quot;:&quot;&quot;,&quot;orientation&quot;:&quot;1&quot;}\" data-image-title=\"09 Policia Federal 2\" data-image-description=\"\" data-image-caption=\"\" data-large-file=\"https:\/\/www.hoymercedes.com.ar\/principal\/wp-content\/uploads\/2017\/01\/09-Policia-Federal-2.jpg\" class=\"aligncenter size-medium wp-image-58783\" src=\"https:\/\/www.hoymercedes.com.ar\/principal\/wp-content\/uploads\/2017\/01\/09-Policia-Federal-2-630x483.jpg\" alt=\"\" width=\"630\" height=\"483\" srcset=\"https:\/\/www.hoymercedes.com.ar\/principal\/wp-content\/uploads\/2017\/01\/09-Policia-Federal-2.jpg 630w, https:\/\/www.hoymercedes.com.ar\/principal\/wp-content\/uploads\/2017\/01\/09-Policia-Federal-2-150x115.jpg 150w\" sizes=\"auto, (max-width: 630px) 100vw, 630px\" \/><\/p>\n","protected":false},"excerpt":{"rendered":"<p>El viernes de la samana pasada, 6 de enero, en horas de la tarde, el Personal de la Delegaci\u00f3n Mercedes &#8230; <a title=\"Allanamientos en General Rodr\u00edguez por narc\u00f3ticos\" class=\"read-more\" href=\"https:\/\/www.hoymercedes.com.ar\/principal\/2017\/01\/09\/allanamiento-en-general-rodriguez-por-narcoticos\/\" aria-label=\"Leer m\u00e1s sobre Allanamientos en General Rodr\u00edguez por narc\u00f3ticos\">Leer m\u00e1s<\/a><\/p>\n","protected":false},"author":1,"featured_media":58782,"comment_status":"closed","ping_status":"open","sticky":false,"template":"","format":"standard","meta":{"_monsterinsights_skip_tracking":false,"_monsterinsights_sitenote_active":false,"_monsterinsights_sitenote_note":"","_monsterinsights_sitenote_category":0,"jetpack_post_was_ever_published":false,"_jetpack_newsletter_access":"","_jetpack_dont_email_post_to_subs":false,"_jetpack_newsletter_tier_id":0,"_jetpack_memberships_contains_paywalled_content":false,"_jetpack_memberships_contains_paid_content":false,"footnotes":"","jetpack_publicize_message":"","jetpack_publicize_feature_enabled":true,"jetpack_social_post_already_shared":true,"jetpack_social_options":{"image_generator_settings":{"template":"highway","default_image_id":0,"font":"","enabled":false},"version":2},"_wpas_customize_per_network":false},"categories":[85],"tags":[7125,27,10406,6549,96],"class_list":["post-58780","post","type-post","status-publish","format-standard","has-post-thumbnail","hentry","category-policial","tag-allanamientos","tag-drogas","tag-general-rodriguez","tag-policia-federal","tag-policial-2","generate-columns","tablet-grid-50","mobile-grid-100","grid-parent","grid-50"],"jetpack_publicize_connections":[],"jetpack_featured_media_url":"https:\/\/www.hoymercedes.com.ar\/principal\/wp-content\/uploads\/2017\/01\/09-Policia-Federal-1.jpg","wps_subtitle":"Polic\u00eda Federal Delegaci\u00f3n Mercedes","jetpack_sharing_enabled":true,"_links":{"self":[{"href":"https:\/\/www.hoymercedes.com.ar\/principal\/wp-json\/wp\/v2\/posts\/58780","targetHints":{"allow":["GET"]}}],"collection":[{"href":"https:\/\/www.hoymercedes.com.ar\/principal\/wp-json\/wp\/v2\/posts"}],"about":[{"href":"https:\/\/www.hoymercedes.com.ar\/principal\/wp-json\/wp\/v2\/types\/post"}],"author":[{"embeddable":true,"href":"https:\/\/www.hoymercedes.com.ar\/principal\/wp-json\/wp\/v2\/users\/1"}],"replies":[{"embeddable":true,"href":"https:\/\/www.hoymercedes.com.ar\/principal\/wp-json\/wp\/v2\/comments?post=58780"}],"version-history":[{"count":0,"href":"https:\/\/www.hoymercedes.com.ar\/principal\/wp-json\/wp\/v2\/posts\/58780\/revisions"}],"wp:featuredmedia":[{"embeddable":true,"href":"https:\/\/www.hoymercedes.com.ar\/principal\/wp-json\/wp\/v2\/media\/58782"}],"wp:attachment":[{"href":"https:\/\/www.hoymercedes.com.ar\/principal\/wp-json\/wp\/v2\/media?parent=58780"}],"wp:term":[{"taxonomy":"category","embeddable":true,"href":"https:\/\/www.hoymercedes.com.ar\/principal\/wp-json\/wp\/v2\/categories?post=58780"},{"taxonomy":"post_tag","embeddable":true,"href":"https:\/\/www.hoymercedes.com.ar\/principal\/wp-json\/wp\/v2\/tags?post=58780"}],"curies":[{"name":"wp","href":"https:\/\/api.w.org\/{rel}","templated":true}]}}