{"id":58807,"date":"2017-01-10T20:35:57","date_gmt":"2017-01-10T23:35:57","guid":{"rendered":"http:\/\/www.hoymercedes.com.ar\/principal\/?p=58807"},"modified":"2017-01-10T20:35:57","modified_gmt":"2017-01-10T23:35:57","slug":"los-adultos-mayores-viven-mercedes-durante-el-verano","status":"publish","type":"post","link":"https:\/\/www.hoymercedes.com.ar\/principal\/2017\/01\/10\/los-adultos-mayores-viven-mercedes-durante-el-verano\/","title":{"rendered":"Los Adultos Mayores \u00abviven Mercedes\u00bb durante el verano"},"content":{"rendered":"<div dir=\"ltr\" style=\"overflow-wrap: break-word;\">\n<p>El Mart\u00edn Rodr\u00edguez fue escenario de un encuentro en el marco de las actividades propuestas en \u201cViv\u00ed Mercedes, verano 2017\u201d, donde los adultos mayores de Mercedes convocador por la Direcci\u00f3n de Adultos Mayores de la Secretar\u00eda de Salud disfrutaron del predio, el entretenimiento y el encuentro.<\/p>\n<p>El verano se vive en Mercedes, afirman desde Adultos Mayores, que desde este martes y cada uno de los que vienen de enero y febrero desde 9 de la ma\u00f1ana habr\u00e1 truco, taba, tejo, cartas, v\u00f3ley, pentatl\u00f3n.<\/p>\n<p><img loading=\"lazy\" decoding=\"async\" data-attachment-id=\"58823\" data-permalink=\"https:\/\/www.hoymercedes.com.ar\/principal\/2017\/01\/10\/los-adultos-mayores-viven-mercedes-durante-el-verano\/10-adultos-mayores-2\/#main\" data-orig-file=\"https:\/\/www.hoymercedes.com.ar\/principal\/wp-content\/uploads\/2017\/01\/10-adultos-mayores-2.jpg\" data-orig-size=\"630,420\" data-comments-opened=\"0\" data-image-meta=\"{&quot;aperture&quot;:&quot;7.1&quot;,&quot;credit&quot;:&quot;&quot;,&quot;camera&quot;:&quot;NIKON D3100&quot;,&quot;caption&quot;:&quot;&quot;,&quot;created_timestamp&quot;:&quot;1484044897&quot;,&quot;copyright&quot;:&quot;&quot;,&quot;focal_length&quot;:&quot;32&quot;,&quot;iso&quot;:&quot;100&quot;,&quot;shutter_speed&quot;:&quot;0.005&quot;,&quot;title&quot;:&quot;&quot;,&quot;orientation&quot;:&quot;1&quot;}\" data-image-title=\"10 adultos mayores 2\" data-image-description=\"\" data-image-caption=\"\" data-large-file=\"https:\/\/www.hoymercedes.com.ar\/principal\/wp-content\/uploads\/2017\/01\/10-adultos-mayores-2.jpg\" class=\"aligncenter size-medium wp-image-58823\" src=\"https:\/\/www.hoymercedes.com.ar\/principal\/wp-content\/uploads\/2017\/01\/10-adultos-mayores-2-630x420.jpg\" alt=\"\" width=\"630\" height=\"420\" srcset=\"https:\/\/www.hoymercedes.com.ar\/principal\/wp-content\/uploads\/2017\/01\/10-adultos-mayores-2.jpg 630w, https:\/\/www.hoymercedes.com.ar\/principal\/wp-content\/uploads\/2017\/01\/10-adultos-mayores-2-150x100.jpg 150w, https:\/\/www.hoymercedes.com.ar\/principal\/wp-content\/uploads\/2017\/01\/10-adultos-mayores-2-300x200.jpg 300w\" sizes=\"auto, (max-width: 630px) 100vw, 630px\" \/><\/p>\n<p>\u201cLa idea es encontrarnos, pasarla bien, disfrutar del verano juntos y continuar nuestras propuestas culturales. Para nuestros adultos mayores, pero, tambi\u00e9n para toda la familia. Tenemos un predio hermoso, cuidado, con personal que nos acompa\u00f1a y es un placer poder estar juntos\u201d, afirmaron desde el \u00e1rea que conduce Victoria Odell con la coordinaci\u00f3n de Noelia Gollo y el doctor Pablo Cassiani en la conducci\u00f3n de la Secretaria.<\/p>\n<p>Las actividades de \u201cViv\u00ed Mercedes, verano 2017\u201d incluyen propuestas, todos los d\u00edas, de distintas \u00e1reas, como ser la Direcci\u00f3n de Deportes, Salud, Desarrollo Social y Cultura.<\/p>\n<p>\u201cSer\u00edas d\u00edas muy entretenidos, libres, p\u00fablicos y gratuitos. Desde m\u00fasica a actividades deportivas para cuidar la salud, cine, talleres, colonia de verano, pileta, es una gran apuesta la que se realiza y empez\u00f3 realmente muy bien\u201d, afirm\u00f3 la directora de Cultura, Lucia Capaccio remarcando que \u201ces lo que siempre nos pidi\u00f3 Juani, que integremos, que incluyamos, que trabajemos interdisciplinariamente\u201d<\/p>\n<p><img loading=\"lazy\" decoding=\"async\" data-attachment-id=\"58822\" data-permalink=\"https:\/\/www.hoymercedes.com.ar\/principal\/2017\/01\/10\/los-adultos-mayores-viven-mercedes-durante-el-verano\/10-adultos-mayores-1\/#main\" data-orig-file=\"https:\/\/www.hoymercedes.com.ar\/principal\/wp-content\/uploads\/2017\/01\/10-adultos-mayores-1.jpg\" data-orig-size=\"630,420\" data-comments-opened=\"0\" data-image-meta=\"{&quot;aperture&quot;:&quot;6.3&quot;,&quot;credit&quot;:&quot;&quot;,&quot;camera&quot;:&quot;NIKON D3100&quot;,&quot;caption&quot;:&quot;&quot;,&quot;created_timestamp&quot;:&quot;1484044797&quot;,&quot;copyright&quot;:&quot;&quot;,&quot;focal_length&quot;:&quot;29&quot;,&quot;iso&quot;:&quot;100&quot;,&quot;shutter_speed&quot;:&quot;0.00625&quot;,&quot;title&quot;:&quot;&quot;,&quot;orientation&quot;:&quot;1&quot;}\" data-image-title=\"10 adultos mayores 1\" data-image-description=\"\" data-image-caption=\"\" data-large-file=\"https:\/\/www.hoymercedes.com.ar\/principal\/wp-content\/uploads\/2017\/01\/10-adultos-mayores-1.jpg\" class=\"aligncenter size-medium wp-image-58822\" src=\"https:\/\/www.hoymercedes.com.ar\/principal\/wp-content\/uploads\/2017\/01\/10-adultos-mayores-1-630x420.jpg\" alt=\"\" width=\"630\" height=\"420\" srcset=\"https:\/\/www.hoymercedes.com.ar\/principal\/wp-content\/uploads\/2017\/01\/10-adultos-mayores-1.jpg 630w, https:\/\/www.hoymercedes.com.ar\/principal\/wp-content\/uploads\/2017\/01\/10-adultos-mayores-1-150x100.jpg 150w, https:\/\/www.hoymercedes.com.ar\/principal\/wp-content\/uploads\/2017\/01\/10-adultos-mayores-1-300x200.jpg 300w\" sizes=\"auto, (max-width: 630px) 100vw, 630px\" \/><\/p>\n<\/div>\n","protected":false},"excerpt":{"rendered":"<p>El Mart\u00edn Rodr\u00edguez fue escenario de un encuentro en el marco de las actividades propuestas en \u201cViv\u00ed Mercedes, verano 2017\u201d, &#8230; <a title=\"Los Adultos Mayores \u00abviven Mercedes\u00bb durante el verano\" class=\"read-more\" href=\"https:\/\/www.hoymercedes.com.ar\/principal\/2017\/01\/10\/los-adultos-mayores-viven-mercedes-durante-el-verano\/\" aria-label=\"Leer m\u00e1s sobre Los Adultos Mayores \u00abviven Mercedes\u00bb durante el verano\">Leer m\u00e1s<\/a><\/p>\n","protected":false},"author":1,"featured_media":58822,"comment_status":"closed","ping_status":"open","sticky":false,"template":"","format":"standard","meta":{"_monsterinsights_skip_tracking":false,"_monsterinsights_sitenote_active":false,"_monsterinsights_sitenote_note":"","_monsterinsights_sitenote_category":0,"jetpack_post_was_ever_published":false,"_jetpack_newsletter_access":"","_jetpack_dont_email_post_to_subs":false,"_jetpack_newsletter_tier_id":0,"_jetpack_memberships_contains_paywalled_content":false,"_jetpack_memberships_contains_paid_content":false,"footnotes":"","jetpack_publicize_message":"","jetpack_publicize_feature_enabled":true,"jetpack_social_post_already_shared":true,"jetpack_social_options":{"image_generator_settings":{"template":"highway","default_image_id":0,"font":"","enabled":false},"version":2},"_wpas_customize_per_network":false},"categories":[30],"tags":[8752,244,10403],"class_list":["post-58807","post","type-post","status-publish","format-standard","has-post-thumbnail","hentry","category-municipio","tag-adultos-mayores","tag-municipio-2","tag-vivi-mercedes","generate-columns","tablet-grid-50","mobile-grid-100","grid-parent","grid-50"],"jetpack_publicize_connections":[],"jetpack_featured_media_url":"https:\/\/www.hoymercedes.com.ar\/principal\/wp-content\/uploads\/2017\/01\/10-adultos-mayores-1.jpg","wps_subtitle":"Actividades en el Mart\u00edn Rodr\u00edgez","jetpack_sharing_enabled":true,"_links":{"self":[{"href":"https:\/\/www.hoymercedes.com.ar\/principal\/wp-json\/wp\/v2\/posts\/58807","targetHints":{"allow":["GET"]}}],"collection":[{"href":"https:\/\/www.hoymercedes.com.ar\/principal\/wp-json\/wp\/v2\/posts"}],"about":[{"href":"https:\/\/www.hoymercedes.com.ar\/principal\/wp-json\/wp\/v2\/types\/post"}],"author":[{"embeddable":true,"href":"https:\/\/www.hoymercedes.com.ar\/principal\/wp-json\/wp\/v2\/users\/1"}],"replies":[{"embeddable":true,"href":"https:\/\/www.hoymercedes.com.ar\/principal\/wp-json\/wp\/v2\/comments?post=58807"}],"version-history":[{"count":0,"href":"https:\/\/www.hoymercedes.com.ar\/principal\/wp-json\/wp\/v2\/posts\/58807\/revisions"}],"wp:featuredmedia":[{"embeddable":true,"href":"https:\/\/www.hoymercedes.com.ar\/principal\/wp-json\/wp\/v2\/media\/58822"}],"wp:attachment":[{"href":"https:\/\/www.hoymercedes.com.ar\/principal\/wp-json\/wp\/v2\/media?parent=58807"}],"wp:term":[{"taxonomy":"category","embeddable":true,"href":"https:\/\/www.hoymercedes.com.ar\/principal\/wp-json\/wp\/v2\/categories?post=58807"},{"taxonomy":"post_tag","embeddable":true,"href":"https:\/\/www.hoymercedes.com.ar\/principal\/wp-json\/wp\/v2\/tags?post=58807"}],"curies":[{"name":"wp","href":"https:\/\/api.w.org\/{rel}","templated":true}]}}