{"id":58816,"date":"2017-01-10T19:59:29","date_gmt":"2017-01-10T22:59:29","guid":{"rendered":"http:\/\/www.hoymercedes.com.ar\/principal\/?p=58816"},"modified":"2017-01-10T19:59:29","modified_gmt":"2017-01-10T22:59:29","slug":"policia-comunal-y-camaras-de-monitoreo-de-mercedes-logran-detencion-de-estafadores","status":"publish","type":"post","link":"https:\/\/www.hoymercedes.com.ar\/principal\/2017\/01\/10\/policia-comunal-y-camaras-de-monitoreo-de-mercedes-logran-detencion-de-estafadores\/","title":{"rendered":"Polic\u00eda Comunal y C\u00e1maras de Monitoreo de Mercedes logran detenci\u00f3n de estafadores"},"content":{"rendered":"<figure id=\"attachment_58817\" aria-describedby=\"caption-attachment-58817\" style=\"width: 610px\" class=\"wp-caption aligncenter\"><img loading=\"lazy\" decoding=\"async\" data-attachment-id=\"58817\" data-permalink=\"https:\/\/www.hoymercedes.com.ar\/principal\/2017\/01\/10\/policia-comunal-y-camaras-de-monitoreo-de-mercedes-logran-detencion-de-estafadores\/auto-camarasdeseguridad\/#main\" data-orig-file=\"https:\/\/www.hoymercedes.com.ar\/principal\/wp-content\/uploads\/2017\/01\/auto-camarasdeseguridad.jpg\" data-orig-size=\"620,372\" data-comments-opened=\"0\" data-image-meta=\"{&quot;aperture&quot;:&quot;0&quot;,&quot;credit&quot;:&quot;&quot;,&quot;camera&quot;:&quot;&quot;,&quot;caption&quot;:&quot;&quot;,&quot;created_timestamp&quot;:&quot;0&quot;,&quot;copyright&quot;:&quot;&quot;,&quot;focal_length&quot;:&quot;0&quot;,&quot;iso&quot;:&quot;0&quot;,&quot;shutter_speed&quot;:&quot;0&quot;,&quot;title&quot;:&quot;&quot;,&quot;orientation&quot;:&quot;0&quot;}\" data-image-title=\"auto-camarasdeseguridad\" data-image-description=\"\" data-image-caption=\"\" data-large-file=\"https:\/\/www.hoymercedes.com.ar\/principal\/wp-content\/uploads\/2017\/01\/auto-camarasdeseguridad.jpg\" class=\"wp-image-58817 size-full\" src=\"https:\/\/www.hoymercedes.com.ar\/principal\/wp-content\/uploads\/2017\/01\/auto-camarasdeseguridad.jpg\" width=\"620\" height=\"372\" srcset=\"https:\/\/www.hoymercedes.com.ar\/principal\/wp-content\/uploads\/2017\/01\/auto-camarasdeseguridad.jpg 620w, https:\/\/www.hoymercedes.com.ar\/principal\/wp-content\/uploads\/2017\/01\/auto-camarasdeseguridad-150x90.jpg 150w\" sizes=\"auto, (max-width: 620px) 100vw, 620px\" \/><figcaption id=\"caption-attachment-58817\" class=\"wp-caption-text\">Tomas realizadas por las c\u00e1maras de seguridad<\/figcaption><\/figure>\n<p>Un r\u00e1pido y efectivo accionar de la Polic\u00eda Comunal en conjunto con el Centro Operativo de Monitoreo de la Municipalidad de Mercedes logr\u00f3 que se concrete la detenci\u00f3n de un masculino que intent\u00f3 estafar a dos familias de nuestra ciudad bajo la modalidad del \u201cCuento del T\u00edo\u201d. Con los primeros datos recabados iniciaron la pesquisa por las c\u00e1maras identificando al que luego termin\u00f3 bajo la \u00f3rbita policial y ahora a disposici\u00f3n de la justicia. El Director de Seguridad, Esteban Rossi, confirm\u00f3 el hecho y remarc\u00f3 la importancia \u201cdel trabajo en conjunto realizado\u201d<\/p>\n<figure id=\"attachment_58818\" aria-describedby=\"caption-attachment-58818\" style=\"width: 610px\" class=\"wp-caption aligncenter\"><img loading=\"lazy\" decoding=\"async\" data-attachment-id=\"58818\" data-permalink=\"https:\/\/www.hoymercedes.com.ar\/principal\/2017\/01\/10\/policia-comunal-y-camaras-de-monitoreo-de-mercedes-logran-detencion-de-estafadores\/auto-camarasdeseguridad-2\/#main\" data-orig-file=\"https:\/\/www.hoymercedes.com.ar\/principal\/wp-content\/uploads\/2017\/01\/auto-camarasdeseguridad-2.jpg\" data-orig-size=\"620,372\" data-comments-opened=\"0\" data-image-meta=\"{&quot;aperture&quot;:&quot;0&quot;,&quot;credit&quot;:&quot;&quot;,&quot;camera&quot;:&quot;&quot;,&quot;caption&quot;:&quot;&quot;,&quot;created_timestamp&quot;:&quot;0&quot;,&quot;copyright&quot;:&quot;&quot;,&quot;focal_length&quot;:&quot;0&quot;,&quot;iso&quot;:&quot;0&quot;,&quot;shutter_speed&quot;:&quot;0&quot;,&quot;title&quot;:&quot;&quot;,&quot;orientation&quot;:&quot;0&quot;}\" data-image-title=\"auto-camarasdeseguridad-2\" data-image-description=\"\" data-image-caption=\"\" data-large-file=\"https:\/\/www.hoymercedes.com.ar\/principal\/wp-content\/uploads\/2017\/01\/auto-camarasdeseguridad-2.jpg\" class=\"wp-image-58818 size-full\" src=\"https:\/\/www.hoymercedes.com.ar\/principal\/wp-content\/uploads\/2017\/01\/auto-camarasdeseguridad-2.jpg\" width=\"620\" height=\"372\" srcset=\"https:\/\/www.hoymercedes.com.ar\/principal\/wp-content\/uploads\/2017\/01\/auto-camarasdeseguridad-2.jpg 620w, https:\/\/www.hoymercedes.com.ar\/principal\/wp-content\/uploads\/2017\/01\/auto-camarasdeseguridad-2-150x90.jpg 150w\" sizes=\"auto, (max-width: 620px) 100vw, 620px\" \/><figcaption id=\"caption-attachment-58818\" class=\"wp-caption-text\">Tomas realizadas por las c\u00e1maras de seguridad de la Municipalidad<\/figcaption><\/figure>\n<p>\u201cEntendemos el hecho se logr\u00f3 r\u00e1pidamente esclarecer y detener al sindicado como autor del intento de estafa por varios motivos. Por un lado el aviso oportuno de los vecinos y la puesta en marcha de todo el operativo de la Polic\u00eda Local, el Centro de Monitoreo de nuestra Comuna y tambi\u00e9n, debemos decir, que desde hace meses venimos con una campa\u00f1a en este sentido, tratando de que los vecinos de nuestra ciudad est\u00e9n alerta sobre esta modalidad de delitos\u201d, narr\u00f3 Esteban Rossi, responsable de la cartera de seguridad local.<\/p>\n<p>El primero de los casos se dio en calle 63 a la altura del 1500 cuando una mujer, llamada Roxana, da el alerta luego de que un hombre intenta hacerse pasar por el hijo dici\u00e9ndole que le iban a cambiar unos billetes y que en quince minutos estar\u00edan en el lugar para efectuar la transacci\u00f3n. El segundo caso se da en 52 y 17 donde nuevamente se hacen pasar por un familiar, en este caso un nieto, que hab\u00eda tenido un problema e iba a pasar a buscar la jubilaci\u00f3n y el dinero que tuviera en la vivienda para poder actuar seg\u00fan la trampa esgrimida.<\/p>\n<p>Los llamados pusieron en movimiento a la Polic\u00eda Local y el Centro Operativo de Monitoreo que logr\u00f3 identificar con los datos que ten\u00eda un Volkswagen voyage con patente nueva que por la avenida 40 rumbo a Luj\u00e1n. Es as\u00ed que se inicia un r\u00e1pido operativo cerrojo y es as\u00ed que se logr\u00f3 detectar en la vecina ciudad con todos los datos que desde Mercedes brindaron las \u00e1reas de seguridad involucradas y con los patrulleros sigui\u00e9ndole los talones.<\/p>\n<p>\u201cLa modalidad es una que ha azotado la regi\u00f3n en el \u00faltimo tiempo, en Mercedes, los \u00faltimos casos los hemos logrado r\u00e1pidamente detener y evitarlos, pero, como siempre decimos, es muy importante la poblaci\u00f3n est\u00e9 atenta y ante la menor duda se comunique con la Polic\u00eda al 911 o con nuestro Centro de Monitoreo al 147\u201d, remarc\u00f3 Rossi.<\/p>\n<p>Las familias no fueron econ\u00f3micamente afectadas y los dos masculinos ya est\u00e1 detenido y a instancias de la justicia del Departamento Judicial Mercedes gracias a la r\u00e1pida acci\u00f3n conjunta y coordinada que se despleg\u00f3 durante la ma\u00f1ana de \u00e9ste martes.<\/p>\n","protected":false},"excerpt":{"rendered":"<p>Un r\u00e1pido y efectivo accionar de la Polic\u00eda Comunal en conjunto con el Centro Operativo de Monitoreo de la Municipalidad &#8230; <a title=\"Polic\u00eda Comunal y C\u00e1maras de Monitoreo de Mercedes logran detenci\u00f3n de estafadores\" class=\"read-more\" href=\"https:\/\/www.hoymercedes.com.ar\/principal\/2017\/01\/10\/policia-comunal-y-camaras-de-monitoreo-de-mercedes-logran-detencion-de-estafadores\/\" aria-label=\"Leer m\u00e1s sobre Polic\u00eda Comunal y C\u00e1maras de Monitoreo de Mercedes logran detenci\u00f3n de estafadores\">Leer m\u00e1s<\/a><\/p>\n","protected":false},"author":1,"featured_media":58818,"comment_status":"closed","ping_status":"open","sticky":false,"template":"","format":"standard","meta":{"_monsterinsights_skip_tracking":false,"_monsterinsights_sitenote_active":false,"_monsterinsights_sitenote_note":"","_monsterinsights_sitenote_category":0,"jetpack_post_was_ever_published":false,"_jetpack_newsletter_access":"","_jetpack_dont_email_post_to_subs":false,"_jetpack_newsletter_tier_id":0,"_jetpack_memberships_contains_paywalled_content":false,"_jetpack_memberships_contains_paid_content":false,"footnotes":"","jetpack_publicize_message":"","jetpack_publicize_feature_enabled":true,"jetpack_social_post_already_shared":true,"jetpack_social_options":{"image_generator_settings":{"template":"highway","default_image_id":0,"font":"","enabled":false},"version":2},"_wpas_customize_per_network":false},"categories":[85],"tags":[3761,5766],"class_list":["post-58816","post","type-post","status-publish","format-standard","has-post-thumbnail","hentry","category-policial","tag-cuento-del-tio","tag-policia-comunal","generate-columns","tablet-grid-50","mobile-grid-100","grid-parent","grid-50"],"jetpack_publicize_connections":[],"jetpack_featured_media_url":"https:\/\/www.hoymercedes.com.ar\/principal\/wp-content\/uploads\/2017\/01\/auto-camarasdeseguridad-2.jpg","wps_subtitle":"Cuento del tio","jetpack_sharing_enabled":true,"_links":{"self":[{"href":"https:\/\/www.hoymercedes.com.ar\/principal\/wp-json\/wp\/v2\/posts\/58816","targetHints":{"allow":["GET"]}}],"collection":[{"href":"https:\/\/www.hoymercedes.com.ar\/principal\/wp-json\/wp\/v2\/posts"}],"about":[{"href":"https:\/\/www.hoymercedes.com.ar\/principal\/wp-json\/wp\/v2\/types\/post"}],"author":[{"embeddable":true,"href":"https:\/\/www.hoymercedes.com.ar\/principal\/wp-json\/wp\/v2\/users\/1"}],"replies":[{"embeddable":true,"href":"https:\/\/www.hoymercedes.com.ar\/principal\/wp-json\/wp\/v2\/comments?post=58816"}],"version-history":[{"count":0,"href":"https:\/\/www.hoymercedes.com.ar\/principal\/wp-json\/wp\/v2\/posts\/58816\/revisions"}],"wp:featuredmedia":[{"embeddable":true,"href":"https:\/\/www.hoymercedes.com.ar\/principal\/wp-json\/wp\/v2\/media\/58818"}],"wp:attachment":[{"href":"https:\/\/www.hoymercedes.com.ar\/principal\/wp-json\/wp\/v2\/media?parent=58816"}],"wp:term":[{"taxonomy":"category","embeddable":true,"href":"https:\/\/www.hoymercedes.com.ar\/principal\/wp-json\/wp\/v2\/categories?post=58816"},{"taxonomy":"post_tag","embeddable":true,"href":"https:\/\/www.hoymercedes.com.ar\/principal\/wp-json\/wp\/v2\/tags?post=58816"}],"curies":[{"name":"wp","href":"https:\/\/api.w.org\/{rel}","templated":true}]}}