{"id":58820,"date":"2017-01-11T14:07:54","date_gmt":"2017-01-11T17:07:54","guid":{"rendered":"http:\/\/www.hoymercedes.com.ar\/principal\/?p=58820"},"modified":"2017-01-12T17:58:18","modified_gmt":"2017-01-12T20:58:18","slug":"los-rivales-zaratenos-de-comunicaciones-se-preparan-para-el-debut","status":"publish","type":"post","link":"https:\/\/www.hoymercedes.com.ar\/principal\/2017\/01\/11\/los-rivales-zaratenos-de-comunicaciones-se-preparan-para-el-debut\/","title":{"rendered":"Los rivales zarate\u00f1os de Comunicaciones se preparan para el debut"},"content":{"rendered":"<p><em><strong>Cuando se conoci\u00f3 el grupo de Comunicaciones para su primera participaci\u00f3n en un torneo regional, Julio Torres, entrenador del cartero, se\u00f1al\u00f3 que si bien no conoc\u00edan a los rivales, como tampoco los contrincantes a su equipo, los equipos de Z\u00e1rate que le tocar\u00e1n enfrentar no eran los m\u00e1s fuertes de los seis que participar\u00e1n en esta edici\u00f3n del Federaci\u00f3n Norte.<\/strong><\/em><\/p>\n<p><img loading=\"lazy\" decoding=\"async\" data-attachment-id=\"58827\" data-permalink=\"https:\/\/www.hoymercedes.com.ar\/principal\/2017\/01\/11\/los-rivales-zaratenos-de-comunicaciones-se-preparan-para-el-debut\/ferroviarios-zarate\/#main\" data-orig-file=\"https:\/\/www.hoymercedes.com.ar\/principal\/wp-content\/uploads\/2017\/01\/Ferroviarios-Zarate.jpg\" data-orig-size=\"567,444\" data-comments-opened=\"0\" data-image-meta=\"{&quot;aperture&quot;:&quot;0&quot;,&quot;credit&quot;:&quot;&quot;,&quot;camera&quot;:&quot;&quot;,&quot;caption&quot;:&quot;&quot;,&quot;created_timestamp&quot;:&quot;0&quot;,&quot;copyright&quot;:&quot;&quot;,&quot;focal_length&quot;:&quot;0&quot;,&quot;iso&quot;:&quot;0&quot;,&quot;shutter_speed&quot;:&quot;0&quot;,&quot;title&quot;:&quot;&quot;,&quot;orientation&quot;:&quot;0&quot;}\" data-image-title=\"Ferroviarios Zarate\" data-image-description=\"\" data-image-caption=\"\" data-large-file=\"https:\/\/www.hoymercedes.com.ar\/principal\/wp-content\/uploads\/2017\/01\/Ferroviarios-Zarate.jpg\" class=\"aligncenter size-full wp-image-58827\" src=\"https:\/\/www.hoymercedes.com.ar\/principal\/wp-content\/uploads\/2017\/01\/Ferroviarios-Zarate.jpg\" alt=\"\" width=\"567\" height=\"444\" srcset=\"https:\/\/www.hoymercedes.com.ar\/principal\/wp-content\/uploads\/2017\/01\/Ferroviarios-Zarate.jpg 567w, https:\/\/www.hoymercedes.com.ar\/principal\/wp-content\/uploads\/2017\/01\/Ferroviarios-Zarate-150x117.jpg 150w\" sizes=\"auto, (max-width: 567px) 100vw, 567px\" \/><\/p>\n<p>Si bien debutar\u00e1 con Rivadavia de San Antonio de Areco, que tendr\u00e1 en sus filas a Joaqu\u00edn Hern\u00e1ndez, delantero goleador que supo jugar hace dos temporadas en El Front\u00f3n, los otros dos rivales que tendr\u00e1 ser\u00e1n Ferroviaros y Defensores de Estrada de la ciudad de Z\u00e1rate.<\/p>\n<p>En cuanto al cuadro ferroviario, lleg\u00f3 a las semifinales del Clausura pasado perdiendo con Sarmiento por 1 a 0, a la postre campe\u00f3n. Tiene un plantel joven, con pocos refuerzos y sin tanto roce regional. Como local juega en su propia cancha, ubicada en el Barrio Estaci\u00f3n y su camiseta es roja y verde. Es un club tradicional de la Liga de Z\u00e1rate pero no sale campe\u00f3n desde 1995.\u00a0El t\u00e9cnico de Ferro es Juan Malarino, era jugador hasta el 2015 y se retiro para dirigir todo el 2016.<\/p>\n<p>Por su parte, Defensores de Estrada, es un club del barrio Villa Angus, uno de los m\u00e1s populosos de Z\u00e1rate, pero de menor relevancia que Estrada FC, conocido por la \u00faltima final del Tres Ligas que jug\u00f3 en Primera Divisi\u00f3n ante Club Mercedes en 2011. Seg\u00fan informaron a Hoy Mercedes, jugar\u00e1 el Federaci\u00f3n Norte sin demasiadas aspiraciones y lo har\u00e1 con jugadores j\u00f3venes del club. Su entrenador es Jorge Bartolini, sus colores son el rojo y azul, no tiene cancha propia y ser\u00e1 local en la de Central Buenos Aires, donde se jug\u00f3 aqu\u00e9lla final de 2011 que termin\u00f3 a los piedrazos.<\/p>\n<p>Como Belgrano y Sarmiento jugar\u00e1n el Federal C y otros seis lo har\u00e1n en el Federaci\u00f3n Norte, los mejores jugadores se fueron a jugar para estos primeros dos clubes y los que contrataron mejor para la Copa de Clubes fueron Lima y Social Obrero.<\/p>\n","protected":false},"excerpt":{"rendered":"<p>Cuando se conoci\u00f3 el grupo de Comunicaciones para su primera participaci\u00f3n en un torneo regional, Julio Torres, entrenador del cartero, &#8230; <a title=\"Los rivales zarate\u00f1os de Comunicaciones se preparan para el debut\" class=\"read-more\" href=\"https:\/\/www.hoymercedes.com.ar\/principal\/2017\/01\/11\/los-rivales-zaratenos-de-comunicaciones-se-preparan-para-el-debut\/\" aria-label=\"Leer m\u00e1s sobre Los rivales zarate\u00f1os de Comunicaciones se preparan para el debut\">Leer m\u00e1s<\/a><\/p>\n","protected":false},"author":1,"featured_media":58827,"comment_status":"closed","ping_status":"open","sticky":false,"template":"","format":"standard","meta":{"_monsterinsights_skip_tracking":false,"_monsterinsights_sitenote_active":false,"_monsterinsights_sitenote_note":"","_monsterinsights_sitenote_category":0,"jetpack_post_was_ever_published":false,"_jetpack_newsletter_access":"","_jetpack_dont_email_post_to_subs":false,"_jetpack_newsletter_tier_id":0,"_jetpack_memberships_contains_paywalled_content":false,"_jetpack_memberships_contains_paid_content":false,"footnotes":"","jetpack_publicize_message":"","jetpack_publicize_feature_enabled":true,"jetpack_social_post_already_shared":true,"jetpack_social_options":{"image_generator_settings":{"template":"highway","default_image_id":0,"font":"","enabled":false},"version":2},"_wpas_customize_per_network":false},"categories":[21],"tags":[2253,204,8426,1003],"class_list":["post-58820","post","type-post","status-publish","format-standard","has-post-thumbnail","hentry","category-deportes","tag-comunicaciones","tag-deportes-2","tag-federacion-norte","tag-futbol","generate-columns","tablet-grid-50","mobile-grid-100","grid-parent","grid-50"],"jetpack_publicize_connections":[],"jetpack_featured_media_url":"https:\/\/www.hoymercedes.com.ar\/principal\/wp-content\/uploads\/2017\/01\/Ferroviarios-Zarate.jpg","wps_subtitle":"Federaci\u00f3n Norte","jetpack_sharing_enabled":true,"_links":{"self":[{"href":"https:\/\/www.hoymercedes.com.ar\/principal\/wp-json\/wp\/v2\/posts\/58820","targetHints":{"allow":["GET"]}}],"collection":[{"href":"https:\/\/www.hoymercedes.com.ar\/principal\/wp-json\/wp\/v2\/posts"}],"about":[{"href":"https:\/\/www.hoymercedes.com.ar\/principal\/wp-json\/wp\/v2\/types\/post"}],"author":[{"embeddable":true,"href":"https:\/\/www.hoymercedes.com.ar\/principal\/wp-json\/wp\/v2\/users\/1"}],"replies":[{"embeddable":true,"href":"https:\/\/www.hoymercedes.com.ar\/principal\/wp-json\/wp\/v2\/comments?post=58820"}],"version-history":[{"count":0,"href":"https:\/\/www.hoymercedes.com.ar\/principal\/wp-json\/wp\/v2\/posts\/58820\/revisions"}],"wp:featuredmedia":[{"embeddable":true,"href":"https:\/\/www.hoymercedes.com.ar\/principal\/wp-json\/wp\/v2\/media\/58827"}],"wp:attachment":[{"href":"https:\/\/www.hoymercedes.com.ar\/principal\/wp-json\/wp\/v2\/media?parent=58820"}],"wp:term":[{"taxonomy":"category","embeddable":true,"href":"https:\/\/www.hoymercedes.com.ar\/principal\/wp-json\/wp\/v2\/categories?post=58820"},{"taxonomy":"post_tag","embeddable":true,"href":"https:\/\/www.hoymercedes.com.ar\/principal\/wp-json\/wp\/v2\/tags?post=58820"}],"curies":[{"name":"wp","href":"https:\/\/api.w.org\/{rel}","templated":true}]}}